{"id":2355,"date":"2008-11-06T16:09:00","date_gmt":"2008-11-06T18:09:00","guid":{"rendered":"https:\/\/abrelivros.org.br\/site\/2008\/11\/06\/minc-quer-livro-sobre-especies-da-fauna-ameacadas-de-extincao-nas-escolas\/"},"modified":"2008-11-06T16:09:00","modified_gmt":"2008-11-06T18:09:00","slug":"minc-quer-livro-sobre-especies-da-fauna-ameacadas-de-extincao-nas-escolas","status":"publish","type":"post","link":"https:\/\/abrelivros.org.br\/site\/minc-quer-livro-sobre-especies-da-fauna-ameacadas-de-extincao-nas-escolas\/","title":{"rendered":"Minc quer livro sobre esp\u00e9cies da fauna amea\u00e7adas de extin\u00e7\u00e3o nas escolas"},"content":{"rendered":"<p>O Livro Vermelho da Fauna Brasileira Amea\u00e7ada de Extin\u00e7\u00e3o, lan\u00e7ado nesta ter\u00e7a-feira (4) pelo MMA, dever\u00e1 chegar a todas as escolas brasileiras, anunciou o ministro Carlos Minc. Na cerim\u00f4nia, realizada na sede da Secretaria de Biodiversidade e Florestas &#8211; 505 Norte -, ele disse que \u201ca nossa garotada conhece a girafa e o elefante, que, ali\u00e1s, s\u00e3o bichos bonitos, mas n\u00e3o conhece os nossos animais\u201c. A obra traz detalhes sobre as 627 esp\u00e9cies que correm o risco de desaparecer. \u00a0<br \/> \u00a0<br \/> O assunto dever\u00e1 fazer parte da pauta de uma reuni\u00e3o, ainda esta semana, entre Minc e o ministro da Educa\u00e7\u00e3o, Fernando Haddad. \u201cNas bibliotecas e na m\u00e3o dos professores, o livro pode ser decisivo para a salva\u00e7\u00e3o dessas esp\u00e9cies\u201c, avalia Minc. Com 1.500 p\u00e1ginas, que mostram onde se encontra, como vive e como \u00e9 popularmente conhecido cada um dos animais, peixes, aves e insetos em perigo, a obra vai chegar primeiro \u00e0s unidades de conserva\u00e7\u00e3o nacionais sob a responsabilidade do Instituto Chico Mendes de Conserva\u00e7\u00e3o da Biodiversidade. \u00a0<br \/> \u00a0<br \/> O ministro ressaltou a import\u00e2ncia da publica\u00e7\u00e3o, lembrando que sua edi\u00e7\u00e3o \u00e9 a continuidade de um trabalho do MMA, que em parceria com a Funda\u00e7\u00e3o Biodiversitas, a Conserva\u00e7\u00e3o Internacional Brasil e a Universidade Federal de Minas Gerais, elaborou uma pesquisa sistem\u00e1tica da maior import\u00e2ncia para a identifica\u00e7\u00e3o das esp\u00e9cies amea\u00e7adas. Cada cidad\u00e3o, em cada munic\u00edpio, ter\u00e1 condi\u00e7\u00f5es de conhecer a biodiversidade \u00e0 sua volta e se engajar na luta para salvar a fauna em risco, espera o ministro. \u201cVoc\u00ea s\u00f3 defende aquilo que voc\u00ea ama e s\u00f3 ama aquilo que voc\u00ea conhece\u201c, analisou. Para Minc, o Livro Vermelho \u00e9 \u201cum chamamento \u00e0 sociedade. \u00c9 um grito. Um basta \u00e0 degrada\u00e7\u00e3o ambiental\u201c. O ministro avalia ser \u201cintoler\u00e1vel\u201c que em nome do progresso se esteja levando um n\u00famero t\u00e3o significativo de esp\u00e9cies \u00e0 extin\u00e7\u00e3o. \u201cEsta lista \u00e9 um tapa na cara pelo modo irrespons\u00e1vel de produzir\u201c, alertou.\u00a0<br \/> \u00a0<br \/> A pesquisa que resultou no livro acabou por introduzir esp\u00e9cies novas na lista de risco e tamb\u00e9m retirar dele algumas que deixaram a situa\u00e7\u00e3o de risco. As principais causas apontadas para o aumento de 217 para 627 esp\u00e9cies em extin\u00e7\u00e3o s\u00e3o o desmatamento, o tr\u00e1fico de animais silvestres e a degrada\u00e7\u00e3o ambiental. Novos dados foram introduzidos pelos pesquisadores, principalmente sobre os peixes e insetos, contribuindo para ampliar a lista. Minc lembrou uma s\u00e9rie de medidas que o MMA vem tomando para diminuir o impacto da ocupa\u00e7\u00e3o humana sobre as esp\u00e9cies amea\u00e7adas. \u00a0<br \/> \u00a0<br \/> As iniciativas v\u00e3o desde o investimento na infra-estrutura dos parques nacionais at\u00e9 a cria\u00e7\u00e3o de outros em \u00e1reas onde esp\u00e9cies da fauna e da flora correm risco de ser extintas at\u00e9 a contrata\u00e7\u00e3o anunciada de tr\u00eas mil novos fiscais, com o objetivo de coibir e combater os crimes ambientais. \u201cMas n\u00e3o pensem que isso \u00e9 f\u00e1cil, pois n\u00e3o basta chegar para o presidente Lula e dizer para ele assinar um decreto\u201c, disse Minc. \u00a0<br \/> \u00a0<br \/> O ministro enfatizou que ao criar unidades de conserva\u00e7\u00e3o \u00e9 preciso dot\u00e1-las de uma infra-estrutura eficiente e um conjunto de medidas, como corredores ecol\u00f3gicos, capazes de auxiliar na preserva\u00e7\u00e3o das esp\u00e9cies. Por isso, o MMA est\u00e1 preparando um plano de manejo para 40 unidades de conserva\u00e7\u00e3o e est\u00e1 buscando parcerias com empresas para que elas \u201cadotem\u201c um parque ou assumam os custos necess\u00e1rios para ajudar a tirar uma das esp\u00e9cies da lista. Lembrou que salvar um animal da extin\u00e7\u00e3o implica em um trabalho de pesquisa de campo, interfer\u00eancia no ambiente e em seu entorno para proporcionar condi\u00e7\u00f5es de sobreviv\u00eancia e reprodu\u00e7\u00e3o.\u00a0<br \/> \u00a0<br \/> Participaram da cerim\u00f4nia de lan\u00e7amento do Livro Vermelho, al\u00e9m do ministro Carlos Minc, o presidente do Instituto Chico Mendes, R\u00f4mulo Mello, a secret\u00e1ria de Biodiversidade e Florestas, Maria Cecilia Wey de Brito, e representante do Ibama, Jo\u00e3o Pessoa.\u00a0<br \/> \u00a0<\/p>\n","protected":false},"excerpt":{"rendered":"<p>O Livro Vermelho da Fauna Brasileira Amea\u00e7ada de Extin\u00e7\u00e3o, lan\u00e7ado nesta ter\u00e7a-feira (4) pelo MMA, dever\u00e1 chegar a todas as escolas brasileiras, anunciou o ministro Carlos Minc. Na cerim\u00f4nia, realizada na sede da Secretaria de Biodiversidade e Florestas &#8211; 505 Norte -, ele disse que \u201ca nossa garotada conhece a girafa e o elefante, que, [&hellip;]<\/p>\n","protected":false},"author":1,"featured_media":0,"comment_status":"closed","ping_status":"closed","sticky":false,"template":"","format":"standard","meta":{"footnotes":"","_links_to":"","_links_to_target":""},"categories":[9],"tags":[],"class_list":["post-2355","post","type-post","status-publish","format-standard","hentry","category-noticias-da-imprensa"],"yoast_head":"<!-- This site is optimized with the Yoast SEO plugin v15.1 - https:\/\/yoast.com\/wordpress\/plugins\/seo\/ -->\n<title>Minc quer livro sobre esp\u00e9cies da fauna amea\u00e7adas de extin\u00e7\u00e3o nas escolas &raquo; Abrelivros<\/title>\n<meta name=\"robots\" content=\"index, follow, max-snippet:-1, max-image-preview:large, max-video-preview:-1\" \/>\n<link rel=\"canonical\" href=\"https:\/\/abrelivros.org.br\/site\/minc-quer-livro-sobre-especies-da-fauna-ameacadas-de-extincao-nas-escolas\/\" \/>\n<meta property=\"og:locale\" content=\"pt_BR\" \/>\n<meta property=\"og:type\" content=\"article\" \/>\n<meta property=\"og:title\" content=\"Minc quer livro sobre esp\u00e9cies da fauna amea\u00e7adas de extin\u00e7\u00e3o nas escolas &raquo; Abrelivros\" \/>\n<meta property=\"og:description\" content=\"O Livro Vermelho da Fauna Brasileira Amea\u00e7ada de Extin\u00e7\u00e3o, lan\u00e7ado nesta ter\u00e7a-feira (4) pelo MMA, dever\u00e1 chegar a todas as escolas brasileiras, anunciou o ministro Carlos Minc. Na cerim\u00f4nia, realizada na sede da Secretaria de Biodiversidade e Florestas &#8211; 505 Norte -, ele disse que \u201ca nossa garotada conhece a girafa e o elefante, que, [&hellip;]\" \/>\n<meta property=\"og:url\" content=\"https:\/\/abrelivros.org.br\/site\/minc-quer-livro-sobre-especies-da-fauna-ameacadas-de-extincao-nas-escolas\/\" \/>\n<meta property=\"og:site_name\" content=\"Abrelivros\" \/>\n<meta property=\"article:published_time\" content=\"2008-11-06T18:09:00+00:00\" \/>\n<meta name=\"twitter:card\" content=\"summary_large_image\" \/>\n<script type=\"application\/ld+json\" class=\"yoast-schema-graph\">{\"@context\":\"https:\/\/schema.org\",\"@graph\":[{\"@type\":\"WebSite\",\"@id\":\"https:\/\/abrelivros.org.br\/site\/#website\",\"url\":\"https:\/\/abrelivros.org.br\/site\/\",\"name\":\"Abrelivros\",\"description\":\"\",\"potentialAction\":[{\"@type\":\"SearchAction\",\"target\":\"https:\/\/abrelivros.org.br\/site\/?s={search_term_string}\",\"query-input\":\"required name=search_term_string\"}],\"inLanguage\":\"pt-BR\"},{\"@type\":\"WebPage\",\"@id\":\"https:\/\/abrelivros.org.br\/site\/minc-quer-livro-sobre-especies-da-fauna-ameacadas-de-extincao-nas-escolas\/#webpage\",\"url\":\"https:\/\/abrelivros.org.br\/site\/minc-quer-livro-sobre-especies-da-fauna-ameacadas-de-extincao-nas-escolas\/\",\"name\":\"Minc quer livro sobre esp\\u00e9cies da fauna amea\\u00e7adas de extin\\u00e7\\u00e3o nas escolas &raquo; Abrelivros\",\"isPartOf\":{\"@id\":\"https:\/\/abrelivros.org.br\/site\/#website\"},\"datePublished\":\"2008-11-06T18:09:00+00:00\",\"dateModified\":\"2008-11-06T18:09:00+00:00\",\"author\":{\"@id\":\"https:\/\/abrelivros.org.br\/site\/#\/schema\/person\/2b867f13a717bb230f1a3555505f5593\"},\"breadcrumb\":{\"@id\":\"https:\/\/abrelivros.org.br\/site\/minc-quer-livro-sobre-especies-da-fauna-ameacadas-de-extincao-nas-escolas\/#breadcrumb\"},\"inLanguage\":\"pt-BR\",\"potentialAction\":[{\"@type\":\"ReadAction\",\"target\":[\"https:\/\/abrelivros.org.br\/site\/minc-quer-livro-sobre-especies-da-fauna-ameacadas-de-extincao-nas-escolas\/\"]}]},{\"@type\":\"BreadcrumbList\",\"@id\":\"https:\/\/abrelivros.org.br\/site\/minc-quer-livro-sobre-especies-da-fauna-ameacadas-de-extincao-nas-escolas\/#breadcrumb\",\"itemListElement\":[{\"@type\":\"ListItem\",\"position\":1,\"item\":{\"@type\":\"WebPage\",\"@id\":\"https:\/\/abrelivros.org.br\/site\/\",\"url\":\"https:\/\/abrelivros.org.br\/site\/\",\"name\":\"In\\u00edcio\"}},{\"@type\":\"ListItem\",\"position\":2,\"item\":{\"@type\":\"WebPage\",\"@id\":\"https:\/\/abrelivros.org.br\/site\/category\/noticias\/\",\"url\":\"https:\/\/abrelivros.org.br\/site\/category\/noticias\/\",\"name\":\"Not\\u00edcias\"}},{\"@type\":\"ListItem\",\"position\":3,\"item\":{\"@type\":\"WebPage\",\"@id\":\"https:\/\/abrelivros.org.br\/site\/category\/noticias\/noticias-da-imprensa\/\",\"url\":\"https:\/\/abrelivros.org.br\/site\/category\/noticias\/noticias-da-imprensa\/\",\"name\":\"Not\\u00edcias da imprensa\"}},{\"@type\":\"ListItem\",\"position\":4,\"item\":{\"@type\":\"WebPage\",\"@id\":\"https:\/\/abrelivros.org.br\/site\/minc-quer-livro-sobre-especies-da-fauna-ameacadas-de-extincao-nas-escolas\/\",\"url\":\"https:\/\/abrelivros.org.br\/site\/minc-quer-livro-sobre-especies-da-fauna-ameacadas-de-extincao-nas-escolas\/\",\"name\":\"Minc quer livro sobre esp\\u00e9cies da fauna amea\\u00e7adas de extin\\u00e7\\u00e3o nas escolas\"}}]},{\"@type\":\"Person\",\"@id\":\"https:\/\/abrelivros.org.br\/site\/#\/schema\/person\/2b867f13a717bb230f1a3555505f5593\",\"name\":\"\\u00a0\",\"image\":{\"@type\":\"ImageObject\",\"@id\":\"https:\/\/abrelivros.org.br\/site\/#personlogo\",\"inLanguage\":\"pt-BR\",\"url\":\"https:\/\/secure.gravatar.com\/avatar\/e80b7f5231be2fff5040a8023da424898002831c5439420df182ae62676d2a6f?s=96&d=mm&r=g\",\"caption\":\"\\u00a0\"}}]}<\/script>\n<!-- \/ Yoast SEO plugin. -->","_links":{"self":[{"href":"https:\/\/abrelivros.org.br\/site\/wp-json\/wp\/v2\/posts\/2355","targetHints":{"allow":["GET"]}}],"collection":[{"href":"https:\/\/abrelivros.org.br\/site\/wp-json\/wp\/v2\/posts"}],"about":[{"href":"https:\/\/abrelivros.org.br\/site\/wp-json\/wp\/v2\/types\/post"}],"author":[{"embeddable":true,"href":"https:\/\/abrelivros.org.br\/site\/wp-json\/wp\/v2\/users\/1"}],"replies":[{"embeddable":true,"href":"https:\/\/abrelivros.org.br\/site\/wp-json\/wp\/v2\/comments?post=2355"}],"version-history":[{"count":0,"href":"https:\/\/abrelivros.org.br\/site\/wp-json\/wp\/v2\/posts\/2355\/revisions"}],"wp:attachment":[{"href":"https:\/\/abrelivros.org.br\/site\/wp-json\/wp\/v2\/media?parent=2355"}],"wp:term":[{"taxonomy":"category","embeddable":true,"href":"https:\/\/abrelivros.org.br\/site\/wp-json\/wp\/v2\/categories?post=2355"},{"taxonomy":"post_tag","embeddable":true,"href":"https:\/\/abrelivros.org.br\/site\/wp-json\/wp\/v2\/tags?post=2355"}],"curies":[{"name":"wp","href":"https:\/\/api.w.org\/{rel}","templated":true}]}}