{"id":2354,"date":"2008-11-07T10:29:00","date_gmt":"2008-11-07T12:29:00","guid":{"rendered":"https:\/\/abrelivros.org.br\/site\/2008\/11\/07\/mec-lanca-mapa-da-educacao-brasileira\/"},"modified":"2008-11-07T10:29:00","modified_gmt":"2008-11-07T12:29:00","slug":"mec-lanca-mapa-da-educacao-brasileira","status":"publish","type":"post","link":"https:\/\/abrelivros.org.br\/site\/mec-lanca-mapa-da-educacao-brasileira\/","title":{"rendered":"MEC lan\u00e7a mapa da educa\u00e7\u00e3o brasileira"},"content":{"rendered":"<p>Agora, qualquer cidad\u00e3o brasileiro pode saber como anda a educa\u00e7\u00e3o em seu munic\u00edpio. Qual o valor dos repasses para a merenda escolar de sua cidade? Qual \u00e9 a nota do \u00cdndice de Desenvolvimento da Educa\u00e7\u00e3o B\u00e1sica (Ideb)? H\u00e1 creches p\u00fablicas? Quantos alunos est\u00e3o matriculados nas escolas? As respostas para estas ou qualquer outra pergunta podem ser encontradas no Novo Mapa da Educa\u00e7\u00e3o Brasileira. \u00a0<br \/> \u00a0<br \/> Prefeitos, secret\u00e1rios, professores, pais, alunos&#8230; Quem se interessa pelo assunto pode conferir a situa\u00e7\u00e3o atual, avan\u00e7os e necessidades de seu estado e munic\u00edpio. Todos os dados sobre a educa\u00e7\u00e3o no Brasil foram reunidos em um s\u00f3 lugar. Assim, ficou mais f\u00e1cil e r\u00e1pido acompanhar os progressos do Plano de Desenvolvimento da Educa\u00e7\u00e3o (PDE). \u00a0<br \/> \u00a0<br \/> Com informa\u00e7\u00f5es claras e acess\u00edveis, o novo mapa \u00e9 mais uma ferramenta a ser utilizada para que o pa\u00eds alcance sua principal meta: \u00edndices educacionais compat\u00edveis com os pa\u00edses desenvolvidos. O prazo para isso \u00e9 2022, ano do bicenten\u00e1rio da Independ\u00eancia. A mensagem \u00e9 clara: n\u00e3o existe independ\u00eancia sem educa\u00e7\u00e3o de qualidade para todos. \u00a0<br \/> \u00a0<br \/> Selecione seu Estado e munic\u00edpio e confira:\u00a0<a href=\"http:\/\/mapas.mec.gov.br\/\" target=\"_blank\" rel=\"noopener noreferrer\">http:\/\/mapas.mec.gov.br\/<\/a><br \/> \u00a0<br \/> \u00a0<\/p>\n","protected":false},"excerpt":{"rendered":"<p>Agora, qualquer cidad\u00e3o brasileiro pode saber como anda a educa\u00e7\u00e3o em seu munic\u00edpio. Qual o valor dos repasses para a merenda escolar de sua cidade? Qual \u00e9 a nota do \u00cdndice de Desenvolvimento da Educa\u00e7\u00e3o B\u00e1sica (Ideb)? H\u00e1 creches p\u00fablicas? Quantos alunos est\u00e3o matriculados nas escolas? As respostas para estas ou qualquer outra pergunta podem [&hellip;]<\/p>\n","protected":false},"author":1,"featured_media":0,"comment_status":"closed","ping_status":"closed","sticky":false,"template":"","format":"standard","meta":{"footnotes":"","_links_to":"","_links_to_target":""},"categories":[9],"tags":[],"class_list":["post-2354","post","type-post","status-publish","format-standard","hentry","category-noticias-da-imprensa"],"yoast_head":"<!-- This site is optimized with the Yoast SEO plugin v15.1 - https:\/\/yoast.com\/wordpress\/plugins\/seo\/ -->\n<title>MEC lan\u00e7a mapa da educa\u00e7\u00e3o brasileira &raquo; Abrelivros<\/title>\n<meta name=\"robots\" content=\"index, follow, max-snippet:-1, max-image-preview:large, max-video-preview:-1\" \/>\n<link rel=\"canonical\" href=\"https:\/\/abrelivros.org.br\/site\/mec-lanca-mapa-da-educacao-brasileira\/\" \/>\n<meta property=\"og:locale\" content=\"pt_BR\" \/>\n<meta property=\"og:type\" content=\"article\" \/>\n<meta property=\"og:title\" content=\"MEC lan\u00e7a mapa da educa\u00e7\u00e3o brasileira &raquo; Abrelivros\" \/>\n<meta property=\"og:description\" content=\"Agora, qualquer cidad\u00e3o brasileiro pode saber como anda a educa\u00e7\u00e3o em seu munic\u00edpio. Qual o valor dos repasses para a merenda escolar de sua cidade? Qual \u00e9 a nota do \u00cdndice de Desenvolvimento da Educa\u00e7\u00e3o B\u00e1sica (Ideb)? H\u00e1 creches p\u00fablicas? Quantos alunos est\u00e3o matriculados nas escolas? As respostas para estas ou qualquer outra pergunta podem [&hellip;]\" \/>\n<meta property=\"og:url\" content=\"https:\/\/abrelivros.org.br\/site\/mec-lanca-mapa-da-educacao-brasileira\/\" \/>\n<meta property=\"og:site_name\" content=\"Abrelivros\" \/>\n<meta property=\"article:published_time\" content=\"2008-11-07T12:29:00+00:00\" \/>\n<meta name=\"twitter:card\" content=\"summary_large_image\" \/>\n<script type=\"application\/ld+json\" class=\"yoast-schema-graph\">{\"@context\":\"https:\/\/schema.org\",\"@graph\":[{\"@type\":\"WebSite\",\"@id\":\"https:\/\/abrelivros.org.br\/site\/#website\",\"url\":\"https:\/\/abrelivros.org.br\/site\/\",\"name\":\"Abrelivros\",\"description\":\"\",\"potentialAction\":[{\"@type\":\"SearchAction\",\"target\":\"https:\/\/abrelivros.org.br\/site\/?s={search_term_string}\",\"query-input\":\"required name=search_term_string\"}],\"inLanguage\":\"pt-BR\"},{\"@type\":\"WebPage\",\"@id\":\"https:\/\/abrelivros.org.br\/site\/mec-lanca-mapa-da-educacao-brasileira\/#webpage\",\"url\":\"https:\/\/abrelivros.org.br\/site\/mec-lanca-mapa-da-educacao-brasileira\/\",\"name\":\"MEC lan\\u00e7a mapa da educa\\u00e7\\u00e3o brasileira &raquo; Abrelivros\",\"isPartOf\":{\"@id\":\"https:\/\/abrelivros.org.br\/site\/#website\"},\"datePublished\":\"2008-11-07T12:29:00+00:00\",\"dateModified\":\"2008-11-07T12:29:00+00:00\",\"author\":{\"@id\":\"https:\/\/abrelivros.org.br\/site\/#\/schema\/person\/2b867f13a717bb230f1a3555505f5593\"},\"breadcrumb\":{\"@id\":\"https:\/\/abrelivros.org.br\/site\/mec-lanca-mapa-da-educacao-brasileira\/#breadcrumb\"},\"inLanguage\":\"pt-BR\",\"potentialAction\":[{\"@type\":\"ReadAction\",\"target\":[\"https:\/\/abrelivros.org.br\/site\/mec-lanca-mapa-da-educacao-brasileira\/\"]}]},{\"@type\":\"BreadcrumbList\",\"@id\":\"https:\/\/abrelivros.org.br\/site\/mec-lanca-mapa-da-educacao-brasileira\/#breadcrumb\",\"itemListElement\":[{\"@type\":\"ListItem\",\"position\":1,\"item\":{\"@type\":\"WebPage\",\"@id\":\"https:\/\/abrelivros.org.br\/site\/\",\"url\":\"https:\/\/abrelivros.org.br\/site\/\",\"name\":\"In\\u00edcio\"}},{\"@type\":\"ListItem\",\"position\":2,\"item\":{\"@type\":\"WebPage\",\"@id\":\"https:\/\/abrelivros.org.br\/site\/category\/noticias\/\",\"url\":\"https:\/\/abrelivros.org.br\/site\/category\/noticias\/\",\"name\":\"Not\\u00edcias\"}},{\"@type\":\"ListItem\",\"position\":3,\"item\":{\"@type\":\"WebPage\",\"@id\":\"https:\/\/abrelivros.org.br\/site\/category\/noticias\/noticias-da-imprensa\/\",\"url\":\"https:\/\/abrelivros.org.br\/site\/category\/noticias\/noticias-da-imprensa\/\",\"name\":\"Not\\u00edcias da imprensa\"}},{\"@type\":\"ListItem\",\"position\":4,\"item\":{\"@type\":\"WebPage\",\"@id\":\"https:\/\/abrelivros.org.br\/site\/mec-lanca-mapa-da-educacao-brasileira\/\",\"url\":\"https:\/\/abrelivros.org.br\/site\/mec-lanca-mapa-da-educacao-brasileira\/\",\"name\":\"MEC lan\\u00e7a mapa da educa\\u00e7\\u00e3o brasileira\"}}]},{\"@type\":\"Person\",\"@id\":\"https:\/\/abrelivros.org.br\/site\/#\/schema\/person\/2b867f13a717bb230f1a3555505f5593\",\"name\":\"\\u00a0\",\"image\":{\"@type\":\"ImageObject\",\"@id\":\"https:\/\/abrelivros.org.br\/site\/#personlogo\",\"inLanguage\":\"pt-BR\",\"url\":\"https:\/\/secure.gravatar.com\/avatar\/e80b7f5231be2fff5040a8023da424898002831c5439420df182ae62676d2a6f?s=96&d=mm&r=g\",\"caption\":\"\\u00a0\"}}]}<\/script>\n<!-- \/ Yoast SEO plugin. -->","_links":{"self":[{"href":"https:\/\/abrelivros.org.br\/site\/wp-json\/wp\/v2\/posts\/2354","targetHints":{"allow":["GET"]}}],"collection":[{"href":"https:\/\/abrelivros.org.br\/site\/wp-json\/wp\/v2\/posts"}],"about":[{"href":"https:\/\/abrelivros.org.br\/site\/wp-json\/wp\/v2\/types\/post"}],"author":[{"embeddable":true,"href":"https:\/\/abrelivros.org.br\/site\/wp-json\/wp\/v2\/users\/1"}],"replies":[{"embeddable":true,"href":"https:\/\/abrelivros.org.br\/site\/wp-json\/wp\/v2\/comments?post=2354"}],"version-history":[{"count":0,"href":"https:\/\/abrelivros.org.br\/site\/wp-json\/wp\/v2\/posts\/2354\/revisions"}],"wp:attachment":[{"href":"https:\/\/abrelivros.org.br\/site\/wp-json\/wp\/v2\/media?parent=2354"}],"wp:term":[{"taxonomy":"category","embeddable":true,"href":"https:\/\/abrelivros.org.br\/site\/wp-json\/wp\/v2\/categories?post=2354"},{"taxonomy":"post_tag","embeddable":true,"href":"https:\/\/abrelivros.org.br\/site\/wp-json\/wp\/v2\/tags?post=2354"}],"curies":[{"name":"wp","href":"https:\/\/api.w.org\/{rel}","templated":true}]}}