{"id":2353,"date":"2008-11-07T14:59:00","date_gmt":"2008-11-07T16:59:00","guid":{"rendered":"https:\/\/abrelivros.org.br\/site\/2008\/11\/07\/avanco-nos-niveis-de-leitura\/"},"modified":"2008-11-07T14:59:00","modified_gmt":"2008-11-07T16:59:00","slug":"avanco-nos-niveis-de-leitura","status":"publish","type":"post","link":"https:\/\/abrelivros.org.br\/site\/avanco-nos-niveis-de-leitura\/","title":{"rendered":"Avan\u00e7o nos n\u00edveis de leitura"},"content":{"rendered":"<p>Os alunos do 3\u00b0 ano do ensino fundamental da rede estadual situada em \u00e1reas de alto risco social apresentaram maior incremento m\u00e9dio no desempenho escolar do que os demais estudantes das escolas estaduais. Entre 2006 e 2008, a s\u00e9rie longitudinal do Programa de Avalia\u00e7\u00e3o da Alfabetiza\u00e7\u00e3o (Proalfa), desenvolvido pelo governo do estado, indica que as 503 institui\u00e7\u00f5es mais carentes de Minas, inseridas no projeto Escola Viva, apresentaram quase o dobro do crescimento de alunos com o n\u00edvel recomend\u00e1vel de leitura em rela\u00e7\u00e3o \u00e0s outras 1.947 escolas com alfabetiza\u00e7\u00e3o. \u00a0<\/p>\n<p> Enquanto a profici\u00eancia m\u00e9dia \u2013 a capacidade de leitura \u2013 dos alunos do Escola Viva cresceu em m\u00e9dia 12,91% nos dois \u00faltimos anos, os demais estudantes da rede estadual apresentaram crescimento m\u00e9dio de 11,4% na alfabetiza\u00e7\u00e3o. Segundo a secret\u00e1ria de estado da Educa\u00e7\u00e3o, Vanessa Guimar\u00e3es, o percentual de alunos com n\u00edvel recomend\u00e1vel de leitura do projeto Escola Viva cresceu em 87,91% no per\u00edodo do estudo, diante de um crescimento de 48,87% nas demais unidades do ensino p\u00fablico. \u00a0<\/p>\n<p> Segundo o Proalfa, que procura identificar os n\u00edveis de aprendizagem em rela\u00e7\u00e3o \u00e0 leitura e \u00e0 escrita, 68,4% das crian\u00e7as de 8 anos das escolas integrantes do projeto j\u00e1 l\u00eaem no n\u00edvel recomendado. Esse resultado quase alcan\u00e7a os 72,5% de alunos da rede estadual n\u00e3o situada em \u00e1reas de risco social, que apresentam profici\u00eancia recomendada de leitura. Os dados foram apresentados ontem pela secret\u00e1ria Vanessa Guimar\u00e3es ao governador A\u00e9cio Neves (PSDB). O Projeto Escola Viva, Comunidade Ativa investe em diversas a\u00e7\u00f5es para minimizar as dificuldades enfrentadas pelas crian\u00e7as e comunidades em \u00e1reas de vulnerabilidade social.\u00a0<\/p>\n<p> Segundo o governo do estado, as 503 unidades de ensino do projeto atendem hoje 456 mil crian\u00e7as, em 103 munic\u00edpios. Enquanto 105 dessas escolas ficam na capital, 114 se situam em 15 munic\u00edpios da regi\u00e3o metropolitana e 284 em 87 cidades do interior. \u00a0<\/p>\n<p><B> CRIT\u00c9RIOS<\/B> &#8211; O Proalfa desenvolveu escala que varia de 0 a 1.800 pontos para avalia\u00e7\u00e3o da alfabetiza\u00e7\u00e3o do 2\u00b0 e 4\u00b0 anos do ensino fundamental. A tabela se divide em tr\u00eas faixas de desempenho: baixo (alunos com pontua\u00e7\u00e3o entre 0 e 450); intermedi\u00e1rio (entre 450 e 500 pontos); e recomend\u00e1vel (acima de 500). Nesta \u00faltima categoria, os estudantes s\u00e3o capazes de ler frases e pequenos textos, desenvolvendo habilidades de identifica\u00e7\u00e3o de g\u00eanero, assunto e finalidade. \u00a0<br \/> \u00a0<\/p>\n","protected":false},"excerpt":{"rendered":"<p>Os alunos do 3\u00b0 ano do ensino fundamental da rede estadual situada em \u00e1reas de alto risco social apresentaram maior incremento m\u00e9dio no desempenho escolar do que os demais estudantes das escolas estaduais. Entre 2006 e 2008, a s\u00e9rie longitudinal do Programa de Avalia\u00e7\u00e3o da Alfabetiza\u00e7\u00e3o (Proalfa), desenvolvido pelo governo do estado, indica que as [&hellip;]<\/p>\n","protected":false},"author":1,"featured_media":0,"comment_status":"closed","ping_status":"closed","sticky":false,"template":"","format":"standard","meta":{"footnotes":"","_links_to":"","_links_to_target":""},"categories":[9],"tags":[],"class_list":["post-2353","post","type-post","status-publish","format-standard","hentry","category-noticias-da-imprensa"],"yoast_head":"<!-- This site is optimized with the Yoast SEO plugin v15.1 - https:\/\/yoast.com\/wordpress\/plugins\/seo\/ -->\n<title>Avan\u00e7o nos n\u00edveis de leitura &raquo; Abrelivros<\/title>\n<meta name=\"robots\" content=\"index, follow, max-snippet:-1, max-image-preview:large, max-video-preview:-1\" \/>\n<link rel=\"canonical\" href=\"https:\/\/abrelivros.org.br\/site\/avanco-nos-niveis-de-leitura\/\" \/>\n<meta property=\"og:locale\" content=\"pt_BR\" \/>\n<meta property=\"og:type\" content=\"article\" \/>\n<meta property=\"og:title\" content=\"Avan\u00e7o nos n\u00edveis de leitura &raquo; Abrelivros\" \/>\n<meta property=\"og:description\" content=\"Os alunos do 3\u00b0 ano do ensino fundamental da rede estadual situada em \u00e1reas de alto risco social apresentaram maior incremento m\u00e9dio no desempenho escolar do que os demais estudantes das escolas estaduais. Entre 2006 e 2008, a s\u00e9rie longitudinal do Programa de Avalia\u00e7\u00e3o da Alfabetiza\u00e7\u00e3o (Proalfa), desenvolvido pelo governo do estado, indica que as [&hellip;]\" \/>\n<meta property=\"og:url\" content=\"https:\/\/abrelivros.org.br\/site\/avanco-nos-niveis-de-leitura\/\" \/>\n<meta property=\"og:site_name\" content=\"Abrelivros\" \/>\n<meta property=\"article:published_time\" content=\"2008-11-07T16:59:00+00:00\" \/>\n<meta name=\"twitter:card\" content=\"summary_large_image\" \/>\n<script type=\"application\/ld+json\" class=\"yoast-schema-graph\">{\"@context\":\"https:\/\/schema.org\",\"@graph\":[{\"@type\":\"WebSite\",\"@id\":\"https:\/\/abrelivros.org.br\/site\/#website\",\"url\":\"https:\/\/abrelivros.org.br\/site\/\",\"name\":\"Abrelivros\",\"description\":\"\",\"potentialAction\":[{\"@type\":\"SearchAction\",\"target\":\"https:\/\/abrelivros.org.br\/site\/?s={search_term_string}\",\"query-input\":\"required name=search_term_string\"}],\"inLanguage\":\"pt-BR\"},{\"@type\":\"WebPage\",\"@id\":\"https:\/\/abrelivros.org.br\/site\/avanco-nos-niveis-de-leitura\/#webpage\",\"url\":\"https:\/\/abrelivros.org.br\/site\/avanco-nos-niveis-de-leitura\/\",\"name\":\"Avan\\u00e7o nos n\\u00edveis de leitura &raquo; Abrelivros\",\"isPartOf\":{\"@id\":\"https:\/\/abrelivros.org.br\/site\/#website\"},\"datePublished\":\"2008-11-07T16:59:00+00:00\",\"dateModified\":\"2008-11-07T16:59:00+00:00\",\"author\":{\"@id\":\"https:\/\/abrelivros.org.br\/site\/#\/schema\/person\/2b867f13a717bb230f1a3555505f5593\"},\"breadcrumb\":{\"@id\":\"https:\/\/abrelivros.org.br\/site\/avanco-nos-niveis-de-leitura\/#breadcrumb\"},\"inLanguage\":\"pt-BR\",\"potentialAction\":[{\"@type\":\"ReadAction\",\"target\":[\"https:\/\/abrelivros.org.br\/site\/avanco-nos-niveis-de-leitura\/\"]}]},{\"@type\":\"BreadcrumbList\",\"@id\":\"https:\/\/abrelivros.org.br\/site\/avanco-nos-niveis-de-leitura\/#breadcrumb\",\"itemListElement\":[{\"@type\":\"ListItem\",\"position\":1,\"item\":{\"@type\":\"WebPage\",\"@id\":\"https:\/\/abrelivros.org.br\/site\/\",\"url\":\"https:\/\/abrelivros.org.br\/site\/\",\"name\":\"In\\u00edcio\"}},{\"@type\":\"ListItem\",\"position\":2,\"item\":{\"@type\":\"WebPage\",\"@id\":\"https:\/\/abrelivros.org.br\/site\/category\/noticias\/\",\"url\":\"https:\/\/abrelivros.org.br\/site\/category\/noticias\/\",\"name\":\"Not\\u00edcias\"}},{\"@type\":\"ListItem\",\"position\":3,\"item\":{\"@type\":\"WebPage\",\"@id\":\"https:\/\/abrelivros.org.br\/site\/category\/noticias\/noticias-da-imprensa\/\",\"url\":\"https:\/\/abrelivros.org.br\/site\/category\/noticias\/noticias-da-imprensa\/\",\"name\":\"Not\\u00edcias da imprensa\"}},{\"@type\":\"ListItem\",\"position\":4,\"item\":{\"@type\":\"WebPage\",\"@id\":\"https:\/\/abrelivros.org.br\/site\/avanco-nos-niveis-de-leitura\/\",\"url\":\"https:\/\/abrelivros.org.br\/site\/avanco-nos-niveis-de-leitura\/\",\"name\":\"Avan\\u00e7o nos n\\u00edveis de leitura\"}}]},{\"@type\":\"Person\",\"@id\":\"https:\/\/abrelivros.org.br\/site\/#\/schema\/person\/2b867f13a717bb230f1a3555505f5593\",\"name\":\"\\u00a0\",\"image\":{\"@type\":\"ImageObject\",\"@id\":\"https:\/\/abrelivros.org.br\/site\/#personlogo\",\"inLanguage\":\"pt-BR\",\"url\":\"https:\/\/secure.gravatar.com\/avatar\/e80b7f5231be2fff5040a8023da424898002831c5439420df182ae62676d2a6f?s=96&d=mm&r=g\",\"caption\":\"\\u00a0\"}}]}<\/script>\n<!-- \/ Yoast SEO plugin. -->","_links":{"self":[{"href":"https:\/\/abrelivros.org.br\/site\/wp-json\/wp\/v2\/posts\/2353","targetHints":{"allow":["GET"]}}],"collection":[{"href":"https:\/\/abrelivros.org.br\/site\/wp-json\/wp\/v2\/posts"}],"about":[{"href":"https:\/\/abrelivros.org.br\/site\/wp-json\/wp\/v2\/types\/post"}],"author":[{"embeddable":true,"href":"https:\/\/abrelivros.org.br\/site\/wp-json\/wp\/v2\/users\/1"}],"replies":[{"embeddable":true,"href":"https:\/\/abrelivros.org.br\/site\/wp-json\/wp\/v2\/comments?post=2353"}],"version-history":[{"count":0,"href":"https:\/\/abrelivros.org.br\/site\/wp-json\/wp\/v2\/posts\/2353\/revisions"}],"wp:attachment":[{"href":"https:\/\/abrelivros.org.br\/site\/wp-json\/wp\/v2\/media?parent=2353"}],"wp:term":[{"taxonomy":"category","embeddable":true,"href":"https:\/\/abrelivros.org.br\/site\/wp-json\/wp\/v2\/categories?post=2353"},{"taxonomy":"post_tag","embeddable":true,"href":"https:\/\/abrelivros.org.br\/site\/wp-json\/wp\/v2\/tags?post=2353"}],"curies":[{"name":"wp","href":"https:\/\/api.w.org\/{rel}","templated":true}]}}