{"id":2352,"date":"2008-11-07T15:13:00","date_gmt":"2008-11-07T17:13:00","guid":{"rendered":"https:\/\/abrelivros.org.br\/site\/2008\/11\/07\/a-lista-suja-362-cidades-sem-bibliotecas\/"},"modified":"2008-11-07T15:13:00","modified_gmt":"2008-11-07T17:13:00","slug":"a-lista-suja-362-cidades-sem-bibliotecas","status":"publish","type":"post","link":"https:\/\/abrelivros.org.br\/site\/a-lista-suja-362-cidades-sem-bibliotecas\/","title":{"rendered":"A lista suja: 362 cidades sem bibliotecas"},"content":{"rendered":"<p>Levantamento do Sistema Nacional de Bibliotecas mostra que ainda restam 362 munic\u00edpios que n\u00e3o possuem nenhuma biblioteca p\u00fablica no Brasil (eram 1.300 em 2003). As regi\u00f5es onde a situa\u00e7\u00e3o \u00e9 mais cr\u00edtica s\u00e3o o Nordeste e o Norte, onde, n\u00e3o por coincid\u00eancia, os \u00edndices de leitura, segundo a pesquisa Retratos da Leitura no Brasil, tamb\u00e9m s\u00e3o os mais baixos do Pa\u00eds. O estado em pior situa\u00e7\u00e3o \u00e9 o Piau\u00ed, onde nada menos do que 79 cidades n\u00e3o possuem esse servi\u00e7o p\u00fablico essencial. Em seguida, aparecem a Bahia, com 67; a Para\u00edba, com 48; e o Rio Grande do Norte, com 28 cidades.\u00a0<br \/> \u00a0<br \/> \u00a0<br \/>   \u00a0<br \/><B> Onde ainda faltam bibliotecas\u00a0<br \/><\/B> por Galeno Amorim\u00a0<br \/> \u00a0<br \/> O Amazonas \u00e9 o estado na regi\u00e3o Norte que lidera a lista da falta de bibliotecas: ainda precisa abrir unidades em 24 cidades. Em seguida, aparece, no Centro-Oeste, Goi\u00e1s, com 25 munic\u00edpios sem elas. No Sul, o Rio Grande do Sul, estado conhecido por sua tradi\u00e7\u00e3o leitora, amarga um triste quadro: \u00e9 o \u00fanico estado da regi\u00e3o que ainda n\u00e3o tem bibliotecas em todas as suas cidades (elas inexistem em 13 localidades). No Sudeste, o papel feio fica com S\u00e3o Paulo, onde, segundo a Funda\u00e7\u00e3o Biblioteca Nacional, existem 15 munic\u00edpios sem o equipamento. Ali, Esp\u00edrito Santo e Rio de Janeiro j\u00e1 resolveram esse problema, enquanto que Minas Gerais ainda aparece com 4 cidades sem bibliotecas.\u00a0<br \/> \u00a0<br \/> \u00a0<br \/>   \u00a0<br \/><B> Alguns diziam ter resolvido o problema\u00a0<br \/><\/B> por Galeno Amorim\u00a0<br \/> \u00a0<br \/> A maioria dos estados sem bibliotecas est\u00e1 no Nordeste: Alagoas (3), Cear\u00e1 (2), Maranh\u00e3o (11), Pernambuco (10) e Sergipe (3). No Norte, s\u00e3o os seguintes: Acre (2), Amap\u00e1 (3), Par\u00e1 (5), Rond\u00f4nia (1) e Roraima (5). No Centro-Oeste, Mato Grosso do Sul (3) e Tocantins (10).\u00a0<br \/> Vale a pena registrar: alguns dos estados que aparecem nessa lista suja da Funda\u00e7\u00e3o Biblioteca Nacional chegaram a alardear, h\u00e1 tempos, que haviam zerado seu d\u00e9ficit de bibliotecas.\u00a0<br \/> \u00a0<\/p>\n<p><\/p>\n","protected":false},"excerpt":{"rendered":"<p>Levantamento do Sistema Nacional de Bibliotecas mostra que ainda restam 362 munic\u00edpios que n\u00e3o possuem nenhuma biblioteca p\u00fablica no Brasil (eram 1.300 em 2003). As regi\u00f5es onde a situa\u00e7\u00e3o \u00e9 mais cr\u00edtica s\u00e3o o Nordeste e o Norte, onde, n\u00e3o por coincid\u00eancia, os \u00edndices de leitura, segundo a pesquisa Retratos da Leitura no Brasil, tamb\u00e9m [&hellip;]<\/p>\n","protected":false},"author":1,"featured_media":0,"comment_status":"closed","ping_status":"closed","sticky":false,"template":"","format":"standard","meta":{"footnotes":"","_links_to":"","_links_to_target":""},"categories":[9],"tags":[],"class_list":["post-2352","post","type-post","status-publish","format-standard","hentry","category-noticias-da-imprensa"],"yoast_head":"<!-- This site is optimized with the Yoast SEO plugin v15.1 - https:\/\/yoast.com\/wordpress\/plugins\/seo\/ -->\n<title>A lista suja: 362 cidades sem bibliotecas &raquo; Abrelivros<\/title>\n<meta name=\"robots\" content=\"index, follow, max-snippet:-1, max-image-preview:large, max-video-preview:-1\" \/>\n<link rel=\"canonical\" href=\"https:\/\/abrelivros.org.br\/site\/a-lista-suja-362-cidades-sem-bibliotecas\/\" \/>\n<meta property=\"og:locale\" content=\"pt_BR\" \/>\n<meta property=\"og:type\" content=\"article\" \/>\n<meta property=\"og:title\" content=\"A lista suja: 362 cidades sem bibliotecas &raquo; Abrelivros\" \/>\n<meta property=\"og:description\" content=\"Levantamento do Sistema Nacional de Bibliotecas mostra que ainda restam 362 munic\u00edpios que n\u00e3o possuem nenhuma biblioteca p\u00fablica no Brasil (eram 1.300 em 2003). As regi\u00f5es onde a situa\u00e7\u00e3o \u00e9 mais cr\u00edtica s\u00e3o o Nordeste e o Norte, onde, n\u00e3o por coincid\u00eancia, os \u00edndices de leitura, segundo a pesquisa Retratos da Leitura no Brasil, tamb\u00e9m [&hellip;]\" \/>\n<meta property=\"og:url\" content=\"https:\/\/abrelivros.org.br\/site\/a-lista-suja-362-cidades-sem-bibliotecas\/\" \/>\n<meta property=\"og:site_name\" content=\"Abrelivros\" \/>\n<meta property=\"article:published_time\" content=\"2008-11-07T17:13:00+00:00\" \/>\n<meta name=\"twitter:card\" content=\"summary_large_image\" \/>\n<script type=\"application\/ld+json\" class=\"yoast-schema-graph\">{\"@context\":\"https:\/\/schema.org\",\"@graph\":[{\"@type\":\"WebSite\",\"@id\":\"https:\/\/abrelivros.org.br\/site\/#website\",\"url\":\"https:\/\/abrelivros.org.br\/site\/\",\"name\":\"Abrelivros\",\"description\":\"\",\"potentialAction\":[{\"@type\":\"SearchAction\",\"target\":\"https:\/\/abrelivros.org.br\/site\/?s={search_term_string}\",\"query-input\":\"required name=search_term_string\"}],\"inLanguage\":\"pt-BR\"},{\"@type\":\"WebPage\",\"@id\":\"https:\/\/abrelivros.org.br\/site\/a-lista-suja-362-cidades-sem-bibliotecas\/#webpage\",\"url\":\"https:\/\/abrelivros.org.br\/site\/a-lista-suja-362-cidades-sem-bibliotecas\/\",\"name\":\"A lista suja: 362 cidades sem bibliotecas &raquo; Abrelivros\",\"isPartOf\":{\"@id\":\"https:\/\/abrelivros.org.br\/site\/#website\"},\"datePublished\":\"2008-11-07T17:13:00+00:00\",\"dateModified\":\"2008-11-07T17:13:00+00:00\",\"author\":{\"@id\":\"https:\/\/abrelivros.org.br\/site\/#\/schema\/person\/2b867f13a717bb230f1a3555505f5593\"},\"breadcrumb\":{\"@id\":\"https:\/\/abrelivros.org.br\/site\/a-lista-suja-362-cidades-sem-bibliotecas\/#breadcrumb\"},\"inLanguage\":\"pt-BR\",\"potentialAction\":[{\"@type\":\"ReadAction\",\"target\":[\"https:\/\/abrelivros.org.br\/site\/a-lista-suja-362-cidades-sem-bibliotecas\/\"]}]},{\"@type\":\"BreadcrumbList\",\"@id\":\"https:\/\/abrelivros.org.br\/site\/a-lista-suja-362-cidades-sem-bibliotecas\/#breadcrumb\",\"itemListElement\":[{\"@type\":\"ListItem\",\"position\":1,\"item\":{\"@type\":\"WebPage\",\"@id\":\"https:\/\/abrelivros.org.br\/site\/\",\"url\":\"https:\/\/abrelivros.org.br\/site\/\",\"name\":\"In\\u00edcio\"}},{\"@type\":\"ListItem\",\"position\":2,\"item\":{\"@type\":\"WebPage\",\"@id\":\"https:\/\/abrelivros.org.br\/site\/category\/noticias\/\",\"url\":\"https:\/\/abrelivros.org.br\/site\/category\/noticias\/\",\"name\":\"Not\\u00edcias\"}},{\"@type\":\"ListItem\",\"position\":3,\"item\":{\"@type\":\"WebPage\",\"@id\":\"https:\/\/abrelivros.org.br\/site\/category\/noticias\/noticias-da-imprensa\/\",\"url\":\"https:\/\/abrelivros.org.br\/site\/category\/noticias\/noticias-da-imprensa\/\",\"name\":\"Not\\u00edcias da imprensa\"}},{\"@type\":\"ListItem\",\"position\":4,\"item\":{\"@type\":\"WebPage\",\"@id\":\"https:\/\/abrelivros.org.br\/site\/a-lista-suja-362-cidades-sem-bibliotecas\/\",\"url\":\"https:\/\/abrelivros.org.br\/site\/a-lista-suja-362-cidades-sem-bibliotecas\/\",\"name\":\"A lista suja: 362 cidades sem bibliotecas\"}}]},{\"@type\":\"Person\",\"@id\":\"https:\/\/abrelivros.org.br\/site\/#\/schema\/person\/2b867f13a717bb230f1a3555505f5593\",\"name\":\"\\u00a0\",\"image\":{\"@type\":\"ImageObject\",\"@id\":\"https:\/\/abrelivros.org.br\/site\/#personlogo\",\"inLanguage\":\"pt-BR\",\"url\":\"https:\/\/secure.gravatar.com\/avatar\/e80b7f5231be2fff5040a8023da424898002831c5439420df182ae62676d2a6f?s=96&d=mm&r=g\",\"caption\":\"\\u00a0\"}}]}<\/script>\n<!-- \/ Yoast SEO plugin. -->","_links":{"self":[{"href":"https:\/\/abrelivros.org.br\/site\/wp-json\/wp\/v2\/posts\/2352","targetHints":{"allow":["GET"]}}],"collection":[{"href":"https:\/\/abrelivros.org.br\/site\/wp-json\/wp\/v2\/posts"}],"about":[{"href":"https:\/\/abrelivros.org.br\/site\/wp-json\/wp\/v2\/types\/post"}],"author":[{"embeddable":true,"href":"https:\/\/abrelivros.org.br\/site\/wp-json\/wp\/v2\/users\/1"}],"replies":[{"embeddable":true,"href":"https:\/\/abrelivros.org.br\/site\/wp-json\/wp\/v2\/comments?post=2352"}],"version-history":[{"count":0,"href":"https:\/\/abrelivros.org.br\/site\/wp-json\/wp\/v2\/posts\/2352\/revisions"}],"wp:attachment":[{"href":"https:\/\/abrelivros.org.br\/site\/wp-json\/wp\/v2\/media?parent=2352"}],"wp:term":[{"taxonomy":"category","embeddable":true,"href":"https:\/\/abrelivros.org.br\/site\/wp-json\/wp\/v2\/categories?post=2352"},{"taxonomy":"post_tag","embeddable":true,"href":"https:\/\/abrelivros.org.br\/site\/wp-json\/wp\/v2\/tags?post=2352"}],"curies":[{"name":"wp","href":"https:\/\/api.w.org\/{rel}","templated":true}]}}