{"id":2351,"date":"2008-11-07T15:19:00","date_gmt":"2008-11-07T17:19:00","guid":{"rendered":"https:\/\/abrelivros.org.br\/site\/2008\/11\/07\/crise-nao-afetara-educacao-diz-ministro\/"},"modified":"2008-11-07T15:19:00","modified_gmt":"2008-11-07T17:19:00","slug":"crise-nao-afetara-educacao-diz-ministro","status":"publish","type":"post","link":"https:\/\/abrelivros.org.br\/site\/crise-nao-afetara-educacao-diz-ministro\/","title":{"rendered":"Crise n\u00e3o afetar\u00e1 educa\u00e7\u00e3o, diz ministro"},"content":{"rendered":"<p>A crise financeira mundial n\u00e3o diminuir\u00e1 os investimentos em educa\u00e7\u00e3o, garante o ministro Fernando Haddad. \u201cTemos uma d\u00edvida educacional com o povo brasileiro e vamos investir nesse setor em qualquer \u00e9poca\u201d, afirmou Haddad nesta sexta-feira, 7, em entrevista ao programa Bom Dia, Ministro, da Secretaria de Imprensa da Presid\u00eancia da Rep\u00fablica e da Radiobr\u00e1s.\u00a0<br \/> \u00a0<br \/> Os investimentos em educa\u00e7\u00e3o bateram \u00edndices hist\u00f3ricos nos \u00faltimos quatro anos. Hoje, investe-se 4,4% do Produto Interno Bruto (PIB) brasileiro na \u00e1rea educacional. \u201cO or\u00e7amento aprovado para o setor em 2009 \u00e9 de R$ 48 bilh\u00f5es, maior investimento j\u00e1 feito em educa\u00e7\u00e3o na hist\u00f3ria do pa\u00eds\u201d, reiterou Haddad. \u00a0<br \/> \u00a0<br \/> Outro avan\u00e7o foi o acordo celebrado na quarta-feira, 5, com as entidades que comp\u00f5em o Sistema S. O presidente da Rep\u00fablica, Luiz In\u00e1cio Lula da Silva, assinou  decretos que alteram os regimentos dos servi\u00e7os nacionais da ind\u00fastria e do com\u00e9rcio (Senai e Senac) e dos servi\u00e7os sociais (Sesi e Sesc). Pelas novas regras, as entidades devem ampliar a gratuidade e o n\u00famero de vagas em cursos t\u00e9cnicos de forma\u00e7\u00e3o inicial e continuada destinados a alunos e trabalhadores de baixa renda, empregados ou desempregados.\u00a0<br \/> \u00a0<br \/> Grande parte dos cursos oferecidos por essas entidades n\u00e3o estava acess\u00edvel aos trabalhadores de baixa renda. \u201cO pr\u00f3prio presidente Lula n\u00e3o teria conseguido ser torneiro mec\u00e2nico se precisasse pagar mensalidades\u201d, observou Haddad. \u00a0<br \/> \u00a0<br \/> Confira na \u00edntegra o <a href=\"http:\/\/portal.mec.gov.br\/arquivos\/midia\/bom_dia_ministro_07112008.mp3\" target=\"_blank\" rel=\"noopener noreferrer\">\u00e1udio da entrevista<\/a>.<\/p>\n","protected":false},"excerpt":{"rendered":"<p>A crise financeira mundial n\u00e3o diminuir\u00e1 os investimentos em educa\u00e7\u00e3o, garante o ministro Fernando Haddad. \u201cTemos uma d\u00edvida educacional com o povo brasileiro e vamos investir nesse setor em qualquer \u00e9poca\u201d, afirmou Haddad nesta sexta-feira, 7, em entrevista ao programa Bom Dia, Ministro, da Secretaria de Imprensa da Presid\u00eancia da Rep\u00fablica e da Radiobr\u00e1s.\u00a0 \u00a0 [&hellip;]<\/p>\n","protected":false},"author":1,"featured_media":0,"comment_status":"closed","ping_status":"closed","sticky":false,"template":"","format":"standard","meta":{"footnotes":"","_links_to":"","_links_to_target":""},"categories":[9],"tags":[],"class_list":["post-2351","post","type-post","status-publish","format-standard","hentry","category-noticias-da-imprensa"],"yoast_head":"<!-- This site is optimized with the Yoast SEO plugin v15.1 - https:\/\/yoast.com\/wordpress\/plugins\/seo\/ -->\n<title>Crise n\u00e3o afetar\u00e1 educa\u00e7\u00e3o, diz ministro &raquo; Abrelivros<\/title>\n<meta name=\"robots\" content=\"index, follow, max-snippet:-1, max-image-preview:large, max-video-preview:-1\" \/>\n<link rel=\"canonical\" href=\"https:\/\/abrelivros.org.br\/site\/crise-nao-afetara-educacao-diz-ministro\/\" \/>\n<meta property=\"og:locale\" content=\"pt_BR\" \/>\n<meta property=\"og:type\" content=\"article\" \/>\n<meta property=\"og:title\" content=\"Crise n\u00e3o afetar\u00e1 educa\u00e7\u00e3o, diz ministro &raquo; Abrelivros\" \/>\n<meta property=\"og:description\" content=\"A crise financeira mundial n\u00e3o diminuir\u00e1 os investimentos em educa\u00e7\u00e3o, garante o ministro Fernando Haddad. \u201cTemos uma d\u00edvida educacional com o povo brasileiro e vamos investir nesse setor em qualquer \u00e9poca\u201d, afirmou Haddad nesta sexta-feira, 7, em entrevista ao programa Bom Dia, Ministro, da Secretaria de Imprensa da Presid\u00eancia da Rep\u00fablica e da Radiobr\u00e1s.\u00a0 \u00a0 [&hellip;]\" \/>\n<meta property=\"og:url\" content=\"https:\/\/abrelivros.org.br\/site\/crise-nao-afetara-educacao-diz-ministro\/\" \/>\n<meta property=\"og:site_name\" content=\"Abrelivros\" \/>\n<meta property=\"article:published_time\" content=\"2008-11-07T17:19:00+00:00\" \/>\n<meta name=\"twitter:card\" content=\"summary_large_image\" \/>\n<script type=\"application\/ld+json\" class=\"yoast-schema-graph\">{\"@context\":\"https:\/\/schema.org\",\"@graph\":[{\"@type\":\"WebSite\",\"@id\":\"https:\/\/abrelivros.org.br\/site\/#website\",\"url\":\"https:\/\/abrelivros.org.br\/site\/\",\"name\":\"Abrelivros\",\"description\":\"\",\"potentialAction\":[{\"@type\":\"SearchAction\",\"target\":\"https:\/\/abrelivros.org.br\/site\/?s={search_term_string}\",\"query-input\":\"required name=search_term_string\"}],\"inLanguage\":\"pt-BR\"},{\"@type\":\"WebPage\",\"@id\":\"https:\/\/abrelivros.org.br\/site\/crise-nao-afetara-educacao-diz-ministro\/#webpage\",\"url\":\"https:\/\/abrelivros.org.br\/site\/crise-nao-afetara-educacao-diz-ministro\/\",\"name\":\"Crise n\\u00e3o afetar\\u00e1 educa\\u00e7\\u00e3o, diz ministro &raquo; Abrelivros\",\"isPartOf\":{\"@id\":\"https:\/\/abrelivros.org.br\/site\/#website\"},\"datePublished\":\"2008-11-07T17:19:00+00:00\",\"dateModified\":\"2008-11-07T17:19:00+00:00\",\"author\":{\"@id\":\"https:\/\/abrelivros.org.br\/site\/#\/schema\/person\/2b867f13a717bb230f1a3555505f5593\"},\"breadcrumb\":{\"@id\":\"https:\/\/abrelivros.org.br\/site\/crise-nao-afetara-educacao-diz-ministro\/#breadcrumb\"},\"inLanguage\":\"pt-BR\",\"potentialAction\":[{\"@type\":\"ReadAction\",\"target\":[\"https:\/\/abrelivros.org.br\/site\/crise-nao-afetara-educacao-diz-ministro\/\"]}]},{\"@type\":\"BreadcrumbList\",\"@id\":\"https:\/\/abrelivros.org.br\/site\/crise-nao-afetara-educacao-diz-ministro\/#breadcrumb\",\"itemListElement\":[{\"@type\":\"ListItem\",\"position\":1,\"item\":{\"@type\":\"WebPage\",\"@id\":\"https:\/\/abrelivros.org.br\/site\/\",\"url\":\"https:\/\/abrelivros.org.br\/site\/\",\"name\":\"In\\u00edcio\"}},{\"@type\":\"ListItem\",\"position\":2,\"item\":{\"@type\":\"WebPage\",\"@id\":\"https:\/\/abrelivros.org.br\/site\/category\/noticias\/\",\"url\":\"https:\/\/abrelivros.org.br\/site\/category\/noticias\/\",\"name\":\"Not\\u00edcias\"}},{\"@type\":\"ListItem\",\"position\":3,\"item\":{\"@type\":\"WebPage\",\"@id\":\"https:\/\/abrelivros.org.br\/site\/category\/noticias\/noticias-da-imprensa\/\",\"url\":\"https:\/\/abrelivros.org.br\/site\/category\/noticias\/noticias-da-imprensa\/\",\"name\":\"Not\\u00edcias da imprensa\"}},{\"@type\":\"ListItem\",\"position\":4,\"item\":{\"@type\":\"WebPage\",\"@id\":\"https:\/\/abrelivros.org.br\/site\/crise-nao-afetara-educacao-diz-ministro\/\",\"url\":\"https:\/\/abrelivros.org.br\/site\/crise-nao-afetara-educacao-diz-ministro\/\",\"name\":\"Crise n\\u00e3o afetar\\u00e1 educa\\u00e7\\u00e3o, diz ministro\"}}]},{\"@type\":\"Person\",\"@id\":\"https:\/\/abrelivros.org.br\/site\/#\/schema\/person\/2b867f13a717bb230f1a3555505f5593\",\"name\":\"\\u00a0\",\"image\":{\"@type\":\"ImageObject\",\"@id\":\"https:\/\/abrelivros.org.br\/site\/#personlogo\",\"inLanguage\":\"pt-BR\",\"url\":\"https:\/\/secure.gravatar.com\/avatar\/e80b7f5231be2fff5040a8023da424898002831c5439420df182ae62676d2a6f?s=96&d=mm&r=g\",\"caption\":\"\\u00a0\"}}]}<\/script>\n<!-- \/ Yoast SEO plugin. -->","_links":{"self":[{"href":"https:\/\/abrelivros.org.br\/site\/wp-json\/wp\/v2\/posts\/2351","targetHints":{"allow":["GET"]}}],"collection":[{"href":"https:\/\/abrelivros.org.br\/site\/wp-json\/wp\/v2\/posts"}],"about":[{"href":"https:\/\/abrelivros.org.br\/site\/wp-json\/wp\/v2\/types\/post"}],"author":[{"embeddable":true,"href":"https:\/\/abrelivros.org.br\/site\/wp-json\/wp\/v2\/users\/1"}],"replies":[{"embeddable":true,"href":"https:\/\/abrelivros.org.br\/site\/wp-json\/wp\/v2\/comments?post=2351"}],"version-history":[{"count":0,"href":"https:\/\/abrelivros.org.br\/site\/wp-json\/wp\/v2\/posts\/2351\/revisions"}],"wp:attachment":[{"href":"https:\/\/abrelivros.org.br\/site\/wp-json\/wp\/v2\/media?parent=2351"}],"wp:term":[{"taxonomy":"category","embeddable":true,"href":"https:\/\/abrelivros.org.br\/site\/wp-json\/wp\/v2\/categories?post=2351"},{"taxonomy":"post_tag","embeddable":true,"href":"https:\/\/abrelivros.org.br\/site\/wp-json\/wp\/v2\/tags?post=2351"}],"curies":[{"name":"wp","href":"https:\/\/api.w.org\/{rel}","templated":true}]}}