{"id":2350,"date":"2008-11-07T15:48:00","date_gmt":"2008-11-07T17:48:00","guid":{"rendered":"https:\/\/abrelivros.org.br\/site\/2008\/11\/07\/multimidia-educacional-acessivel-a-todos\/"},"modified":"2008-11-07T15:48:00","modified_gmt":"2008-11-07T17:48:00","slug":"multimidia-educacional-acessivel-a-todos","status":"publish","type":"post","link":"https:\/\/abrelivros.org.br\/site\/multimidia-educacional-acessivel-a-todos\/","title":{"rendered":"Multim\u00eddia educacional acess\u00edvel a todos"},"content":{"rendered":"<p>Na escola moderna que nasce com o s\u00e9culo 21, o livro did\u00e1tico n\u00e3o \u00e9 mais suficiente para um ensino de qualidade. Os recursos multim\u00eddia s\u00e3o importantes no dia-a-dia da sala de aula, o que faz da aprendizagem um processo mais em sintonia com a realidade dos alunos desta nova sociedade da informa\u00e7\u00e3o. H\u00e1 menos de seis meses, o Minist\u00e9rio da Educa\u00e7\u00e3o colocou no ar o Banco Internacional de Objetos Educacionais, que permite baixar (fazer download), gratuitamente, recursos educacionais digitais em diferentes formatos \u2014 \u00e1udio, v\u00eddeo, anima\u00e7\u00e3o, software educacional, al\u00e9m de imagens, mapas, experimentos e hipertextos.\u00a0<br \/> \u00a0<br \/> \u201cTemos 200 alunos e professores publicando diariamente materiais multim\u00eddia de dom\u00ednio p\u00fablico ou cedidos pelos autores ao Minist\u00e9rio da Educa\u00e7\u00e3o\u201d, explica Carmem L\u00facia Prata, coordenadora do banco. Atualmente, h\u00e1 1.799 recursos publicados e mais de sete mil aguardam avalia\u00e7\u00e3o dos  comit\u00eas editoriais. O primeiro \u00e9 formado por professores e alunos de gradua\u00e7\u00e3o de seis universidades p\u00fablicas. Eles cuidam da localiza\u00e7\u00e3o e da catologa\u00e7\u00e3o do conte\u00fado. O segundo valida a import\u00e2ncia pedag\u00f3gica e ratifica a inclus\u00e3o no acervo.\u00a0<br \/> \u00a0<br \/> Al\u00e9m de aferir a qualidade, o primeiro comit\u00ea tamb\u00e9m classifica os recursos digitais por n\u00edvel de ensino, da educa\u00e7\u00e3o infantil \u00e0 superior, passando pelo profissionalizante. O banco traz acervos de diferentes pa\u00edses e l\u00ednguas, o que permite a educadores e estudantes ou a qualquer pessoa ter acesso aos materiais em suas l\u00ednguas maternas, assim como enviar suas produ\u00e7\u00f5es para publica\u00e7\u00e3o, n\u00e3o importando o idioma. \u201cA demanda para publica\u00e7\u00e3o de recursos \u00e9 muito grande. V\u00e1rios professores da universidade que produzem objetos acad\u00eamico querem public\u00e1-los para que sejam usados\u201d, ressalta Fernanda Monteiro, professora do Departamento de Ci\u00eancias da Informa\u00e7\u00e3o e coordenadora-geral do projeto de recursos digitais na Universidade de Bras\u00edlia.\u00a0<br \/> \u00a0<br \/> A partir do pr\u00f3ximo ano, no entanto, os melhores conte\u00fados digitais ser\u00e3o traduzidos para o portugu\u00eas para ampliar o uso dessas tecnologias educacionais nas escolas brasileiras. \u201cPessoas de 92 pa\u00edses acessam nosso banco multim\u00eddia\u201d, ressalta Carmem L\u00facia. Os pa\u00edses que mais utilizam os recursos digitais, depois do Brasil, s\u00e3o Portugal, Estados Unidos, Angola, Mo\u00e7ambique, Jap\u00e3o, Argentina, Espanha, M\u00e9xico e Inglaterra. \u201cNosso banco \u00e9 um projeto inovador na Am\u00e9rica Latina, tanto que M\u00e9xico e Chile procuram parceria para aumentar o compartilhamento de recursos\u201d, explica.\u00a0<br \/> \u00a0<br \/><B> Feiras<\/B> \u2014 Exemplo de uso dos recursos multim\u00eddia na escola ser\u00e1 mostrado na feira de ci\u00eancias do Col\u00e9gio Marista, em Bras\u00edlia neste s\u00e1bado, dia 8. Matheus Lopes, 12 anos, e mais seis alunos do s\u00e9timo ano recorreram ao acervo virtual para explicar a condu\u00e7\u00e3o da energia t\u00e9rmica. Ao pesquisar na internet, eles descobriram o Banco Internacional de Objetos Educacionais, de onde extra\u00edram informa\u00e7\u00f5es para um experimento simples, que facilita a compreens\u00e3o de um tema considerado \u201cchato\u201d por eles.\u00a0<br \/> \u00a0<br \/> Ao esquentar uma panela com \u00e1gua e colocar duas colheres \u2014 uma de madeira e outra de alum\u00ednio \u2014, o grupo notou que a de metal esquenta mais rapidamente e queima a m\u00e3o. \u201cIsso ocorre porque o alum\u00ednio \u00e9 melhor condutor do que a madeira\u201d, explica Matheus. Os estudantes tamb\u00e9m descobriram uma anima\u00e7\u00e3o que mostra de onde vem a energia el\u00e9trica e a baixaram para ser exibida aos visitantes.\u00a0<br \/> \u00a0<br \/> Pontos marcantes do Banco Internacional de Objetos Educacionais s\u00e3o a estrutura\u00e7\u00e3o dos conte\u00fados digitais por curr\u00edculo e a n\u00e3o-limita\u00e7\u00e3o quanto ao direito autoral. A pesquisa na internet \u00e9 bem f\u00e1cil e permite a sele\u00e7\u00e3o por n\u00edvel de ensino e palavra-chave do assunto de interesse. O acervo digital est\u00e1 dispon\u00edvel para ser copiado em pen-drive, CD-ROM ou baixado diretamente no pr\u00f3prio computador.\u00a0<br \/> \u00a0<br \/> \u00a0<\/p>\n","protected":false},"excerpt":{"rendered":"<p>Na escola moderna que nasce com o s\u00e9culo 21, o livro did\u00e1tico n\u00e3o \u00e9 mais suficiente para um ensino de qualidade. Os recursos multim\u00eddia s\u00e3o importantes no dia-a-dia da sala de aula, o que faz da aprendizagem um processo mais em sintonia com a realidade dos alunos desta nova sociedade da informa\u00e7\u00e3o. H\u00e1 menos de [&hellip;]<\/p>\n","protected":false},"author":1,"featured_media":0,"comment_status":"closed","ping_status":"closed","sticky":false,"template":"","format":"standard","meta":{"footnotes":"","_links_to":"","_links_to_target":""},"categories":[9],"tags":[],"class_list":["post-2350","post","type-post","status-publish","format-standard","hentry","category-noticias-da-imprensa"],"yoast_head":"<!-- This site is optimized with the Yoast SEO plugin v15.1 - https:\/\/yoast.com\/wordpress\/plugins\/seo\/ -->\n<title>Multim\u00eddia educacional acess\u00edvel a todos &raquo; Abrelivros<\/title>\n<meta name=\"robots\" content=\"index, follow, max-snippet:-1, max-image-preview:large, max-video-preview:-1\" \/>\n<link rel=\"canonical\" href=\"https:\/\/abrelivros.org.br\/site\/multimidia-educacional-acessivel-a-todos\/\" \/>\n<meta property=\"og:locale\" content=\"pt_BR\" \/>\n<meta property=\"og:type\" content=\"article\" \/>\n<meta property=\"og:title\" content=\"Multim\u00eddia educacional acess\u00edvel a todos &raquo; Abrelivros\" \/>\n<meta property=\"og:description\" content=\"Na escola moderna que nasce com o s\u00e9culo 21, o livro did\u00e1tico n\u00e3o \u00e9 mais suficiente para um ensino de qualidade. Os recursos multim\u00eddia s\u00e3o importantes no dia-a-dia da sala de aula, o que faz da aprendizagem um processo mais em sintonia com a realidade dos alunos desta nova sociedade da informa\u00e7\u00e3o. H\u00e1 menos de [&hellip;]\" \/>\n<meta property=\"og:url\" content=\"https:\/\/abrelivros.org.br\/site\/multimidia-educacional-acessivel-a-todos\/\" \/>\n<meta property=\"og:site_name\" content=\"Abrelivros\" \/>\n<meta property=\"article:published_time\" content=\"2008-11-07T17:48:00+00:00\" \/>\n<meta name=\"twitter:card\" content=\"summary_large_image\" \/>\n<script type=\"application\/ld+json\" class=\"yoast-schema-graph\">{\"@context\":\"https:\/\/schema.org\",\"@graph\":[{\"@type\":\"WebSite\",\"@id\":\"https:\/\/abrelivros.org.br\/site\/#website\",\"url\":\"https:\/\/abrelivros.org.br\/site\/\",\"name\":\"Abrelivros\",\"description\":\"\",\"potentialAction\":[{\"@type\":\"SearchAction\",\"target\":\"https:\/\/abrelivros.org.br\/site\/?s={search_term_string}\",\"query-input\":\"required name=search_term_string\"}],\"inLanguage\":\"pt-BR\"},{\"@type\":\"WebPage\",\"@id\":\"https:\/\/abrelivros.org.br\/site\/multimidia-educacional-acessivel-a-todos\/#webpage\",\"url\":\"https:\/\/abrelivros.org.br\/site\/multimidia-educacional-acessivel-a-todos\/\",\"name\":\"Multim\\u00eddia educacional acess\\u00edvel a todos &raquo; Abrelivros\",\"isPartOf\":{\"@id\":\"https:\/\/abrelivros.org.br\/site\/#website\"},\"datePublished\":\"2008-11-07T17:48:00+00:00\",\"dateModified\":\"2008-11-07T17:48:00+00:00\",\"author\":{\"@id\":\"https:\/\/abrelivros.org.br\/site\/#\/schema\/person\/2b867f13a717bb230f1a3555505f5593\"},\"breadcrumb\":{\"@id\":\"https:\/\/abrelivros.org.br\/site\/multimidia-educacional-acessivel-a-todos\/#breadcrumb\"},\"inLanguage\":\"pt-BR\",\"potentialAction\":[{\"@type\":\"ReadAction\",\"target\":[\"https:\/\/abrelivros.org.br\/site\/multimidia-educacional-acessivel-a-todos\/\"]}]},{\"@type\":\"BreadcrumbList\",\"@id\":\"https:\/\/abrelivros.org.br\/site\/multimidia-educacional-acessivel-a-todos\/#breadcrumb\",\"itemListElement\":[{\"@type\":\"ListItem\",\"position\":1,\"item\":{\"@type\":\"WebPage\",\"@id\":\"https:\/\/abrelivros.org.br\/site\/\",\"url\":\"https:\/\/abrelivros.org.br\/site\/\",\"name\":\"In\\u00edcio\"}},{\"@type\":\"ListItem\",\"position\":2,\"item\":{\"@type\":\"WebPage\",\"@id\":\"https:\/\/abrelivros.org.br\/site\/category\/noticias\/\",\"url\":\"https:\/\/abrelivros.org.br\/site\/category\/noticias\/\",\"name\":\"Not\\u00edcias\"}},{\"@type\":\"ListItem\",\"position\":3,\"item\":{\"@type\":\"WebPage\",\"@id\":\"https:\/\/abrelivros.org.br\/site\/category\/noticias\/noticias-da-imprensa\/\",\"url\":\"https:\/\/abrelivros.org.br\/site\/category\/noticias\/noticias-da-imprensa\/\",\"name\":\"Not\\u00edcias da imprensa\"}},{\"@type\":\"ListItem\",\"position\":4,\"item\":{\"@type\":\"WebPage\",\"@id\":\"https:\/\/abrelivros.org.br\/site\/multimidia-educacional-acessivel-a-todos\/\",\"url\":\"https:\/\/abrelivros.org.br\/site\/multimidia-educacional-acessivel-a-todos\/\",\"name\":\"Multim\\u00eddia educacional acess\\u00edvel a todos\"}}]},{\"@type\":\"Person\",\"@id\":\"https:\/\/abrelivros.org.br\/site\/#\/schema\/person\/2b867f13a717bb230f1a3555505f5593\",\"name\":\"\\u00a0\",\"image\":{\"@type\":\"ImageObject\",\"@id\":\"https:\/\/abrelivros.org.br\/site\/#personlogo\",\"inLanguage\":\"pt-BR\",\"url\":\"https:\/\/secure.gravatar.com\/avatar\/e80b7f5231be2fff5040a8023da424898002831c5439420df182ae62676d2a6f?s=96&d=mm&r=g\",\"caption\":\"\\u00a0\"}}]}<\/script>\n<!-- \/ Yoast SEO plugin. -->","_links":{"self":[{"href":"https:\/\/abrelivros.org.br\/site\/wp-json\/wp\/v2\/posts\/2350","targetHints":{"allow":["GET"]}}],"collection":[{"href":"https:\/\/abrelivros.org.br\/site\/wp-json\/wp\/v2\/posts"}],"about":[{"href":"https:\/\/abrelivros.org.br\/site\/wp-json\/wp\/v2\/types\/post"}],"author":[{"embeddable":true,"href":"https:\/\/abrelivros.org.br\/site\/wp-json\/wp\/v2\/users\/1"}],"replies":[{"embeddable":true,"href":"https:\/\/abrelivros.org.br\/site\/wp-json\/wp\/v2\/comments?post=2350"}],"version-history":[{"count":0,"href":"https:\/\/abrelivros.org.br\/site\/wp-json\/wp\/v2\/posts\/2350\/revisions"}],"wp:attachment":[{"href":"https:\/\/abrelivros.org.br\/site\/wp-json\/wp\/v2\/media?parent=2350"}],"wp:term":[{"taxonomy":"category","embeddable":true,"href":"https:\/\/abrelivros.org.br\/site\/wp-json\/wp\/v2\/categories?post=2350"},{"taxonomy":"post_tag","embeddable":true,"href":"https:\/\/abrelivros.org.br\/site\/wp-json\/wp\/v2\/tags?post=2350"}],"curies":[{"name":"wp","href":"https:\/\/api.w.org\/{rel}","templated":true}]}}