{"id":2347,"date":"2008-11-13T15:00:00","date_gmt":"2008-11-13T17:00:00","guid":{"rendered":"https:\/\/abrelivros.org.br\/site\/2008\/11\/13\/premio-vivaleitura-anuncia-vencedores\/"},"modified":"2008-11-13T15:00:00","modified_gmt":"2008-11-13T17:00:00","slug":"premio-vivaleitura-anuncia-vencedores","status":"publish","type":"post","link":"https:\/\/abrelivros.org.br\/site\/premio-vivaleitura-anuncia-vencedores\/","title":{"rendered":"Pr\u00eamio VivaLeitura anuncia vencedores"},"content":{"rendered":"<p>Foram anunciados na noite desta quarta-feira, dia 12, durante cerim\u00f4nia no Museu de Arte de S\u00e3o Paulo, os vencedores do Pr\u00eamio Vivaleitura 2008. A iniciativa da Funda\u00e7\u00e3o Santillana selecionou 15 finalistas e escolheu os melhores projetos em tr\u00eas categorias. <\/p>\n<p> Em \u201cBibliotecas p\u00fablicas, privadas ou comunit\u00e1rias\u201d, o \u00d4nibus Biblioteca (S\u00e3o Paulo\/SP) foi o grande vencedor. A proposta da Secretaria de Cultura da capital paulista busca promover a democratiza\u00e7\u00e3o cultural por meio do acesso gratuito a um acervo composto por livros, jornais, revistas e quadrinhos. <\/p>\n<p> Na categoria \u201cEscolas p\u00fablicas e privadas\u201d o case vencedor foi o Projeto de Leitura Bibliotecas Escolares: Palavras Andantes (Londrina\/PR), que consiste na forma\u00e7\u00e3o de leitores em 80 escolas da rede municipal de ensino do munic\u00edpio paranaense. J\u00e1 a premia\u00e7\u00e3o \u201cSociedade: ONG\u00b4s, pessoas f\u00edsicas, universidades, faculdades e institui\u00e7\u00f5es\u201d foi para a Forma\u00e7\u00e3o de Multiplicadores da Expedi\u00e7\u00e3o Vaga Lume (S\u00e3o Paulo\/SP). O projeto tem o objetivo de formar mediadores de leitura e respons\u00e1veis pela implementa\u00e7\u00e3o e pela gest\u00e3o de bibliotecas comunit\u00e1rias em \u00e1reas rurais da Amaz\u00f4nia Legal Brasileira. <\/p>\n<p> O valor total da premia\u00e7\u00e3o \u00e9 de R$ 90 mil (R$ 30 mil para cada um dos contemplados). Al\u00e9m da entrega dos pr\u00eamios, quatro iniciativas receberam Men\u00e7\u00e3o Honrosa durante a solenidade, destacando a participa\u00e7\u00e3o dos estados de onde originaram-se os trabalhos de incentivo \u00e0 leitura: Bahia, S\u00e3o Paulo e Rio Grande do Sul, al\u00e9m do Distrito Federal. Este ano, j\u00e1 em sua terceira edi\u00e7\u00e3o, o Pr\u00eamio recebeu quase duas mil inscri\u00e7\u00f5es. <\/p>\n<p><B> Categoria 1 &#8211; Bibliotecas p\u00fablicas, privadas ou comunit\u00e1rias<br \/> Vencedor:<\/B> \u00d4nibus Biblioteca (S\u00e3o Paulo &#8211; SP)<br \/> <Br> O \u00d4nibus-Biblioteca pertence ao Sistema Municipal de Bibliotecas, da Secretaria Municipal de Cultura da cidade de S\u00e3o Paulo. O projeto teve in\u00edcio em 1930 com uma caminhonete que estacionava em uma pra\u00e7a do centro da cidade de S\u00e3o Paulo, oferecendo livros, revistas e jornais para a popula\u00e7\u00e3o. A iniciativa nasceu por sugest\u00e3o do primeiro diretor do Departamento de Cultura paulistano, o escritor Mario de Andrade. O trabalho foi desativado em 1942, mas foi retomado em 1979. De l\u00e1 para c\u00e1, n\u00e3o parou mais de promover a leitura entre as comunidades mais carentes do munic\u00edpio. Em 2008 o projeto passou a atuar com quatro \u00f4nibus, atendendo 28 pontos fixos de S\u00e3o Paulo. Ano passado o projeto contava com apenas um \u00f4nibus com o qual conseguia atender sete pontos. \u201cA frota cresceu e o projeto passou a abranger mais \u00e1reas de S\u00e3o Paulo, nas zonas Norte, Sul e Leste, priorizando as regi\u00f5es da periferia, onde o acesso \u00e0 cultura \u00e9 sempre mais dif\u00edcil\u201d, diz Maria Zenita Monteiro, respons\u00e1vel pela iniciativa. Em cada ponto dos itiner\u00e1rios de leitura os \u00f4nibus estacionam para oferecer os livros \u00e0 comunidade, para consulta ou empr\u00e9stimos, e promover pequenos eventos, como encontros com autores, narra\u00e7\u00e3o de hist\u00f3rias e apresenta\u00e7\u00e3o de pe\u00e7as de teatro. Em cada \u00f4nibus cabem quatro mil livros. O acervo total do projeto \u00e9 composto por 130 mil exemplares. Um \u00f4nibus beneficia em m\u00e9dia 60 mil pessoas por ano. \u201cFoi uma surpresa vencer o Vivaleitura, pois o n\u00edvel dos finalistas \u00e9 muito alto\u201d, disse Maria Zenita na cerim\u00f4nia de premia\u00e7\u00e3o. Segundo ela, a meta do projeto \u00e9 seguir ampliando sua \u00e1rea de cobertura, com foco, sobretudo, na Zona Sul da cidade. \u201c\u00c9 a maior regi\u00e3o da capital, e a que possui menos instrumentos de cultura\u201d, explicou Maria.<\/p>\n<p><B> Categoria 2 &#8211; Escolas p\u00fablicas e privadas<br \/> Vencedor: <\/B>Projeto de Leitura Bibliotecas Escolares: Palavras Andantes (Londrina &#8211; PR)<br \/> <Br> O trabalho acontece na rede municipal de ensino de Londrina, voltado para a forma\u00e7\u00e3o de leitores nas escolas. Criado em 2002, o projeto tem quatro focos de atua\u00e7\u00e3o: forma\u00e7\u00e3o continuada dos professores, realiza\u00e7\u00e3o semanal da Hora do Conto, reestrutura\u00e7\u00e3o arquitet\u00f4nica e pedag\u00f3gica das bibliotecas escolares e amplia\u00e7\u00e3o dos acervos. O diferencial da iniciativa \u00e9 a forma\u00e7\u00e3o dos mediadores, que fazem a ponte entre o livro e o professor. A forma\u00e7\u00e3o \u00e9 feita por meio de cursos mensais, desenvolvidos pelo pr\u00f3prio projeto. At\u00e9 o momento, 135 mediadores j\u00e1 foram formados, beneficiando mais de 30 mil alunos da rede de ensino p\u00fablica de Londrina. Segundo Rovilson Jos\u00e9 da Silva, respons\u00e1vel pelo projeto, o trabalho mostrou que n\u00e3o basta exigir que o professor seja um mediador da leitura. \u201cPara criar uma rede de bibliotecas escolares comprometidas com a leitura de todos, foi preciso investir em v\u00e1rias frentes, oferecendo servi\u00e7os, formando mediadores, ampliando o acervo e cuidando da parte f\u00edsica das bibliotecas e escolas\u201d. Na reformula\u00e7\u00e3o das bibliotecas, a iniciativa leva em conta a ergonomia do ambiente de leitura e com a parte est\u00e9tica tamb\u00e9m. \u201cO incentivo \u00e0 leitura tamb\u00e9m depende de um ambiente agrad\u00e1vel e organizado\u201d, explica Rovilson. Mais de 70 bibliotecas escolares j\u00e1 foram reestruturadas pelo Palavra Andantes. \u201cAcredito que a elei\u00e7\u00e3o do projeto como vencedor atesta a necessidade de uma pol\u00edtica p\u00fablica de leitura para a forma\u00e7\u00e3o de leitores de verdade. Enquanto a biblioteca na escola n\u00e3o for eficiente, em seu acervo, instala\u00e7\u00f5es e servi\u00e7os, a biblioteca p\u00fablica tamb\u00e9m n\u00e3o o ser\u00e1\u201d, disse Rovilson na cerim\u00f4nia de premia\u00e7\u00e3o. Desde o princ\u00edpio, a iniciativa vem aprimorando as estrat\u00e9gias para a forma\u00e7\u00e3o de leitores nas 80 escolas da rede municipal. Em aproximadamente seis anos de atua\u00e7\u00e3o, ampliou os empr\u00e9stimos de 72 mil para 650 mil exemplares. <\/p>\n<p><B> Categoria 3 &#8211; Sociedade: ONGs, pessoas f\u00edsicas, universidades, faculdades e institui\u00e7\u00f5es<br \/> Vencedor:<\/B> Forma\u00e7\u00e3o de multiplicadores da Expedi\u00e7\u00e3o Vaga Lume (S\u00e3o Paulo &#8211; SP)<br \/> <Br> O projeto de forma\u00e7\u00e3o de multiplicadores busca formar mediadores de leitura e respons\u00e1veis pela implementa\u00e7\u00e3o e pela gest\u00e3o de bibliotecas comunit\u00e1rias em \u00e1reas rurais da Amaz\u00f4nia Legal Brasileira. \u00c9 uma iniciativa que nasceu da experi\u00eancia desenvolvida h\u00e1 nove anos pela Expedi\u00e7\u00e3o Vaga Lume, que promoveu o acesso ao livro em comunidades onde n\u00e3o h\u00e1 materiais impressos. \u201cN\u00f3s come\u00e7amos com uma iniciativa pequena, com a id\u00e9ia que n\u00e3o temos que reter o conhecimento e sim formar multiplicadores que possam transmiti-lo. Tamb\u00e9m n\u00e3o quer\u00edamos transformar o programa numa linha de produ\u00e7\u00e3o, mas trabalhar respeitando as caracter\u00edsticas e capacidades individuais\u201d, disse Sylvia Guimar\u00e3es, respons\u00e1vel pelo projeto. Segundo ela, muitas pessoas que nem imaginavam ter uma biblioteca perto de casa, hoje s\u00e3o mediadores de leitura em suas comunidades. Com a experi\u00eancia, se tornaram multiplicadores, aumentando o acesso ao livro pra quem est\u00e1 distante das cidades. O programa j\u00e1 formou mais de 1600 mediadores de leitura, implantou 127 bibliotecas rurais na regi\u00e3o e beneficiou mais 20 mil crian\u00e7as. Atualmente, 20 equipes est\u00e3o atuando na regi\u00e3o. Depois de formados, esses agentes tornam-se executores diretor da Expedi\u00e7\u00e3o Vaga Lume em seus munic\u00edpios, desenvolvendo a\u00e7\u00f5es com as Secretarias de Educa\u00e7\u00e3o. Na forma\u00e7\u00e3o, os agentes freq\u00fcentam cursos e se comprometem a realizar sess\u00f5es de media\u00e7\u00e3o de leitura em suas localidades. Tamb\u00e9m s\u00e3o preparados para realizar a gest\u00e3o das bibliotecas com a participa\u00e7\u00e3o direta da comunidade, que decide sobre a organiza\u00e7\u00e3o e funcionamento dos espa\u00e7os. \u201cIsso tudo s\u00f3 foi poss\u00edvel, pois constru\u00edmos uma rede de pessoas que est\u00e3o envolvidas no projeto e este pr\u00eamio \u00e9 um grande incentivo a todos. Tenho certeza que nosso trabalho pode inspirar outras propostas semelhantes no futuro\u201d, afirmou.<\/p>\n<p><\/p>\n","protected":false},"excerpt":{"rendered":"<p>Foram anunciados na noite desta quarta-feira, dia 12, durante cerim\u00f4nia no Museu de Arte de S\u00e3o Paulo, os vencedores do Pr\u00eamio Vivaleitura 2008. A iniciativa da Funda\u00e7\u00e3o Santillana selecionou 15 finalistas e escolheu os melhores projetos em tr\u00eas categorias. Em \u201cBibliotecas p\u00fablicas, privadas ou comunit\u00e1rias\u201d, o \u00d4nibus Biblioteca (S\u00e3o Paulo\/SP) foi o grande vencedor. A [&hellip;]<\/p>\n","protected":false},"author":1,"featured_media":0,"comment_status":"closed","ping_status":"closed","sticky":false,"template":"","format":"standard","meta":{"footnotes":"","_links_to":"","_links_to_target":""},"categories":[9],"tags":[],"class_list":["post-2347","post","type-post","status-publish","format-standard","hentry","category-noticias-da-imprensa"],"yoast_head":"<!-- This site is optimized with the Yoast SEO plugin v15.1 - https:\/\/yoast.com\/wordpress\/plugins\/seo\/ -->\n<title>Pr\u00eamio VivaLeitura anuncia vencedores &raquo; Abrelivros<\/title>\n<meta name=\"robots\" content=\"index, follow, max-snippet:-1, max-image-preview:large, max-video-preview:-1\" \/>\n<link rel=\"canonical\" href=\"https:\/\/abrelivros.org.br\/site\/premio-vivaleitura-anuncia-vencedores\/\" \/>\n<meta property=\"og:locale\" content=\"pt_BR\" \/>\n<meta property=\"og:type\" content=\"article\" \/>\n<meta property=\"og:title\" content=\"Pr\u00eamio VivaLeitura anuncia vencedores &raquo; Abrelivros\" \/>\n<meta property=\"og:description\" content=\"Foram anunciados na noite desta quarta-feira, dia 12, durante cerim\u00f4nia no Museu de Arte de S\u00e3o Paulo, os vencedores do Pr\u00eamio Vivaleitura 2008. A iniciativa da Funda\u00e7\u00e3o Santillana selecionou 15 finalistas e escolheu os melhores projetos em tr\u00eas categorias. Em \u201cBibliotecas p\u00fablicas, privadas ou comunit\u00e1rias\u201d, o \u00d4nibus Biblioteca (S\u00e3o Paulo\/SP) foi o grande vencedor. A [&hellip;]\" \/>\n<meta property=\"og:url\" content=\"https:\/\/abrelivros.org.br\/site\/premio-vivaleitura-anuncia-vencedores\/\" \/>\n<meta property=\"og:site_name\" content=\"Abrelivros\" \/>\n<meta property=\"article:published_time\" content=\"2008-11-13T17:00:00+00:00\" \/>\n<meta name=\"twitter:card\" content=\"summary_large_image\" \/>\n<script type=\"application\/ld+json\" class=\"yoast-schema-graph\">{\"@context\":\"https:\/\/schema.org\",\"@graph\":[{\"@type\":\"WebSite\",\"@id\":\"https:\/\/abrelivros.org.br\/site\/#website\",\"url\":\"https:\/\/abrelivros.org.br\/site\/\",\"name\":\"Abrelivros\",\"description\":\"\",\"potentialAction\":[{\"@type\":\"SearchAction\",\"target\":\"https:\/\/abrelivros.org.br\/site\/?s={search_term_string}\",\"query-input\":\"required name=search_term_string\"}],\"inLanguage\":\"pt-BR\"},{\"@type\":\"WebPage\",\"@id\":\"https:\/\/abrelivros.org.br\/site\/premio-vivaleitura-anuncia-vencedores\/#webpage\",\"url\":\"https:\/\/abrelivros.org.br\/site\/premio-vivaleitura-anuncia-vencedores\/\",\"name\":\"Pr\\u00eamio VivaLeitura anuncia vencedores &raquo; Abrelivros\",\"isPartOf\":{\"@id\":\"https:\/\/abrelivros.org.br\/site\/#website\"},\"datePublished\":\"2008-11-13T17:00:00+00:00\",\"dateModified\":\"2008-11-13T17:00:00+00:00\",\"author\":{\"@id\":\"https:\/\/abrelivros.org.br\/site\/#\/schema\/person\/2b867f13a717bb230f1a3555505f5593\"},\"breadcrumb\":{\"@id\":\"https:\/\/abrelivros.org.br\/site\/premio-vivaleitura-anuncia-vencedores\/#breadcrumb\"},\"inLanguage\":\"pt-BR\",\"potentialAction\":[{\"@type\":\"ReadAction\",\"target\":[\"https:\/\/abrelivros.org.br\/site\/premio-vivaleitura-anuncia-vencedores\/\"]}]},{\"@type\":\"BreadcrumbList\",\"@id\":\"https:\/\/abrelivros.org.br\/site\/premio-vivaleitura-anuncia-vencedores\/#breadcrumb\",\"itemListElement\":[{\"@type\":\"ListItem\",\"position\":1,\"item\":{\"@type\":\"WebPage\",\"@id\":\"https:\/\/abrelivros.org.br\/site\/\",\"url\":\"https:\/\/abrelivros.org.br\/site\/\",\"name\":\"In\\u00edcio\"}},{\"@type\":\"ListItem\",\"position\":2,\"item\":{\"@type\":\"WebPage\",\"@id\":\"https:\/\/abrelivros.org.br\/site\/category\/noticias\/\",\"url\":\"https:\/\/abrelivros.org.br\/site\/category\/noticias\/\",\"name\":\"Not\\u00edcias\"}},{\"@type\":\"ListItem\",\"position\":3,\"item\":{\"@type\":\"WebPage\",\"@id\":\"https:\/\/abrelivros.org.br\/site\/category\/noticias\/noticias-da-imprensa\/\",\"url\":\"https:\/\/abrelivros.org.br\/site\/category\/noticias\/noticias-da-imprensa\/\",\"name\":\"Not\\u00edcias da imprensa\"}},{\"@type\":\"ListItem\",\"position\":4,\"item\":{\"@type\":\"WebPage\",\"@id\":\"https:\/\/abrelivros.org.br\/site\/premio-vivaleitura-anuncia-vencedores\/\",\"url\":\"https:\/\/abrelivros.org.br\/site\/premio-vivaleitura-anuncia-vencedores\/\",\"name\":\"Pr\\u00eamio VivaLeitura anuncia vencedores\"}}]},{\"@type\":\"Person\",\"@id\":\"https:\/\/abrelivros.org.br\/site\/#\/schema\/person\/2b867f13a717bb230f1a3555505f5593\",\"name\":\"\\u00a0\",\"image\":{\"@type\":\"ImageObject\",\"@id\":\"https:\/\/abrelivros.org.br\/site\/#personlogo\",\"inLanguage\":\"pt-BR\",\"url\":\"https:\/\/secure.gravatar.com\/avatar\/e80b7f5231be2fff5040a8023da424898002831c5439420df182ae62676d2a6f?s=96&d=mm&r=g\",\"caption\":\"\\u00a0\"}}]}<\/script>\n<!-- \/ Yoast SEO plugin. -->","_links":{"self":[{"href":"https:\/\/abrelivros.org.br\/site\/wp-json\/wp\/v2\/posts\/2347","targetHints":{"allow":["GET"]}}],"collection":[{"href":"https:\/\/abrelivros.org.br\/site\/wp-json\/wp\/v2\/posts"}],"about":[{"href":"https:\/\/abrelivros.org.br\/site\/wp-json\/wp\/v2\/types\/post"}],"author":[{"embeddable":true,"href":"https:\/\/abrelivros.org.br\/site\/wp-json\/wp\/v2\/users\/1"}],"replies":[{"embeddable":true,"href":"https:\/\/abrelivros.org.br\/site\/wp-json\/wp\/v2\/comments?post=2347"}],"version-history":[{"count":0,"href":"https:\/\/abrelivros.org.br\/site\/wp-json\/wp\/v2\/posts\/2347\/revisions"}],"wp:attachment":[{"href":"https:\/\/abrelivros.org.br\/site\/wp-json\/wp\/v2\/media?parent=2347"}],"wp:term":[{"taxonomy":"category","embeddable":true,"href":"https:\/\/abrelivros.org.br\/site\/wp-json\/wp\/v2\/categories?post=2347"},{"taxonomy":"post_tag","embeddable":true,"href":"https:\/\/abrelivros.org.br\/site\/wp-json\/wp\/v2\/tags?post=2347"}],"curies":[{"name":"wp","href":"https:\/\/api.w.org\/{rel}","templated":true}]}}