{"id":2345,"date":"2008-11-13T16:29:00","date_gmt":"2008-11-13T18:29:00","guid":{"rendered":"https:\/\/abrelivros.org.br\/site\/2008\/11\/13\/sistema-s-acordo-agora-tem-forca-de-lei\/"},"modified":"2008-11-13T16:29:00","modified_gmt":"2008-11-13T18:29:00","slug":"sistema-s-acordo-agora-tem-forca-de-lei","status":"publish","type":"post","link":"https:\/\/abrelivros.org.br\/site\/sistema-s-acordo-agora-tem-forca-de-lei\/","title":{"rendered":"Sistema S: acordo agora tem for\u00e7a de lei"},"content":{"rendered":"<p>Em pronunciamento em rede nacional de r\u00e1dio e televis\u00e3o nesta quarta-feira, 12, o ministro da Educa\u00e7\u00e3o, Fernando Haddad, anunciou que o acordo firmado entre o MEC e os dirigentes das confedera\u00e7\u00f5es nacionais da ind\u00fastria e do com\u00e9rcio agora tem for\u00e7a de lei. Dois ter\u00e7os dos recursos do Senai e do Senac devem financiar a oferta gratuita de cursos t\u00e9cnicos e profissionalizantes a estudantes e trabalhadores de baixa renda. \u00a0<br \/> \u00a0<br \/> Senai, Senac, Sesi e Sesc s\u00e3o mantidas pela contribui\u00e7\u00e3o compuls\u00f3ria que incide sobre a folha de pagamento dos trabalhadores da ind\u00fastria e do com\u00e9rcio. A partir do ano que vem, o Senac destinar\u00e1 20% dos recursos para cursos gratuitos e o Senai, 50%. O percentual aumentar\u00e1 a cada ano, at\u00e9 atingir o patamar pretendido. \u00a0<br \/> \u00a0<br \/> A carga hor\u00e1ria m\u00ednima dos cursos de forma\u00e7\u00e3o inicial ser\u00e1 de 160 horas. Segundo Haddad, isso vai garantir ao trabalhador uma forma\u00e7\u00e3o compat\u00edvel com as exig\u00eancias da economia moderna. Em rela\u00e7\u00e3o ao Sesi e ao Sesc, cada entidade ir\u00e1 aplicar um ter\u00e7o dos seus recursos em educa\u00e7\u00e3o, tamb\u00e9m gradualmente. Em 2009, ser\u00e3o aplicados 10% das receitas em educa\u00e7\u00e3o b\u00e1sica e a\u00e7\u00f5es educativas em sa\u00fade, esporte, lazer e cultura. \u00a0<br \/> \u00a0<br \/> De acordo com o ministro, a reforma do Sistema S faz parte de uma extensa pol\u00edtica do Minist\u00e9rio da Educa\u00e7\u00e3o, que visa valorizar a educa\u00e7\u00e3o profissional e tecnol\u00f3gica. Nessa pol\u00edtica, se insere a expans\u00e3o da rede federal de educa\u00e7\u00e3o profissional e tecnol\u00f3gica. Est\u00e3o sendo constru\u00eddas 214 novas escolas t\u00e9cnicas em todo o Brasil. A meta \u00e9 chegar a 354 escolas e 500 mil alunos, estudando gratuitamente.\u00a0<br \/> \u00a0<br \/> Haddad tamb\u00e9m falou sobre o Programa Brasil Profissionalizado, que prev\u00ea investimentos de R$ 900 milh\u00f5es, em quatro anos, para reestruturar as redes estaduais de ensino m\u00e9dio para a oferta de educa\u00e7\u00e3o profissional. A expectativa \u00e9 beneficiar 350 mil estudantes do ensino m\u00e9dio. \u201cO esfor\u00e7o do governo federal busca a eleva\u00e7\u00e3o da escolaridade e a qualifica\u00e7\u00e3o para o trabalho, compromisso com a educa\u00e7\u00e3o e a inclus\u00e3o social\u201d, destacou o ministro.\u00a0<br \/> \u00a0<br \/> \u00a0<\/p>\n","protected":false},"excerpt":{"rendered":"<p>Em pronunciamento em rede nacional de r\u00e1dio e televis\u00e3o nesta quarta-feira, 12, o ministro da Educa\u00e7\u00e3o, Fernando Haddad, anunciou que o acordo firmado entre o MEC e os dirigentes das confedera\u00e7\u00f5es nacionais da ind\u00fastria e do com\u00e9rcio agora tem for\u00e7a de lei. Dois ter\u00e7os dos recursos do Senai e do Senac devem financiar a oferta [&hellip;]<\/p>\n","protected":false},"author":1,"featured_media":0,"comment_status":"closed","ping_status":"closed","sticky":false,"template":"","format":"standard","meta":{"footnotes":"","_links_to":"","_links_to_target":""},"categories":[9],"tags":[],"class_list":["post-2345","post","type-post","status-publish","format-standard","hentry","category-noticias-da-imprensa"],"yoast_head":"<!-- This site is optimized with the Yoast SEO plugin v15.1 - https:\/\/yoast.com\/wordpress\/plugins\/seo\/ -->\n<title>Sistema S: acordo agora tem for\u00e7a de lei &raquo; Abrelivros<\/title>\n<meta name=\"robots\" content=\"index, follow, max-snippet:-1, max-image-preview:large, max-video-preview:-1\" \/>\n<link rel=\"canonical\" href=\"https:\/\/abrelivros.org.br\/site\/sistema-s-acordo-agora-tem-forca-de-lei\/\" \/>\n<meta property=\"og:locale\" content=\"pt_BR\" \/>\n<meta property=\"og:type\" content=\"article\" \/>\n<meta property=\"og:title\" content=\"Sistema S: acordo agora tem for\u00e7a de lei &raquo; Abrelivros\" \/>\n<meta property=\"og:description\" content=\"Em pronunciamento em rede nacional de r\u00e1dio e televis\u00e3o nesta quarta-feira, 12, o ministro da Educa\u00e7\u00e3o, Fernando Haddad, anunciou que o acordo firmado entre o MEC e os dirigentes das confedera\u00e7\u00f5es nacionais da ind\u00fastria e do com\u00e9rcio agora tem for\u00e7a de lei. Dois ter\u00e7os dos recursos do Senai e do Senac devem financiar a oferta [&hellip;]\" \/>\n<meta property=\"og:url\" content=\"https:\/\/abrelivros.org.br\/site\/sistema-s-acordo-agora-tem-forca-de-lei\/\" \/>\n<meta property=\"og:site_name\" content=\"Abrelivros\" \/>\n<meta property=\"article:published_time\" content=\"2008-11-13T18:29:00+00:00\" \/>\n<meta name=\"twitter:card\" content=\"summary_large_image\" \/>\n<script type=\"application\/ld+json\" class=\"yoast-schema-graph\">{\"@context\":\"https:\/\/schema.org\",\"@graph\":[{\"@type\":\"WebSite\",\"@id\":\"https:\/\/abrelivros.org.br\/site\/#website\",\"url\":\"https:\/\/abrelivros.org.br\/site\/\",\"name\":\"Abrelivros\",\"description\":\"\",\"potentialAction\":[{\"@type\":\"SearchAction\",\"target\":\"https:\/\/abrelivros.org.br\/site\/?s={search_term_string}\",\"query-input\":\"required name=search_term_string\"}],\"inLanguage\":\"pt-BR\"},{\"@type\":\"WebPage\",\"@id\":\"https:\/\/abrelivros.org.br\/site\/sistema-s-acordo-agora-tem-forca-de-lei\/#webpage\",\"url\":\"https:\/\/abrelivros.org.br\/site\/sistema-s-acordo-agora-tem-forca-de-lei\/\",\"name\":\"Sistema S: acordo agora tem for\\u00e7a de lei &raquo; Abrelivros\",\"isPartOf\":{\"@id\":\"https:\/\/abrelivros.org.br\/site\/#website\"},\"datePublished\":\"2008-11-13T18:29:00+00:00\",\"dateModified\":\"2008-11-13T18:29:00+00:00\",\"author\":{\"@id\":\"https:\/\/abrelivros.org.br\/site\/#\/schema\/person\/2b867f13a717bb230f1a3555505f5593\"},\"breadcrumb\":{\"@id\":\"https:\/\/abrelivros.org.br\/site\/sistema-s-acordo-agora-tem-forca-de-lei\/#breadcrumb\"},\"inLanguage\":\"pt-BR\",\"potentialAction\":[{\"@type\":\"ReadAction\",\"target\":[\"https:\/\/abrelivros.org.br\/site\/sistema-s-acordo-agora-tem-forca-de-lei\/\"]}]},{\"@type\":\"BreadcrumbList\",\"@id\":\"https:\/\/abrelivros.org.br\/site\/sistema-s-acordo-agora-tem-forca-de-lei\/#breadcrumb\",\"itemListElement\":[{\"@type\":\"ListItem\",\"position\":1,\"item\":{\"@type\":\"WebPage\",\"@id\":\"https:\/\/abrelivros.org.br\/site\/\",\"url\":\"https:\/\/abrelivros.org.br\/site\/\",\"name\":\"In\\u00edcio\"}},{\"@type\":\"ListItem\",\"position\":2,\"item\":{\"@type\":\"WebPage\",\"@id\":\"https:\/\/abrelivros.org.br\/site\/category\/noticias\/\",\"url\":\"https:\/\/abrelivros.org.br\/site\/category\/noticias\/\",\"name\":\"Not\\u00edcias\"}},{\"@type\":\"ListItem\",\"position\":3,\"item\":{\"@type\":\"WebPage\",\"@id\":\"https:\/\/abrelivros.org.br\/site\/category\/noticias\/noticias-da-imprensa\/\",\"url\":\"https:\/\/abrelivros.org.br\/site\/category\/noticias\/noticias-da-imprensa\/\",\"name\":\"Not\\u00edcias da imprensa\"}},{\"@type\":\"ListItem\",\"position\":4,\"item\":{\"@type\":\"WebPage\",\"@id\":\"https:\/\/abrelivros.org.br\/site\/sistema-s-acordo-agora-tem-forca-de-lei\/\",\"url\":\"https:\/\/abrelivros.org.br\/site\/sistema-s-acordo-agora-tem-forca-de-lei\/\",\"name\":\"Sistema S: acordo agora tem for\\u00e7a de lei\"}}]},{\"@type\":\"Person\",\"@id\":\"https:\/\/abrelivros.org.br\/site\/#\/schema\/person\/2b867f13a717bb230f1a3555505f5593\",\"name\":\"\\u00a0\",\"image\":{\"@type\":\"ImageObject\",\"@id\":\"https:\/\/abrelivros.org.br\/site\/#personlogo\",\"inLanguage\":\"pt-BR\",\"url\":\"https:\/\/secure.gravatar.com\/avatar\/e80b7f5231be2fff5040a8023da424898002831c5439420df182ae62676d2a6f?s=96&d=mm&r=g\",\"caption\":\"\\u00a0\"}}]}<\/script>\n<!-- \/ Yoast SEO plugin. -->","_links":{"self":[{"href":"https:\/\/abrelivros.org.br\/site\/wp-json\/wp\/v2\/posts\/2345","targetHints":{"allow":["GET"]}}],"collection":[{"href":"https:\/\/abrelivros.org.br\/site\/wp-json\/wp\/v2\/posts"}],"about":[{"href":"https:\/\/abrelivros.org.br\/site\/wp-json\/wp\/v2\/types\/post"}],"author":[{"embeddable":true,"href":"https:\/\/abrelivros.org.br\/site\/wp-json\/wp\/v2\/users\/1"}],"replies":[{"embeddable":true,"href":"https:\/\/abrelivros.org.br\/site\/wp-json\/wp\/v2\/comments?post=2345"}],"version-history":[{"count":0,"href":"https:\/\/abrelivros.org.br\/site\/wp-json\/wp\/v2\/posts\/2345\/revisions"}],"wp:attachment":[{"href":"https:\/\/abrelivros.org.br\/site\/wp-json\/wp\/v2\/media?parent=2345"}],"wp:term":[{"taxonomy":"category","embeddable":true,"href":"https:\/\/abrelivros.org.br\/site\/wp-json\/wp\/v2\/categories?post=2345"},{"taxonomy":"post_tag","embeddable":true,"href":"https:\/\/abrelivros.org.br\/site\/wp-json\/wp\/v2\/tags?post=2345"}],"curies":[{"name":"wp","href":"https:\/\/api.w.org\/{rel}","templated":true}]}}