{"id":2344,"date":"2008-11-13T16:31:00","date_gmt":"2008-11-13T18:31:00","guid":{"rendered":"https:\/\/abrelivros.org.br\/site\/2008\/11\/13\/advogados-defendem-mudanca-em-lei-autoral-para-legalizar-xerox\/"},"modified":"2008-11-13T16:31:00","modified_gmt":"2008-11-13T18:31:00","slug":"advogados-defendem-mudanca-em-lei-autoral-para-legalizar-xerox","status":"publish","type":"post","link":"https:\/\/abrelivros.org.br\/site\/advogados-defendem-mudanca-em-lei-autoral-para-legalizar-xerox\/","title":{"rendered":"Advogados defendem mudan\u00e7a em lei autoral para legalizar xerox"},"content":{"rendered":"<p>O coordenador-geral de Direito Autoral do Minist\u00e9rio da Cultura, Marcos de Souza, defendeu nesta ter\u00e7a-feira uma nova legisla\u00e7\u00e3o sobre o tema, que contemple a legaliza\u00e7\u00e3o das c\u00f3pias xerox. Segundo ele, esse assunto tem sido tratado como caso de pol\u00edcia, mas deveria ser abordado como pol\u00edtica p\u00fablica. Para Souza, tamb\u00e9m \u00e9 necess\u00e1rio haver uma redefini\u00e7\u00e3o do papel do Estado no campo dos direitos autorais. \u201cCom o atual marco regulat\u00f3rio, o Estado n\u00e3o tem condi\u00e7\u00f5es de ser eficaz na fiscaliza\u00e7\u00e3o e na arbitragem do setor\u201c, argumentou ele, durante audi\u00eancia p\u00fablica sobre o tema promovida pela Comiss\u00e3o de Educa\u00e7\u00e3o e Cultura.\u00a0<br \/> \u00a0<br \/> Segundo o advogado Guilherme Carboni, a restri\u00e7\u00e3o \u00e0s c\u00f3pias xerox afeta o direito \u00e0 educa\u00e7\u00e3o. Ele argumentou que o acesso a informa\u00e7\u00f5es n\u00e3o representa uma quebra de direitos autorais. \u00a0<br \/> \u00a0<br \/> Carboni pediu que as leis sobre esses direitos sejam adaptadas aos avan\u00e7os da inform\u00e1tica: \u201cAs novas tecnologias trazem transforma\u00e7\u00f5es sociais e econ\u00f4micas que geram a necessidade de uma mudan\u00e7a do direito autoral, principalmente em setores mais cr\u00edticos para um pa\u00eds em desenvolvimento, como a educa\u00e7\u00e3o. Eu defendo que a lei seja revista para atender \u00e0 demanda por um acesso maior a informa\u00e7\u00f5es.\u201c\u00a0<br \/> \u00a0<br \/> A Lei 9610\/98, que rege os direitos autorais no Brasil, tem sido criticada por especialistas pelo fato de n\u00e3o estabelecer um equil\u00edbrio satisfat\u00f3rio entre o direito ao acesso p\u00fablico a informa\u00e7\u00f5es, garantido pela Constitui\u00e7\u00e3o, e a prote\u00e7\u00e3o do direito do autor.\u00a0<br \/> \u00a0<br \/><B> Patrim\u00f4nio\u00a0<br \/><\/B> Por\u00e9m, representantes de artistas e o Escrit\u00f3rio Central de Arrecada\u00e7\u00e3o e Distribui\u00e7\u00e3o de direitos Autorais (Ecad) defenderam a atual legisla\u00e7\u00e3o. O presidente da Sociedade Brasileira de Administra\u00e7\u00e3o e Prote\u00e7\u00e3o de Direitos Intelectuais, o cantor Silvio Cezar, defendeu que o livre acesso \u00e0 cultura precisa ser feito de forma justa, sem dilapidar o patrim\u00f4nio do autor. \u00a0<br \/> \u00a0<br \/> \u201cA Constitui\u00e7\u00e3o prev\u00ea o livre acesso, mas n\u00e3o podemos esquecer que a cultura \u00e9 produzida por profissionais que vivem do seu trabalho. Como vamos resolver essa quest\u00e3o? Como vamos propiciar o acesso \u00e0 cultura sem prejudicar o criador, que depende de sua obra para sobreviver?\u201c indagou. \u00a0<br \/> \u00a0<br \/> O deputado Angelo Vanhoni (PT-PR) afirmou que esse debate \u00e9 importante para a produ\u00e7\u00e3o cultural do Pa\u00eds, e que uma nova legisla\u00e7\u00e3o \u00e9 necess\u00e1ria. \u201cH\u00e1 uma transforma\u00e7\u00e3o muito grande do ponto de vista das tecnologias de reprodu\u00e7\u00e3o e de acesso aos bens culturais. A internet est\u00e1 a\u00ed. Ent\u00e3o, \u00e9 preciso haver uma nova lei que contemple o direito de acesso \u00e0 livre informa\u00e7\u00e3o e tamb\u00e9m o direito de autor\u201c, concluiu\u00a0<br \/>  \u00a0<\/p>\n","protected":false},"excerpt":{"rendered":"<p>O coordenador-geral de Direito Autoral do Minist\u00e9rio da Cultura, Marcos de Souza, defendeu nesta ter\u00e7a-feira uma nova legisla\u00e7\u00e3o sobre o tema, que contemple a legaliza\u00e7\u00e3o das c\u00f3pias xerox. Segundo ele, esse assunto tem sido tratado como caso de pol\u00edcia, mas deveria ser abordado como pol\u00edtica p\u00fablica. Para Souza, tamb\u00e9m \u00e9 necess\u00e1rio haver uma redefini\u00e7\u00e3o do [&hellip;]<\/p>\n","protected":false},"author":1,"featured_media":0,"comment_status":"closed","ping_status":"closed","sticky":false,"template":"","format":"standard","meta":{"footnotes":"","_links_to":"","_links_to_target":""},"categories":[9],"tags":[],"class_list":["post-2344","post","type-post","status-publish","format-standard","hentry","category-noticias-da-imprensa"],"yoast_head":"<!-- This site is optimized with the Yoast SEO plugin v15.1 - https:\/\/yoast.com\/wordpress\/plugins\/seo\/ -->\n<title>Advogados defendem mudan\u00e7a em lei autoral para legalizar xerox &raquo; Abrelivros<\/title>\n<meta name=\"robots\" content=\"index, follow, max-snippet:-1, max-image-preview:large, max-video-preview:-1\" \/>\n<link rel=\"canonical\" href=\"https:\/\/abrelivros.org.br\/site\/advogados-defendem-mudanca-em-lei-autoral-para-legalizar-xerox\/\" \/>\n<meta property=\"og:locale\" content=\"pt_BR\" \/>\n<meta property=\"og:type\" content=\"article\" \/>\n<meta property=\"og:title\" content=\"Advogados defendem mudan\u00e7a em lei autoral para legalizar xerox &raquo; Abrelivros\" \/>\n<meta property=\"og:description\" content=\"O coordenador-geral de Direito Autoral do Minist\u00e9rio da Cultura, Marcos de Souza, defendeu nesta ter\u00e7a-feira uma nova legisla\u00e7\u00e3o sobre o tema, que contemple a legaliza\u00e7\u00e3o das c\u00f3pias xerox. Segundo ele, esse assunto tem sido tratado como caso de pol\u00edcia, mas deveria ser abordado como pol\u00edtica p\u00fablica. Para Souza, tamb\u00e9m \u00e9 necess\u00e1rio haver uma redefini\u00e7\u00e3o do [&hellip;]\" \/>\n<meta property=\"og:url\" content=\"https:\/\/abrelivros.org.br\/site\/advogados-defendem-mudanca-em-lei-autoral-para-legalizar-xerox\/\" \/>\n<meta property=\"og:site_name\" content=\"Abrelivros\" \/>\n<meta property=\"article:published_time\" content=\"2008-11-13T18:31:00+00:00\" \/>\n<meta name=\"twitter:card\" content=\"summary_large_image\" \/>\n<script type=\"application\/ld+json\" class=\"yoast-schema-graph\">{\"@context\":\"https:\/\/schema.org\",\"@graph\":[{\"@type\":\"WebSite\",\"@id\":\"https:\/\/abrelivros.org.br\/site\/#website\",\"url\":\"https:\/\/abrelivros.org.br\/site\/\",\"name\":\"Abrelivros\",\"description\":\"\",\"potentialAction\":[{\"@type\":\"SearchAction\",\"target\":\"https:\/\/abrelivros.org.br\/site\/?s={search_term_string}\",\"query-input\":\"required name=search_term_string\"}],\"inLanguage\":\"pt-BR\"},{\"@type\":\"WebPage\",\"@id\":\"https:\/\/abrelivros.org.br\/site\/advogados-defendem-mudanca-em-lei-autoral-para-legalizar-xerox\/#webpage\",\"url\":\"https:\/\/abrelivros.org.br\/site\/advogados-defendem-mudanca-em-lei-autoral-para-legalizar-xerox\/\",\"name\":\"Advogados defendem mudan\\u00e7a em lei autoral para legalizar xerox &raquo; Abrelivros\",\"isPartOf\":{\"@id\":\"https:\/\/abrelivros.org.br\/site\/#website\"},\"datePublished\":\"2008-11-13T18:31:00+00:00\",\"dateModified\":\"2008-11-13T18:31:00+00:00\",\"author\":{\"@id\":\"https:\/\/abrelivros.org.br\/site\/#\/schema\/person\/2b867f13a717bb230f1a3555505f5593\"},\"breadcrumb\":{\"@id\":\"https:\/\/abrelivros.org.br\/site\/advogados-defendem-mudanca-em-lei-autoral-para-legalizar-xerox\/#breadcrumb\"},\"inLanguage\":\"pt-BR\",\"potentialAction\":[{\"@type\":\"ReadAction\",\"target\":[\"https:\/\/abrelivros.org.br\/site\/advogados-defendem-mudanca-em-lei-autoral-para-legalizar-xerox\/\"]}]},{\"@type\":\"BreadcrumbList\",\"@id\":\"https:\/\/abrelivros.org.br\/site\/advogados-defendem-mudanca-em-lei-autoral-para-legalizar-xerox\/#breadcrumb\",\"itemListElement\":[{\"@type\":\"ListItem\",\"position\":1,\"item\":{\"@type\":\"WebPage\",\"@id\":\"https:\/\/abrelivros.org.br\/site\/\",\"url\":\"https:\/\/abrelivros.org.br\/site\/\",\"name\":\"In\\u00edcio\"}},{\"@type\":\"ListItem\",\"position\":2,\"item\":{\"@type\":\"WebPage\",\"@id\":\"https:\/\/abrelivros.org.br\/site\/category\/noticias\/\",\"url\":\"https:\/\/abrelivros.org.br\/site\/category\/noticias\/\",\"name\":\"Not\\u00edcias\"}},{\"@type\":\"ListItem\",\"position\":3,\"item\":{\"@type\":\"WebPage\",\"@id\":\"https:\/\/abrelivros.org.br\/site\/category\/noticias\/noticias-da-imprensa\/\",\"url\":\"https:\/\/abrelivros.org.br\/site\/category\/noticias\/noticias-da-imprensa\/\",\"name\":\"Not\\u00edcias da imprensa\"}},{\"@type\":\"ListItem\",\"position\":4,\"item\":{\"@type\":\"WebPage\",\"@id\":\"https:\/\/abrelivros.org.br\/site\/advogados-defendem-mudanca-em-lei-autoral-para-legalizar-xerox\/\",\"url\":\"https:\/\/abrelivros.org.br\/site\/advogados-defendem-mudanca-em-lei-autoral-para-legalizar-xerox\/\",\"name\":\"Advogados defendem mudan\\u00e7a em lei autoral para legalizar xerox\"}}]},{\"@type\":\"Person\",\"@id\":\"https:\/\/abrelivros.org.br\/site\/#\/schema\/person\/2b867f13a717bb230f1a3555505f5593\",\"name\":\"\\u00a0\",\"image\":{\"@type\":\"ImageObject\",\"@id\":\"https:\/\/abrelivros.org.br\/site\/#personlogo\",\"inLanguage\":\"pt-BR\",\"url\":\"https:\/\/secure.gravatar.com\/avatar\/e80b7f5231be2fff5040a8023da424898002831c5439420df182ae62676d2a6f?s=96&d=mm&r=g\",\"caption\":\"\\u00a0\"}}]}<\/script>\n<!-- \/ Yoast SEO plugin. -->","_links":{"self":[{"href":"https:\/\/abrelivros.org.br\/site\/wp-json\/wp\/v2\/posts\/2344","targetHints":{"allow":["GET"]}}],"collection":[{"href":"https:\/\/abrelivros.org.br\/site\/wp-json\/wp\/v2\/posts"}],"about":[{"href":"https:\/\/abrelivros.org.br\/site\/wp-json\/wp\/v2\/types\/post"}],"author":[{"embeddable":true,"href":"https:\/\/abrelivros.org.br\/site\/wp-json\/wp\/v2\/users\/1"}],"replies":[{"embeddable":true,"href":"https:\/\/abrelivros.org.br\/site\/wp-json\/wp\/v2\/comments?post=2344"}],"version-history":[{"count":0,"href":"https:\/\/abrelivros.org.br\/site\/wp-json\/wp\/v2\/posts\/2344\/revisions"}],"wp:attachment":[{"href":"https:\/\/abrelivros.org.br\/site\/wp-json\/wp\/v2\/media?parent=2344"}],"wp:term":[{"taxonomy":"category","embeddable":true,"href":"https:\/\/abrelivros.org.br\/site\/wp-json\/wp\/v2\/categories?post=2344"},{"taxonomy":"post_tag","embeddable":true,"href":"https:\/\/abrelivros.org.br\/site\/wp-json\/wp\/v2\/tags?post=2344"}],"curies":[{"name":"wp","href":"https:\/\/api.w.org\/{rel}","templated":true}]}}