{"id":2343,"date":"2008-11-13T16:41:00","date_gmt":"2008-11-13T18:41:00","guid":{"rendered":"https:\/\/abrelivros.org.br\/site\/2008\/11\/13\/estereotipos-e-baixa-representacao-de-racas-e-genero-caracterizam-livro-didatico-afirma-pesquisadora\/"},"modified":"2008-11-13T16:41:00","modified_gmt":"2008-11-13T18:41:00","slug":"estereotipos-e-baixa-representacao-de-racas-e-genero-caracterizam-livro-didatico-afirma-pesquisadora","status":"publish","type":"post","link":"https:\/\/abrelivros.org.br\/site\/estereotipos-e-baixa-representacao-de-racas-e-genero-caracterizam-livro-didatico-afirma-pesquisadora\/","title":{"rendered":"Estere\u00f3tipos e baixa representa\u00e7\u00e3o de ra\u00e7as e g\u00eanero caracterizam livro did\u00e1tico, afirma pesquisadora"},"content":{"rendered":"<p>Mesmo sem veicular preconceitos expl\u00edcitos, o livro did\u00e1tico brasileiro ainda reproduz estere\u00f3tipos de g\u00eanero e ra\u00e7a, principalmente uma intensa sub-representa\u00e7\u00e3o de negros, ind\u00edgenas, mulheres e, inclusive, de crian\u00e7as. A afirma\u00e7\u00e3o foi feita nesta quarta-feira (12), em audi\u00eancia na Comiss\u00e3o de Educa\u00e7\u00e3o, Cultura e Esporte (CE), pela pesquisadora F\u00falvia Rosemberg, que coordena, na Funda\u00e7\u00e3o Carlos Chagas, o programa de bolsas de p\u00f3s-gradua\u00e7\u00e3o da Funda\u00e7\u00e3o Ford. \u00a0<br \/> \u00a0<br \/> F\u00falvia citou estudo com sua co-autoria envolvendo o exame de 33 livros de Portugu\u00eas, em que s\u00e3o encontradas apenas duas meninas n\u00e3o-brancas nas ilustra\u00e7\u00f5es, ao lado de 241 personagens homens, todos brancos e adultos. Segundo ela, para pesquisadores e ativistas isso seria um indicador de discrimina\u00e7\u00e3o. No entanto, esses indicadores ainda n\u00e3o s\u00e3o vistos desse modo pelas comiss\u00f5es de avalia\u00e7\u00f5es do livro did\u00e1tico, na aplica\u00e7\u00e3o dos crit\u00e9rios gerais de \u00e9tica e cidadania que devem orientar a sele\u00e7\u00e3o dos livros.\u00a0<br \/> \u00a0<br \/> Por sugest\u00e3o do senador Gerson Camata (PMDB-ES), a audi\u00eancia foi convocada para tratar das pol\u00edticas p\u00fablicas para o livro did\u00e1tico, conduzidas por meio do Programa Nacional do Livro Did\u00e1tico (PNLD). Outro objetivo seria discutir suposta \u201cideologiza\u00e7\u00e3o\u201c dos textos, do ponto de vista pol\u00edtico &#8211; problema visto como pouco importante pelos participantes. De acordo com o senador capixaba, os autores da den\u00fancia n\u00e3o puderam comparecer ao debate.\u00a0<br \/> \u00a0<br \/> A senadora Marina Silva (PT-AC) chegou a criticar o ponto de vista das pessoas que acreditam ser poss\u00edvel uma \u201cassepsia\u201c ideol\u00f3gica do livro did\u00e1tico. Segundo ela, o livro \u00e9 um produto autoral e reflete a \u201csubjetividade\u201c de quem o elabora, sem dispensar que o escritor se guie com \u201csensibilidade e equil\u00edbrio\u201c. Para F\u00falvia, com respeito ao tratamento das quest\u00f5es da inf\u00e2ncia, g\u00eanero e ra\u00e7a, os livros tendem a ser at\u00e9 mais conservadores que outras m\u00eddias. \u00a0<br \/> \u00a0<br \/> &#8211; Talvez esta devesse ser uma preocupa\u00e7\u00e3o maior de n\u00f3s, educadores, quando discutimos a avalia\u00e7\u00e3o dos livros did\u00e1ticos &#8211; afirmou. \u00a0<br \/> \u00a0<br \/><B> Progresso\u00a0<br \/> \u00a0<br \/><\/B> De todo modo, a pesquisadora refor\u00e7ou o ponto de vista geral de que o sistema de avalia\u00e7\u00e3o dos livros adotado pelo PNLD deve ser mantido, pois vem sendo aperfei\u00e7oado a cada ano. Todos acharam dispens\u00e1vel a id\u00e9ia de um monitoramento direto do Legislativo sobre as atividades das comiss\u00f5es de professores especialistas que fazem a avalia\u00e7\u00e3o pr\u00e9via das publica\u00e7\u00f5es &#8211; a compra, para distribui\u00e7\u00e3o final \u00e0s escolas, segue indica\u00e7\u00f5es dos professores de cada estabelecimento.\u00a0<br \/> \u00a0<br \/> Para o representante do Minist\u00e9rio da Educa\u00e7\u00e3o, Marcelo Soares Pereira da Silva, a melhor forma de participa\u00e7\u00e3o do Legislativo no processo \u00e9 a realiza\u00e7\u00e3o de debates mais freq\u00fcentes de audi\u00eancias p\u00fablicas sobre o tema. Ele informou que, para 2008, ser\u00e3o empregados R$ 680 milh\u00f5es no programa do livro did\u00e1tico. A previs\u00e3o \u00e9 de que sejam distribu\u00eddos cerca de 110 milh\u00f5es de livros, para atendimento a 32 milh\u00f5es de alunos do ensino fundamental e m\u00e9dio. \u00a0<br \/> \u00a0<br \/> Jos\u00e9 de Nicola Neto, que preside a Associa\u00e7\u00e3o Brasileira dos Autores de Livros Educativos (Abrale), observou que o programa do livro did\u00e1tico atendia h\u00e1 20 anos a n\u00e3o mais que 5% dos estudantes das escolas p\u00fablicas brasileiras. Ainda hoje, explicou, o Brasil registra um consumo per capita de dois livros por ano, o que daria uma dimens\u00e3o da import\u00e2ncia do programa governamental. \u00a0<br \/> \u00a0<br \/> &#8211; O livro did\u00e1tico \u00e9 uma pol\u00edtica de Estado indispens\u00e1vel. Temos que defender programa dessa dimens\u00e3o num pa\u00eds em que o consumo de livros \u00e9 absolutamente lament\u00e1vel &#8211; afirmou. \u00a0<br \/> \u00a0<br \/> O senador S\u00e9rgio Zambiasi (PTB-RS) aproveitou para anunciar sua participa\u00e7\u00e3o, nos pr\u00f3ximos dias, na Feira do Livro de Porto Alegre, em que representar\u00e1 o Senado, que ir\u00e1 colocar a venda obras de seu cat\u00e1logo. Uma das publica\u00e7\u00f5es que ser\u00e3o levadas \u00e0 feira \u00e9 o livro Caminhos de Garibaldi na America do Sul, prefaciada pelo senador pelo Rio Grande do Sul.\u00a0<br \/> \u00a0<br \/>  \u00a0<\/p>\n","protected":false},"excerpt":{"rendered":"<p>Mesmo sem veicular preconceitos expl\u00edcitos, o livro did\u00e1tico brasileiro ainda reproduz estere\u00f3tipos de g\u00eanero e ra\u00e7a, principalmente uma intensa sub-representa\u00e7\u00e3o de negros, ind\u00edgenas, mulheres e, inclusive, de crian\u00e7as. A afirma\u00e7\u00e3o foi feita nesta quarta-feira (12), em audi\u00eancia na Comiss\u00e3o de Educa\u00e7\u00e3o, Cultura e Esporte (CE), pela pesquisadora F\u00falvia Rosemberg, que coordena, na Funda\u00e7\u00e3o Carlos Chagas, [&hellip;]<\/p>\n","protected":false},"author":1,"featured_media":0,"comment_status":"closed","ping_status":"closed","sticky":false,"template":"","format":"standard","meta":{"footnotes":"","_links_to":"","_links_to_target":""},"categories":[9],"tags":[],"class_list":["post-2343","post","type-post","status-publish","format-standard","hentry","category-noticias-da-imprensa"],"yoast_head":"<!-- This site is optimized with the Yoast SEO plugin v15.1 - https:\/\/yoast.com\/wordpress\/plugins\/seo\/ -->\n<title>Estere\u00f3tipos e baixa representa\u00e7\u00e3o de ra\u00e7as e g\u00eanero caracterizam livro did\u00e1tico, afirma pesquisadora &raquo; Abrelivros<\/title>\n<meta name=\"robots\" content=\"index, follow, max-snippet:-1, max-image-preview:large, max-video-preview:-1\" \/>\n<link rel=\"canonical\" href=\"https:\/\/abrelivros.org.br\/site\/estereotipos-e-baixa-representacao-de-racas-e-genero-caracterizam-livro-didatico-afirma-pesquisadora\/\" \/>\n<meta property=\"og:locale\" content=\"pt_BR\" \/>\n<meta property=\"og:type\" content=\"article\" \/>\n<meta property=\"og:title\" content=\"Estere\u00f3tipos e baixa representa\u00e7\u00e3o de ra\u00e7as e g\u00eanero caracterizam livro did\u00e1tico, afirma pesquisadora &raquo; Abrelivros\" \/>\n<meta property=\"og:description\" content=\"Mesmo sem veicular preconceitos expl\u00edcitos, o livro did\u00e1tico brasileiro ainda reproduz estere\u00f3tipos de g\u00eanero e ra\u00e7a, principalmente uma intensa sub-representa\u00e7\u00e3o de negros, ind\u00edgenas, mulheres e, inclusive, de crian\u00e7as. A afirma\u00e7\u00e3o foi feita nesta quarta-feira (12), em audi\u00eancia na Comiss\u00e3o de Educa\u00e7\u00e3o, Cultura e Esporte (CE), pela pesquisadora F\u00falvia Rosemberg, que coordena, na Funda\u00e7\u00e3o Carlos Chagas, [&hellip;]\" \/>\n<meta property=\"og:url\" content=\"https:\/\/abrelivros.org.br\/site\/estereotipos-e-baixa-representacao-de-racas-e-genero-caracterizam-livro-didatico-afirma-pesquisadora\/\" \/>\n<meta property=\"og:site_name\" content=\"Abrelivros\" \/>\n<meta property=\"article:published_time\" content=\"2008-11-13T18:41:00+00:00\" \/>\n<meta name=\"twitter:card\" content=\"summary_large_image\" \/>\n<script type=\"application\/ld+json\" class=\"yoast-schema-graph\">{\"@context\":\"https:\/\/schema.org\",\"@graph\":[{\"@type\":\"WebSite\",\"@id\":\"https:\/\/abrelivros.org.br\/site\/#website\",\"url\":\"https:\/\/abrelivros.org.br\/site\/\",\"name\":\"Abrelivros\",\"description\":\"\",\"potentialAction\":[{\"@type\":\"SearchAction\",\"target\":\"https:\/\/abrelivros.org.br\/site\/?s={search_term_string}\",\"query-input\":\"required name=search_term_string\"}],\"inLanguage\":\"pt-BR\"},{\"@type\":\"WebPage\",\"@id\":\"https:\/\/abrelivros.org.br\/site\/estereotipos-e-baixa-representacao-de-racas-e-genero-caracterizam-livro-didatico-afirma-pesquisadora\/#webpage\",\"url\":\"https:\/\/abrelivros.org.br\/site\/estereotipos-e-baixa-representacao-de-racas-e-genero-caracterizam-livro-didatico-afirma-pesquisadora\/\",\"name\":\"Estere\\u00f3tipos e baixa representa\\u00e7\\u00e3o de ra\\u00e7as e g\\u00eanero caracterizam livro did\\u00e1tico, afirma pesquisadora &raquo; Abrelivros\",\"isPartOf\":{\"@id\":\"https:\/\/abrelivros.org.br\/site\/#website\"},\"datePublished\":\"2008-11-13T18:41:00+00:00\",\"dateModified\":\"2008-11-13T18:41:00+00:00\",\"author\":{\"@id\":\"https:\/\/abrelivros.org.br\/site\/#\/schema\/person\/2b867f13a717bb230f1a3555505f5593\"},\"breadcrumb\":{\"@id\":\"https:\/\/abrelivros.org.br\/site\/estereotipos-e-baixa-representacao-de-racas-e-genero-caracterizam-livro-didatico-afirma-pesquisadora\/#breadcrumb\"},\"inLanguage\":\"pt-BR\",\"potentialAction\":[{\"@type\":\"ReadAction\",\"target\":[\"https:\/\/abrelivros.org.br\/site\/estereotipos-e-baixa-representacao-de-racas-e-genero-caracterizam-livro-didatico-afirma-pesquisadora\/\"]}]},{\"@type\":\"BreadcrumbList\",\"@id\":\"https:\/\/abrelivros.org.br\/site\/estereotipos-e-baixa-representacao-de-racas-e-genero-caracterizam-livro-didatico-afirma-pesquisadora\/#breadcrumb\",\"itemListElement\":[{\"@type\":\"ListItem\",\"position\":1,\"item\":{\"@type\":\"WebPage\",\"@id\":\"https:\/\/abrelivros.org.br\/site\/\",\"url\":\"https:\/\/abrelivros.org.br\/site\/\",\"name\":\"In\\u00edcio\"}},{\"@type\":\"ListItem\",\"position\":2,\"item\":{\"@type\":\"WebPage\",\"@id\":\"https:\/\/abrelivros.org.br\/site\/category\/noticias\/\",\"url\":\"https:\/\/abrelivros.org.br\/site\/category\/noticias\/\",\"name\":\"Not\\u00edcias\"}},{\"@type\":\"ListItem\",\"position\":3,\"item\":{\"@type\":\"WebPage\",\"@id\":\"https:\/\/abrelivros.org.br\/site\/category\/noticias\/noticias-da-imprensa\/\",\"url\":\"https:\/\/abrelivros.org.br\/site\/category\/noticias\/noticias-da-imprensa\/\",\"name\":\"Not\\u00edcias da imprensa\"}},{\"@type\":\"ListItem\",\"position\":4,\"item\":{\"@type\":\"WebPage\",\"@id\":\"https:\/\/abrelivros.org.br\/site\/estereotipos-e-baixa-representacao-de-racas-e-genero-caracterizam-livro-didatico-afirma-pesquisadora\/\",\"url\":\"https:\/\/abrelivros.org.br\/site\/estereotipos-e-baixa-representacao-de-racas-e-genero-caracterizam-livro-didatico-afirma-pesquisadora\/\",\"name\":\"Estere\\u00f3tipos e baixa representa\\u00e7\\u00e3o de ra\\u00e7as e g\\u00eanero caracterizam livro did\\u00e1tico, afirma pesquisadora\"}}]},{\"@type\":\"Person\",\"@id\":\"https:\/\/abrelivros.org.br\/site\/#\/schema\/person\/2b867f13a717bb230f1a3555505f5593\",\"name\":\"\\u00a0\",\"image\":{\"@type\":\"ImageObject\",\"@id\":\"https:\/\/abrelivros.org.br\/site\/#personlogo\",\"inLanguage\":\"pt-BR\",\"url\":\"https:\/\/secure.gravatar.com\/avatar\/e80b7f5231be2fff5040a8023da424898002831c5439420df182ae62676d2a6f?s=96&d=mm&r=g\",\"caption\":\"\\u00a0\"}}]}<\/script>\n<!-- \/ Yoast SEO plugin. -->","_links":{"self":[{"href":"https:\/\/abrelivros.org.br\/site\/wp-json\/wp\/v2\/posts\/2343","targetHints":{"allow":["GET"]}}],"collection":[{"href":"https:\/\/abrelivros.org.br\/site\/wp-json\/wp\/v2\/posts"}],"about":[{"href":"https:\/\/abrelivros.org.br\/site\/wp-json\/wp\/v2\/types\/post"}],"author":[{"embeddable":true,"href":"https:\/\/abrelivros.org.br\/site\/wp-json\/wp\/v2\/users\/1"}],"replies":[{"embeddable":true,"href":"https:\/\/abrelivros.org.br\/site\/wp-json\/wp\/v2\/comments?post=2343"}],"version-history":[{"count":0,"href":"https:\/\/abrelivros.org.br\/site\/wp-json\/wp\/v2\/posts\/2343\/revisions"}],"wp:attachment":[{"href":"https:\/\/abrelivros.org.br\/site\/wp-json\/wp\/v2\/media?parent=2343"}],"wp:term":[{"taxonomy":"category","embeddable":true,"href":"https:\/\/abrelivros.org.br\/site\/wp-json\/wp\/v2\/categories?post=2343"},{"taxonomy":"post_tag","embeddable":true,"href":"https:\/\/abrelivros.org.br\/site\/wp-json\/wp\/v2\/tags?post=2343"}],"curies":[{"name":"wp","href":"https:\/\/api.w.org\/{rel}","templated":true}]}}