{"id":2342,"date":"2008-11-14T15:31:00","date_gmt":"2008-11-14T17:31:00","guid":{"rendered":"https:\/\/abrelivros.org.br\/site\/2008\/11\/14\/industria-grafica-apreensao-e-otimismo-para-2009\/"},"modified":"2008-11-14T15:31:00","modified_gmt":"2008-11-14T17:31:00","slug":"industria-grafica-apreensao-e-otimismo-para-2009","status":"publish","type":"post","link":"https:\/\/abrelivros.org.br\/site\/industria-grafica-apreensao-e-otimismo-para-2009\/","title":{"rendered":"Ind\u00fastria gr\u00e1fica: apreens\u00e3o e otimismo para 2009"},"content":{"rendered":"<p>O Globo vem, desde o  in\u00edcio de outubro, conversando com diversos setores da economia para saber como a atual crise afetou cada \u00e1rea. Hoje, conversamos com o presidente da Associa\u00e7\u00e3o Brasileira da Ind\u00fastria Gr\u00e1fica em S\u00e3o Paulo (Abigraf S\u00e3o Paulo), Fabio Mortara, que prev\u00ea um crescimento pelo menos 25% menor em 2009 que neste ano. Para 2008, o setor espera crescer 2%, com bom desempenho da \u00e1rea de livros, jornais e revistas. Para 2009, a previs\u00e3o \u00e9 de crescer entre 1% e 1,5%. O maior temor da ind\u00fastria gr\u00e1fica, segundo ele, est\u00e1 nas embalagens, que atende a grandes empresas. At\u00e9 quarta-feira devem sair os n\u00fameros das vendas de papel\u00e3o ondulado, que \u00e9 um indicador futuro da produ\u00e7\u00e3o de ind\u00fastrias.\u00a0<br \/> \u00a0<br \/> &#8211; N\u00f3s vemos 2009 com apreens\u00e3o e otimismo. A apreens\u00e3o \u00e9 com a crise. \u00c9 sempre prudente esperar para baixar a poeira. Mas ainda prevemos um ano com crescimento, mesmo que n\u00e3o t\u00e3o bom quanto 2008 &#8211; diz Mortara. \u00a0<br \/> \u00a0<br \/> A ind\u00fastria gr\u00e1fica brasileira comprou mais de US$ 2,8 bilh\u00f5es em equipamentos nos \u00faltimos dois anos. Ela est\u00e1 presente em diversos setores da economia. Um dos principais clientes \u00e9 o governo, com livros did\u00e1ticos. Outro importante ramo de atua\u00e7\u00e3o \u00e9 com as ind\u00fastrias da constru\u00e7\u00e3o civil. Muitas j\u00e1 anunciaram que v\u00e3o lan\u00e7ar menos empreendimentos em 2009. Editoras tamb\u00e9m est\u00e3o postergando lan\u00e7amentos de livros. E isto impacta o setor.\u00a0<br \/> \u00a0<br \/> &#8211; Com menos empreendimentos imobili\u00e1rios, cai a \u00e1rea de atua\u00e7\u00e3o. Sobre cancelamentos e adiamentos na ind\u00fastria liter\u00e1ria, acho que eles ser\u00e3o retomados e, aos poucos, o cen\u00e1rio deve mudar. Acredito na m\u00e1xima que diz que na crise \u00e9 se deve divulgar mais &#8211; diz o presidente da Abigraf-SP.\u00a0<br \/> \u00a0<br \/> As exporta\u00e7\u00f5es da ind\u00fastria gr\u00e1fica tamb\u00e9m est\u00e3o sob os impactos da crise. Nos \u00faltimos 12 meses, o d\u00e9ficit da balan\u00e7a comercial do setor soma US$ 104,7 milh\u00f5es, com exporta\u00e7\u00f5es acumuladas no per\u00edodo de US$ 260,3 milh\u00f5es. Mas isto representa pouco, cerca de 1% do total que o setor movimenta. A aposta est\u00e1 no mercado interno, que vai crescer menos no pr\u00f3ximo ano.\u00a0<br \/> \u00a0<\/p>\n","protected":false},"excerpt":{"rendered":"<p>O Globo vem, desde o in\u00edcio de outubro, conversando com diversos setores da economia para saber como a atual crise afetou cada \u00e1rea. Hoje, conversamos com o presidente da Associa\u00e7\u00e3o Brasileira da Ind\u00fastria Gr\u00e1fica em S\u00e3o Paulo (Abigraf S\u00e3o Paulo), Fabio Mortara, que prev\u00ea um crescimento pelo menos 25% menor em 2009 que neste ano. [&hellip;]<\/p>\n","protected":false},"author":1,"featured_media":0,"comment_status":"closed","ping_status":"closed","sticky":false,"template":"","format":"standard","meta":{"footnotes":"","_links_to":"","_links_to_target":""},"categories":[9],"tags":[],"class_list":["post-2342","post","type-post","status-publish","format-standard","hentry","category-noticias-da-imprensa"],"yoast_head":"<!-- This site is optimized with the Yoast SEO plugin v15.1 - https:\/\/yoast.com\/wordpress\/plugins\/seo\/ -->\n<title>Ind\u00fastria gr\u00e1fica: apreens\u00e3o e otimismo para 2009 &raquo; Abrelivros<\/title>\n<meta name=\"robots\" content=\"index, follow, max-snippet:-1, max-image-preview:large, max-video-preview:-1\" \/>\n<link rel=\"canonical\" href=\"https:\/\/abrelivros.org.br\/site\/industria-grafica-apreensao-e-otimismo-para-2009\/\" \/>\n<meta property=\"og:locale\" content=\"pt_BR\" \/>\n<meta property=\"og:type\" content=\"article\" \/>\n<meta property=\"og:title\" content=\"Ind\u00fastria gr\u00e1fica: apreens\u00e3o e otimismo para 2009 &raquo; Abrelivros\" \/>\n<meta property=\"og:description\" content=\"O Globo vem, desde o in\u00edcio de outubro, conversando com diversos setores da economia para saber como a atual crise afetou cada \u00e1rea. Hoje, conversamos com o presidente da Associa\u00e7\u00e3o Brasileira da Ind\u00fastria Gr\u00e1fica em S\u00e3o Paulo (Abigraf S\u00e3o Paulo), Fabio Mortara, que prev\u00ea um crescimento pelo menos 25% menor em 2009 que neste ano. [&hellip;]\" \/>\n<meta property=\"og:url\" content=\"https:\/\/abrelivros.org.br\/site\/industria-grafica-apreensao-e-otimismo-para-2009\/\" \/>\n<meta property=\"og:site_name\" content=\"Abrelivros\" \/>\n<meta property=\"article:published_time\" content=\"2008-11-14T17:31:00+00:00\" \/>\n<meta name=\"twitter:card\" content=\"summary_large_image\" \/>\n<script type=\"application\/ld+json\" class=\"yoast-schema-graph\">{\"@context\":\"https:\/\/schema.org\",\"@graph\":[{\"@type\":\"WebSite\",\"@id\":\"https:\/\/abrelivros.org.br\/site\/#website\",\"url\":\"https:\/\/abrelivros.org.br\/site\/\",\"name\":\"Abrelivros\",\"description\":\"\",\"potentialAction\":[{\"@type\":\"SearchAction\",\"target\":\"https:\/\/abrelivros.org.br\/site\/?s={search_term_string}\",\"query-input\":\"required name=search_term_string\"}],\"inLanguage\":\"pt-BR\"},{\"@type\":\"WebPage\",\"@id\":\"https:\/\/abrelivros.org.br\/site\/industria-grafica-apreensao-e-otimismo-para-2009\/#webpage\",\"url\":\"https:\/\/abrelivros.org.br\/site\/industria-grafica-apreensao-e-otimismo-para-2009\/\",\"name\":\"Ind\\u00fastria gr\\u00e1fica: apreens\\u00e3o e otimismo para 2009 &raquo; Abrelivros\",\"isPartOf\":{\"@id\":\"https:\/\/abrelivros.org.br\/site\/#website\"},\"datePublished\":\"2008-11-14T17:31:00+00:00\",\"dateModified\":\"2008-11-14T17:31:00+00:00\",\"author\":{\"@id\":\"https:\/\/abrelivros.org.br\/site\/#\/schema\/person\/2b867f13a717bb230f1a3555505f5593\"},\"breadcrumb\":{\"@id\":\"https:\/\/abrelivros.org.br\/site\/industria-grafica-apreensao-e-otimismo-para-2009\/#breadcrumb\"},\"inLanguage\":\"pt-BR\",\"potentialAction\":[{\"@type\":\"ReadAction\",\"target\":[\"https:\/\/abrelivros.org.br\/site\/industria-grafica-apreensao-e-otimismo-para-2009\/\"]}]},{\"@type\":\"BreadcrumbList\",\"@id\":\"https:\/\/abrelivros.org.br\/site\/industria-grafica-apreensao-e-otimismo-para-2009\/#breadcrumb\",\"itemListElement\":[{\"@type\":\"ListItem\",\"position\":1,\"item\":{\"@type\":\"WebPage\",\"@id\":\"https:\/\/abrelivros.org.br\/site\/\",\"url\":\"https:\/\/abrelivros.org.br\/site\/\",\"name\":\"In\\u00edcio\"}},{\"@type\":\"ListItem\",\"position\":2,\"item\":{\"@type\":\"WebPage\",\"@id\":\"https:\/\/abrelivros.org.br\/site\/category\/noticias\/\",\"url\":\"https:\/\/abrelivros.org.br\/site\/category\/noticias\/\",\"name\":\"Not\\u00edcias\"}},{\"@type\":\"ListItem\",\"position\":3,\"item\":{\"@type\":\"WebPage\",\"@id\":\"https:\/\/abrelivros.org.br\/site\/category\/noticias\/noticias-da-imprensa\/\",\"url\":\"https:\/\/abrelivros.org.br\/site\/category\/noticias\/noticias-da-imprensa\/\",\"name\":\"Not\\u00edcias da imprensa\"}},{\"@type\":\"ListItem\",\"position\":4,\"item\":{\"@type\":\"WebPage\",\"@id\":\"https:\/\/abrelivros.org.br\/site\/industria-grafica-apreensao-e-otimismo-para-2009\/\",\"url\":\"https:\/\/abrelivros.org.br\/site\/industria-grafica-apreensao-e-otimismo-para-2009\/\",\"name\":\"Ind\\u00fastria gr\\u00e1fica: apreens\\u00e3o e otimismo para 2009\"}}]},{\"@type\":\"Person\",\"@id\":\"https:\/\/abrelivros.org.br\/site\/#\/schema\/person\/2b867f13a717bb230f1a3555505f5593\",\"name\":\"\\u00a0\",\"image\":{\"@type\":\"ImageObject\",\"@id\":\"https:\/\/abrelivros.org.br\/site\/#personlogo\",\"inLanguage\":\"pt-BR\",\"url\":\"https:\/\/secure.gravatar.com\/avatar\/e80b7f5231be2fff5040a8023da424898002831c5439420df182ae62676d2a6f?s=96&d=mm&r=g\",\"caption\":\"\\u00a0\"}}]}<\/script>\n<!-- \/ Yoast SEO plugin. -->","_links":{"self":[{"href":"https:\/\/abrelivros.org.br\/site\/wp-json\/wp\/v2\/posts\/2342","targetHints":{"allow":["GET"]}}],"collection":[{"href":"https:\/\/abrelivros.org.br\/site\/wp-json\/wp\/v2\/posts"}],"about":[{"href":"https:\/\/abrelivros.org.br\/site\/wp-json\/wp\/v2\/types\/post"}],"author":[{"embeddable":true,"href":"https:\/\/abrelivros.org.br\/site\/wp-json\/wp\/v2\/users\/1"}],"replies":[{"embeddable":true,"href":"https:\/\/abrelivros.org.br\/site\/wp-json\/wp\/v2\/comments?post=2342"}],"version-history":[{"count":0,"href":"https:\/\/abrelivros.org.br\/site\/wp-json\/wp\/v2\/posts\/2342\/revisions"}],"wp:attachment":[{"href":"https:\/\/abrelivros.org.br\/site\/wp-json\/wp\/v2\/media?parent=2342"}],"wp:term":[{"taxonomy":"category","embeddable":true,"href":"https:\/\/abrelivros.org.br\/site\/wp-json\/wp\/v2\/categories?post=2342"},{"taxonomy":"post_tag","embeddable":true,"href":"https:\/\/abrelivros.org.br\/site\/wp-json\/wp\/v2\/tags?post=2342"}],"curies":[{"name":"wp","href":"https:\/\/api.w.org\/{rel}","templated":true}]}}