{"id":2341,"date":"2008-11-17T11:28:00","date_gmt":"2008-11-17T13:28:00","guid":{"rendered":"https:\/\/abrelivros.org.br\/site\/2008\/11\/17\/estimulo-ao-dominio-da-lingua-portuguesa\/"},"modified":"2008-11-17T11:28:00","modified_gmt":"2008-11-17T13:28:00","slug":"estimulo-ao-dominio-da-lingua-portuguesa","status":"publish","type":"post","link":"https:\/\/abrelivros.org.br\/site\/estimulo-ao-dominio-da-lingua-portuguesa\/","title":{"rendered":"Est\u00edmulo ao dom\u00ednio da l\u00edngua portuguesa"},"content":{"rendered":"<p>Na sexta-feira, 14, foi comemorado o Dia Nacional da Alfabetiza\u00e7\u00e3o. Por entender que ensino de qualidade \u00e9 direito de todos, o Minist\u00e9rio da Educa\u00e7\u00e3o implementou, este ano, a pol\u00edtica de incentivo \u00e0 leitura para jovens e adultos. A meta \u00e9 permitir a rec\u00e9m-alfabetizados e neoleitores dominar a l\u00edngua portuguesa e fazer uso pleno dela no cotidiano.\u00a0<br \/> \u00a0<br \/> Gestores de estados, munic\u00edpios e Distrito Federal, institui\u00e7\u00f5es de educa\u00e7\u00e3o superior e entidades sem fins lucrativos podem apresentar projetos de incentivo \u00e0 leitura dirigidos a jovens, adultos e idosos rec\u00e9m-alfabetizados ou em processo de alfabetiza\u00e7\u00e3o at\u00e9 o dia 17.\u00a0<br \/> \u00a0<br \/> A <a href=\"http:\/\/portal.mec.gov.br\/secad\/arquivos\/pdf\/resolucao_44.pdf\" target=\"_blank\" rel=\"noopener noreferrer\">Resolu\u00e7\u00e3o<\/a> n\u00ba 44, de outubro deste ano, do Fundo Nacional de Desenvolvimento da Educa\u00e7\u00e3o (FNDE), estabelece que as propostas  contemplem uma entre quatro linhas de a\u00e7\u00e3o \u2014 promo\u00e7\u00e3o do acesso \u00e0 leitura, forma\u00e7\u00e3o de leitores e mediadores de leitura, produ\u00e7\u00e3o e distribui\u00e7\u00e3o de tecnologias educacionais de fomento \u00e0 leitura e pesquisa e avalia\u00e7\u00e3o sobre leitura. Isso significa que os alfabetizandos e rec\u00e9m-alfabetizados passar\u00e3o a ter mais contato com obras liter\u00e1rias, v\u00eddeos e m\u00fasicas que remetam ao mundo da leitura e da escrita.\u00a0<br \/> \u00a0<br \/> Para o diretor de Pol\u00edticas de Educa\u00e7\u00e3o de Jovens e Adultos da Secretaria de Educa\u00e7\u00e3o Continuada, Alfabetiza\u00e7\u00e3o e Diversidade (Secad), Jorge Telles, as a\u00e7\u00f5es estabelecem uma ponte entre leitura e escrita e o universo do p\u00fablico jovem e adulto. \u201cEssa pol\u00edtica gera cidad\u00e3os por permitir que eles tenham mais liberdade em rela\u00e7\u00e3o \u00e0 pr\u00f3pria l\u00edngua e, conseq\u00fcentemente, um pensamento mais cr\u00edtico\u201d, destaca.\u00a0<br \/> \u00a0<br \/> Ap\u00f3s encerrado o prazo para o envio dos projetos, a equipe t\u00e9cnico-pedag\u00f3gica da Secad os analisar\u00e1, a partir de crit\u00e9rios definidos na resolu\u00e7\u00e3o. As propostas aprovadas receber\u00e3o recursos do FNDE \u2014 para este ano, a pol\u00edtica de fomento \u00e0 leitura disp\u00f5e de R$ 2 milh\u00f5es. A previs\u00e3o \u00e9 que os recursos sejam repassados at\u00e9 dezembro. A execu\u00e7\u00e3o das propostas ser\u00e1 acompanhada no pr\u00f3ximo ano. Segundo Telles, a inten\u00e7\u00e3o \u00e9 formar uma rede p\u00fablica comprometida com a leitura dos jovens e adultos. Por isso, podem participar do projeto, al\u00e9m das secretarias de educa\u00e7\u00e3o estaduais e municipais, as de cultura e de assist\u00eancia social.\u00a0<br \/> \u00a0<br \/> Mais informa\u00e7\u00f5es no endere\u00e7o eletr\u00f4nico <a href=mailto:formacaoeleitura@mec.gov.br>formacaoeleitura@mec.gov.br<\/a>.\u00a0<br \/> \u00a0<br \/> \u00a0<\/p>\n","protected":false},"excerpt":{"rendered":"<p>Na sexta-feira, 14, foi comemorado o Dia Nacional da Alfabetiza\u00e7\u00e3o. Por entender que ensino de qualidade \u00e9 direito de todos, o Minist\u00e9rio da Educa\u00e7\u00e3o implementou, este ano, a pol\u00edtica de incentivo \u00e0 leitura para jovens e adultos. A meta \u00e9 permitir a rec\u00e9m-alfabetizados e neoleitores dominar a l\u00edngua portuguesa e fazer uso pleno dela no [&hellip;]<\/p>\n","protected":false},"author":1,"featured_media":0,"comment_status":"closed","ping_status":"closed","sticky":false,"template":"","format":"standard","meta":{"footnotes":"","_links_to":"","_links_to_target":""},"categories":[9],"tags":[],"class_list":["post-2341","post","type-post","status-publish","format-standard","hentry","category-noticias-da-imprensa"],"yoast_head":"<!-- This site is optimized with the Yoast SEO plugin v15.1 - https:\/\/yoast.com\/wordpress\/plugins\/seo\/ -->\n<title>Est\u00edmulo ao dom\u00ednio da l\u00edngua portuguesa &raquo; Abrelivros<\/title>\n<meta name=\"robots\" content=\"index, follow, max-snippet:-1, max-image-preview:large, max-video-preview:-1\" \/>\n<link rel=\"canonical\" href=\"https:\/\/abrelivros.org.br\/site\/estimulo-ao-dominio-da-lingua-portuguesa\/\" \/>\n<meta property=\"og:locale\" content=\"pt_BR\" \/>\n<meta property=\"og:type\" content=\"article\" \/>\n<meta property=\"og:title\" content=\"Est\u00edmulo ao dom\u00ednio da l\u00edngua portuguesa &raquo; Abrelivros\" \/>\n<meta property=\"og:description\" content=\"Na sexta-feira, 14, foi comemorado o Dia Nacional da Alfabetiza\u00e7\u00e3o. Por entender que ensino de qualidade \u00e9 direito de todos, o Minist\u00e9rio da Educa\u00e7\u00e3o implementou, este ano, a pol\u00edtica de incentivo \u00e0 leitura para jovens e adultos. A meta \u00e9 permitir a rec\u00e9m-alfabetizados e neoleitores dominar a l\u00edngua portuguesa e fazer uso pleno dela no [&hellip;]\" \/>\n<meta property=\"og:url\" content=\"https:\/\/abrelivros.org.br\/site\/estimulo-ao-dominio-da-lingua-portuguesa\/\" \/>\n<meta property=\"og:site_name\" content=\"Abrelivros\" \/>\n<meta property=\"article:published_time\" content=\"2008-11-17T13:28:00+00:00\" \/>\n<meta name=\"twitter:card\" content=\"summary_large_image\" \/>\n<script type=\"application\/ld+json\" class=\"yoast-schema-graph\">{\"@context\":\"https:\/\/schema.org\",\"@graph\":[{\"@type\":\"WebSite\",\"@id\":\"https:\/\/abrelivros.org.br\/site\/#website\",\"url\":\"https:\/\/abrelivros.org.br\/site\/\",\"name\":\"Abrelivros\",\"description\":\"\",\"potentialAction\":[{\"@type\":\"SearchAction\",\"target\":\"https:\/\/abrelivros.org.br\/site\/?s={search_term_string}\",\"query-input\":\"required name=search_term_string\"}],\"inLanguage\":\"pt-BR\"},{\"@type\":\"WebPage\",\"@id\":\"https:\/\/abrelivros.org.br\/site\/estimulo-ao-dominio-da-lingua-portuguesa\/#webpage\",\"url\":\"https:\/\/abrelivros.org.br\/site\/estimulo-ao-dominio-da-lingua-portuguesa\/\",\"name\":\"Est\\u00edmulo ao dom\\u00ednio da l\\u00edngua portuguesa &raquo; Abrelivros\",\"isPartOf\":{\"@id\":\"https:\/\/abrelivros.org.br\/site\/#website\"},\"datePublished\":\"2008-11-17T13:28:00+00:00\",\"dateModified\":\"2008-11-17T13:28:00+00:00\",\"author\":{\"@id\":\"https:\/\/abrelivros.org.br\/site\/#\/schema\/person\/2b867f13a717bb230f1a3555505f5593\"},\"breadcrumb\":{\"@id\":\"https:\/\/abrelivros.org.br\/site\/estimulo-ao-dominio-da-lingua-portuguesa\/#breadcrumb\"},\"inLanguage\":\"pt-BR\",\"potentialAction\":[{\"@type\":\"ReadAction\",\"target\":[\"https:\/\/abrelivros.org.br\/site\/estimulo-ao-dominio-da-lingua-portuguesa\/\"]}]},{\"@type\":\"BreadcrumbList\",\"@id\":\"https:\/\/abrelivros.org.br\/site\/estimulo-ao-dominio-da-lingua-portuguesa\/#breadcrumb\",\"itemListElement\":[{\"@type\":\"ListItem\",\"position\":1,\"item\":{\"@type\":\"WebPage\",\"@id\":\"https:\/\/abrelivros.org.br\/site\/\",\"url\":\"https:\/\/abrelivros.org.br\/site\/\",\"name\":\"In\\u00edcio\"}},{\"@type\":\"ListItem\",\"position\":2,\"item\":{\"@type\":\"WebPage\",\"@id\":\"https:\/\/abrelivros.org.br\/site\/category\/noticias\/\",\"url\":\"https:\/\/abrelivros.org.br\/site\/category\/noticias\/\",\"name\":\"Not\\u00edcias\"}},{\"@type\":\"ListItem\",\"position\":3,\"item\":{\"@type\":\"WebPage\",\"@id\":\"https:\/\/abrelivros.org.br\/site\/category\/noticias\/noticias-da-imprensa\/\",\"url\":\"https:\/\/abrelivros.org.br\/site\/category\/noticias\/noticias-da-imprensa\/\",\"name\":\"Not\\u00edcias da imprensa\"}},{\"@type\":\"ListItem\",\"position\":4,\"item\":{\"@type\":\"WebPage\",\"@id\":\"https:\/\/abrelivros.org.br\/site\/estimulo-ao-dominio-da-lingua-portuguesa\/\",\"url\":\"https:\/\/abrelivros.org.br\/site\/estimulo-ao-dominio-da-lingua-portuguesa\/\",\"name\":\"Est\\u00edmulo ao dom\\u00ednio da l\\u00edngua portuguesa\"}}]},{\"@type\":\"Person\",\"@id\":\"https:\/\/abrelivros.org.br\/site\/#\/schema\/person\/2b867f13a717bb230f1a3555505f5593\",\"name\":\"\\u00a0\",\"image\":{\"@type\":\"ImageObject\",\"@id\":\"https:\/\/abrelivros.org.br\/site\/#personlogo\",\"inLanguage\":\"pt-BR\",\"url\":\"https:\/\/secure.gravatar.com\/avatar\/e80b7f5231be2fff5040a8023da424898002831c5439420df182ae62676d2a6f?s=96&d=mm&r=g\",\"caption\":\"\\u00a0\"}}]}<\/script>\n<!-- \/ Yoast SEO plugin. -->","_links":{"self":[{"href":"https:\/\/abrelivros.org.br\/site\/wp-json\/wp\/v2\/posts\/2341","targetHints":{"allow":["GET"]}}],"collection":[{"href":"https:\/\/abrelivros.org.br\/site\/wp-json\/wp\/v2\/posts"}],"about":[{"href":"https:\/\/abrelivros.org.br\/site\/wp-json\/wp\/v2\/types\/post"}],"author":[{"embeddable":true,"href":"https:\/\/abrelivros.org.br\/site\/wp-json\/wp\/v2\/users\/1"}],"replies":[{"embeddable":true,"href":"https:\/\/abrelivros.org.br\/site\/wp-json\/wp\/v2\/comments?post=2341"}],"version-history":[{"count":0,"href":"https:\/\/abrelivros.org.br\/site\/wp-json\/wp\/v2\/posts\/2341\/revisions"}],"wp:attachment":[{"href":"https:\/\/abrelivros.org.br\/site\/wp-json\/wp\/v2\/media?parent=2341"}],"wp:term":[{"taxonomy":"category","embeddable":true,"href":"https:\/\/abrelivros.org.br\/site\/wp-json\/wp\/v2\/categories?post=2341"},{"taxonomy":"post_tag","embeddable":true,"href":"https:\/\/abrelivros.org.br\/site\/wp-json\/wp\/v2\/tags?post=2341"}],"curies":[{"name":"wp","href":"https:\/\/api.w.org\/{rel}","templated":true}]}}