{"id":2340,"date":"2008-11-18T17:34:00","date_gmt":"2008-11-18T19:34:00","guid":{"rendered":"https:\/\/abrelivros.org.br\/site\/2008\/11\/18\/mec-quer-implantar-ensino-em-todas-as-escolas-do-pais\/"},"modified":"2008-11-18T17:34:00","modified_gmt":"2008-11-18T19:34:00","slug":"mec-quer-implantar-ensino-em-todas-as-escolas-do-pais","status":"publish","type":"post","link":"https:\/\/abrelivros.org.br\/site\/mec-quer-implantar-ensino-em-todas-as-escolas-do-pais\/","title":{"rendered":"MEC quer implantar ensino em todas as escolas do Pa\u00eds"},"content":{"rendered":"<p>O Minist\u00e9rio da Educa\u00e7\u00e3o (MEC) vai elaborar um Plano Nacional de Implanta\u00e7\u00e3o da Lei 10.639\/03, que torna obrigat\u00f3rio o ensino de hist\u00f3ria e cultura afro-brasileiras nas escolas. O principal objetivo \u00e9 induzir os sistemas de ensino a acelerar o processo por meio de metas e planejamento de projetos. A proposta ir\u00e1 se basear em relat\u00f3rio elaborado por uma comiss\u00e3o formada por entidades da \u00e1rea educacional e do movimento negro que se reuniram em seis encontros regionais. \u00a0<br \/> \u00a0<br \/> De acordo com o documento, que foi apresentado na \u00faltima semana ao minist\u00e9rio e que ser\u00e1 levado ao ministro Fernando Haddad na pr\u00f3xima quinta-feira (20) data em que se comemora o Dia da Consci\u00eancia Negra a principal dificuldade para implantar a lei \u00e9 a falta de institucionalidade e continuidade das a\u00e7\u00f5es. O secret\u00e1rio de Educa\u00e7\u00e3o, Alfabetiza\u00e7\u00e3o e Diversidade do MEC, Andr\u00e9 L\u00e1zaro, concorda com a cr\u00edtica, mas defende que a responsabilidade n\u00e3o \u00e9 apenas da pasta. Para ele, as redes estaduais e municipais precisam investir mais na quest\u00e3o. \u00a0<br \/> \u00a0<br \/> \u201cEu acho justa a cr\u00edtica de que as a\u00e7\u00f5es s\u00e3o pouco sistem\u00e1ticas e a melhora disso passa pela forma\u00e7\u00e3o dos professores, o material did\u00e1tico, o financiamento, o monitoramento do processo. Mas a responsabilidade n\u00e3o \u00e9 s\u00f3 do MEC, mas de todo o sistema de ensino. Claro que o MEC, pelo seu papel, precisa ser protagonista e acredito que temos cumprido isso\u201c, avalia. Segundo informa\u00e7\u00f5es do MEC, o plano ser\u00e1 lan\u00e7ado ainda este m\u00eas. Para ele, o n\u00f3 da quest\u00e3o est\u00e1 na forma\u00e7\u00e3o inicial e continuada dos professores, que n\u00e3o se adaptaram \u00e0s exig\u00eancias estabelecidas pela lei. \u00a0<br \/> \u00a0<br \/> \u201cAs faculdades de educa\u00e7\u00e3o e os cursos de pedagogia n\u00e3o incorporaram esse conte\u00fado na forma\u00e7\u00e3o inicial dos professores. Voc\u00ea fica correndo atr\u00e1s o tempo todo para consertar o que n\u00e3o foi feito na forma\u00e7\u00e3o inicial\u201c, argumenta. O primeiro curso de p\u00f3s-gradua\u00e7\u00e3o para professores sobre a tem\u00e1tica ser\u00e1 oferecido a partir de 2009 pela Universidade Federal do Esp\u00edrito Santo (Ufes). \u00a0<br \/> \u00a0<br \/> Mais de 100 professores da rede estadual participar\u00e3o do curso de 200 horas de dura\u00e7\u00e3o. Um grupo de 20 universidades federais recebeu verbas do MEC para desenvolver cursos de forma\u00e7\u00e3o e materiais did\u00e1ticos. O repasse total chega a R$ 3,6 milh\u00f5es. \u00a0<br \/>  \u00a0<\/p>\n","protected":false},"excerpt":{"rendered":"<p>O Minist\u00e9rio da Educa\u00e7\u00e3o (MEC) vai elaborar um Plano Nacional de Implanta\u00e7\u00e3o da Lei 10.639\/03, que torna obrigat\u00f3rio o ensino de hist\u00f3ria e cultura afro-brasileiras nas escolas. O principal objetivo \u00e9 induzir os sistemas de ensino a acelerar o processo por meio de metas e planejamento de projetos. A proposta ir\u00e1 se basear em relat\u00f3rio [&hellip;]<\/p>\n","protected":false},"author":1,"featured_media":0,"comment_status":"closed","ping_status":"closed","sticky":false,"template":"","format":"standard","meta":{"footnotes":"","_links_to":"","_links_to_target":""},"categories":[9],"tags":[],"class_list":["post-2340","post","type-post","status-publish","format-standard","hentry","category-noticias-da-imprensa"],"yoast_head":"<!-- This site is optimized with the Yoast SEO plugin v15.1 - https:\/\/yoast.com\/wordpress\/plugins\/seo\/ -->\n<title>MEC quer implantar ensino em todas as escolas do Pa\u00eds &raquo; Abrelivros<\/title>\n<meta name=\"robots\" content=\"index, follow, max-snippet:-1, max-image-preview:large, max-video-preview:-1\" \/>\n<link rel=\"canonical\" href=\"https:\/\/abrelivros.org.br\/site\/mec-quer-implantar-ensino-em-todas-as-escolas-do-pais\/\" \/>\n<meta property=\"og:locale\" content=\"pt_BR\" \/>\n<meta property=\"og:type\" content=\"article\" \/>\n<meta property=\"og:title\" content=\"MEC quer implantar ensino em todas as escolas do Pa\u00eds &raquo; Abrelivros\" \/>\n<meta property=\"og:description\" content=\"O Minist\u00e9rio da Educa\u00e7\u00e3o (MEC) vai elaborar um Plano Nacional de Implanta\u00e7\u00e3o da Lei 10.639\/03, que torna obrigat\u00f3rio o ensino de hist\u00f3ria e cultura afro-brasileiras nas escolas. O principal objetivo \u00e9 induzir os sistemas de ensino a acelerar o processo por meio de metas e planejamento de projetos. A proposta ir\u00e1 se basear em relat\u00f3rio [&hellip;]\" \/>\n<meta property=\"og:url\" content=\"https:\/\/abrelivros.org.br\/site\/mec-quer-implantar-ensino-em-todas-as-escolas-do-pais\/\" \/>\n<meta property=\"og:site_name\" content=\"Abrelivros\" \/>\n<meta property=\"article:published_time\" content=\"2008-11-18T19:34:00+00:00\" \/>\n<meta name=\"twitter:card\" content=\"summary_large_image\" \/>\n<script type=\"application\/ld+json\" class=\"yoast-schema-graph\">{\"@context\":\"https:\/\/schema.org\",\"@graph\":[{\"@type\":\"WebSite\",\"@id\":\"https:\/\/abrelivros.org.br\/site\/#website\",\"url\":\"https:\/\/abrelivros.org.br\/site\/\",\"name\":\"Abrelivros\",\"description\":\"\",\"potentialAction\":[{\"@type\":\"SearchAction\",\"target\":\"https:\/\/abrelivros.org.br\/site\/?s={search_term_string}\",\"query-input\":\"required name=search_term_string\"}],\"inLanguage\":\"pt-BR\"},{\"@type\":\"WebPage\",\"@id\":\"https:\/\/abrelivros.org.br\/site\/mec-quer-implantar-ensino-em-todas-as-escolas-do-pais\/#webpage\",\"url\":\"https:\/\/abrelivros.org.br\/site\/mec-quer-implantar-ensino-em-todas-as-escolas-do-pais\/\",\"name\":\"MEC quer implantar ensino em todas as escolas do Pa\\u00eds &raquo; Abrelivros\",\"isPartOf\":{\"@id\":\"https:\/\/abrelivros.org.br\/site\/#website\"},\"datePublished\":\"2008-11-18T19:34:00+00:00\",\"dateModified\":\"2008-11-18T19:34:00+00:00\",\"author\":{\"@id\":\"https:\/\/abrelivros.org.br\/site\/#\/schema\/person\/2b867f13a717bb230f1a3555505f5593\"},\"breadcrumb\":{\"@id\":\"https:\/\/abrelivros.org.br\/site\/mec-quer-implantar-ensino-em-todas-as-escolas-do-pais\/#breadcrumb\"},\"inLanguage\":\"pt-BR\",\"potentialAction\":[{\"@type\":\"ReadAction\",\"target\":[\"https:\/\/abrelivros.org.br\/site\/mec-quer-implantar-ensino-em-todas-as-escolas-do-pais\/\"]}]},{\"@type\":\"BreadcrumbList\",\"@id\":\"https:\/\/abrelivros.org.br\/site\/mec-quer-implantar-ensino-em-todas-as-escolas-do-pais\/#breadcrumb\",\"itemListElement\":[{\"@type\":\"ListItem\",\"position\":1,\"item\":{\"@type\":\"WebPage\",\"@id\":\"https:\/\/abrelivros.org.br\/site\/\",\"url\":\"https:\/\/abrelivros.org.br\/site\/\",\"name\":\"In\\u00edcio\"}},{\"@type\":\"ListItem\",\"position\":2,\"item\":{\"@type\":\"WebPage\",\"@id\":\"https:\/\/abrelivros.org.br\/site\/category\/noticias\/\",\"url\":\"https:\/\/abrelivros.org.br\/site\/category\/noticias\/\",\"name\":\"Not\\u00edcias\"}},{\"@type\":\"ListItem\",\"position\":3,\"item\":{\"@type\":\"WebPage\",\"@id\":\"https:\/\/abrelivros.org.br\/site\/category\/noticias\/noticias-da-imprensa\/\",\"url\":\"https:\/\/abrelivros.org.br\/site\/category\/noticias\/noticias-da-imprensa\/\",\"name\":\"Not\\u00edcias da imprensa\"}},{\"@type\":\"ListItem\",\"position\":4,\"item\":{\"@type\":\"WebPage\",\"@id\":\"https:\/\/abrelivros.org.br\/site\/mec-quer-implantar-ensino-em-todas-as-escolas-do-pais\/\",\"url\":\"https:\/\/abrelivros.org.br\/site\/mec-quer-implantar-ensino-em-todas-as-escolas-do-pais\/\",\"name\":\"MEC quer implantar ensino em todas as escolas do Pa\\u00eds\"}}]},{\"@type\":\"Person\",\"@id\":\"https:\/\/abrelivros.org.br\/site\/#\/schema\/person\/2b867f13a717bb230f1a3555505f5593\",\"name\":\"\\u00a0\",\"image\":{\"@type\":\"ImageObject\",\"@id\":\"https:\/\/abrelivros.org.br\/site\/#personlogo\",\"inLanguage\":\"pt-BR\",\"url\":\"https:\/\/secure.gravatar.com\/avatar\/e80b7f5231be2fff5040a8023da424898002831c5439420df182ae62676d2a6f?s=96&d=mm&r=g\",\"caption\":\"\\u00a0\"}}]}<\/script>\n<!-- \/ Yoast SEO plugin. -->","_links":{"self":[{"href":"https:\/\/abrelivros.org.br\/site\/wp-json\/wp\/v2\/posts\/2340","targetHints":{"allow":["GET"]}}],"collection":[{"href":"https:\/\/abrelivros.org.br\/site\/wp-json\/wp\/v2\/posts"}],"about":[{"href":"https:\/\/abrelivros.org.br\/site\/wp-json\/wp\/v2\/types\/post"}],"author":[{"embeddable":true,"href":"https:\/\/abrelivros.org.br\/site\/wp-json\/wp\/v2\/users\/1"}],"replies":[{"embeddable":true,"href":"https:\/\/abrelivros.org.br\/site\/wp-json\/wp\/v2\/comments?post=2340"}],"version-history":[{"count":0,"href":"https:\/\/abrelivros.org.br\/site\/wp-json\/wp\/v2\/posts\/2340\/revisions"}],"wp:attachment":[{"href":"https:\/\/abrelivros.org.br\/site\/wp-json\/wp\/v2\/media?parent=2340"}],"wp:term":[{"taxonomy":"category","embeddable":true,"href":"https:\/\/abrelivros.org.br\/site\/wp-json\/wp\/v2\/categories?post=2340"},{"taxonomy":"post_tag","embeddable":true,"href":"https:\/\/abrelivros.org.br\/site\/wp-json\/wp\/v2\/tags?post=2340"}],"curies":[{"name":"wp","href":"https:\/\/api.w.org\/{rel}","templated":true}]}}