{"id":2339,"date":"2008-11-19T15:22:00","date_gmt":"2008-11-19T17:22:00","guid":{"rendered":"https:\/\/abrelivros.org.br\/site\/2008\/11\/19\/estudantes-poderao-levar-livros-de-escritores-classicos-para-casa\/"},"modified":"2008-11-19T15:22:00","modified_gmt":"2008-11-19T17:22:00","slug":"estudantes-poderao-levar-livros-de-escritores-classicos-para-casa","status":"publish","type":"post","link":"https:\/\/abrelivros.org.br\/site\/estudantes-poderao-levar-livros-de-escritores-classicos-para-casa\/","title":{"rendered":"Estudantes poder\u00e3o levar livros de escritores cl\u00e1ssicos para casa"},"content":{"rendered":"<p>Os 3,3 milh\u00f5es de estudantes de 5\u00aa a 8\u00aa e de Ensino M\u00e9dio da rede estadual de ensino come\u00e7am a receber, a partir desta segunda-feira, tr\u00eas livros de escritores cl\u00e1ssicos. Os livros ser\u00e3o dos alunos, que poder\u00e3o lev\u00e1-los para casa. \u00a0<br \/> \u00a0<br \/> Com investimento de cerca de R$ 34 milh\u00f5es, o projeto, chamado de Apoio ao Saber, atender\u00e1 toda a rede estadual at\u00e9 10 de dezembro. Os t\u00edtulos s\u00e3o considerados cl\u00e1ssicos da literatura infanto-juvenil nacional.\u00a0<br \/> \u00a0<br \/> Todos os livros ser\u00e3o entregues nas escolas, que devem repass\u00e1-los aos estudantes. Ser\u00e3o embalados em uma caixa especial para preserva\u00e7\u00e3o durante o transporte. As escolas das Diretorias de Ensino mais distantes da Capital ser\u00e3o as primeiras a receber os livros.\u00a0<br \/> \u00a0<br \/> \u00a0<br \/> Confira os t\u00edtulos:\u00a0<br \/> \u00a0<br \/> 5\u00aa s\u00e9rie do Ensino Fundamental\u00a0<br \/> \u00a0<br \/> Juca Pirama e os Timbiras &#8211; Gon\u00e7alves Dias\u00a0<br \/> Com\u00e9dias para ler na Escola &#8211; Luis Fernando Ver\u00edssimo\u00a0<br \/> Reina\u00e7\u00f5es de Narizinho (vol 1 e 2) &#8211; Monteiro Lobato\u00a0<br \/>  \u00a0<br \/> \u00a0<br \/> 6\u00aa s\u00e9rie do Ensino Fundamental\u00a0<br \/> \u00a0<br \/> Pap\u00e9is avulsos &#8211; Machado de Assis\u00a0<br \/> Mem\u00f3rias inventadas &#8211; Manoel de Barros\u00a0<br \/> O Coruja &#8211; Alu\u00edsio Azevedo\u00a0<br \/>  \u00a0<br \/> \u00a0<br \/> 7\u00aa s\u00e9rie do Ensino Fundamental\u00a0<br \/> \u00a0<br \/> Poemas de \u00c1lvaro de Campos &#8211; Fernando Pessoa\u00a0<br \/> A mulher do vizinho &#8211; Fernando Sabino\u00a0<br \/> Capit\u00e3es da areia &#8211; Jorge Amado\u00a0<br \/>  \u00a0<br \/> \u00a0<br \/> 8\u00aa s\u00e9rie do Ensino Fundamental\u00a0<br \/> \u00a0<br \/> V\u00e1rias hist\u00f3rias &#8211; Machado de Assis\u00a0<br \/> Olhai os l\u00edrios do campo &#8211; \u00c9rico Ver\u00edssimo\u00a0<br \/> O navio negreiro &#8211; Castro Alves\u00a0<br \/> \u00a0<br \/> \u00a0<br \/> 1\u00aa s\u00e9rie do Ensino M\u00e9dio\u00a0<br \/> \u00a0<br \/> Dom Casmurro &#8211; Machado de Assis\u00a0<br \/> La\u00e7os de fam\u00edlia &#8211; Clarice Lispector\u00a0<br \/> 80 anos de poesia &#8211; M\u00e1rio Quintana\u00a0<br \/> \u00a0<br \/>  \u00a0<br \/> 2\u00aa s\u00e9rie do Ensino M\u00e9dio\u00a0<br \/> \u00a0<br \/> Quincas Borba &#8211; Machado de Assis\u00a0<br \/> Estrela da vida inteira &#8211; Manoel Bandeira\u00a0<br \/> Primeiras est\u00f3rias &#8211; Guimar\u00e3es Rosa \u00a0<br \/> \u00a0<br \/> \u00a0<br \/> 3\u00aa s\u00e9rie do Ensino M\u00e9dio\u00a0<br \/> \u00a0<br \/> Mem\u00f3rias p\u00f3stumas de Br\u00e1s Cubas &#8211; Machado de Assis\u00a0<br \/> Bagagem &#8211; Ad\u00e9lia Prado\u00a0<br \/> Cem melhores cr\u00f4nicas\u00a0<br \/> \u00a0<\/p>\n","protected":false},"excerpt":{"rendered":"<p>Os 3,3 milh\u00f5es de estudantes de 5\u00aa a 8\u00aa e de Ensino M\u00e9dio da rede estadual de ensino come\u00e7am a receber, a partir desta segunda-feira, tr\u00eas livros de escritores cl\u00e1ssicos. Os livros ser\u00e3o dos alunos, que poder\u00e3o lev\u00e1-los para casa. \u00a0 \u00a0 Com investimento de cerca de R$ 34 milh\u00f5es, o projeto, chamado de Apoio [&hellip;]<\/p>\n","protected":false},"author":1,"featured_media":0,"comment_status":"closed","ping_status":"closed","sticky":false,"template":"","format":"standard","meta":{"footnotes":"","_links_to":"","_links_to_target":""},"categories":[9],"tags":[],"class_list":["post-2339","post","type-post","status-publish","format-standard","hentry","category-noticias-da-imprensa"],"yoast_head":"<!-- This site is optimized with the Yoast SEO plugin v15.1 - https:\/\/yoast.com\/wordpress\/plugins\/seo\/ -->\n<title>Estudantes poder\u00e3o levar livros de escritores cl\u00e1ssicos para casa &raquo; Abrelivros<\/title>\n<meta name=\"robots\" content=\"index, follow, max-snippet:-1, max-image-preview:large, max-video-preview:-1\" \/>\n<link rel=\"canonical\" href=\"https:\/\/abrelivros.org.br\/site\/estudantes-poderao-levar-livros-de-escritores-classicos-para-casa\/\" \/>\n<meta property=\"og:locale\" content=\"pt_BR\" \/>\n<meta property=\"og:type\" content=\"article\" \/>\n<meta property=\"og:title\" content=\"Estudantes poder\u00e3o levar livros de escritores cl\u00e1ssicos para casa &raquo; Abrelivros\" \/>\n<meta property=\"og:description\" content=\"Os 3,3 milh\u00f5es de estudantes de 5\u00aa a 8\u00aa e de Ensino M\u00e9dio da rede estadual de ensino come\u00e7am a receber, a partir desta segunda-feira, tr\u00eas livros de escritores cl\u00e1ssicos. Os livros ser\u00e3o dos alunos, que poder\u00e3o lev\u00e1-los para casa. \u00a0 \u00a0 Com investimento de cerca de R$ 34 milh\u00f5es, o projeto, chamado de Apoio [&hellip;]\" \/>\n<meta property=\"og:url\" content=\"https:\/\/abrelivros.org.br\/site\/estudantes-poderao-levar-livros-de-escritores-classicos-para-casa\/\" \/>\n<meta property=\"og:site_name\" content=\"Abrelivros\" \/>\n<meta property=\"article:published_time\" content=\"2008-11-19T17:22:00+00:00\" \/>\n<meta name=\"twitter:card\" content=\"summary_large_image\" \/>\n<script type=\"application\/ld+json\" class=\"yoast-schema-graph\">{\"@context\":\"https:\/\/schema.org\",\"@graph\":[{\"@type\":\"WebSite\",\"@id\":\"https:\/\/abrelivros.org.br\/site\/#website\",\"url\":\"https:\/\/abrelivros.org.br\/site\/\",\"name\":\"Abrelivros\",\"description\":\"\",\"potentialAction\":[{\"@type\":\"SearchAction\",\"target\":\"https:\/\/abrelivros.org.br\/site\/?s={search_term_string}\",\"query-input\":\"required name=search_term_string\"}],\"inLanguage\":\"pt-BR\"},{\"@type\":\"WebPage\",\"@id\":\"https:\/\/abrelivros.org.br\/site\/estudantes-poderao-levar-livros-de-escritores-classicos-para-casa\/#webpage\",\"url\":\"https:\/\/abrelivros.org.br\/site\/estudantes-poderao-levar-livros-de-escritores-classicos-para-casa\/\",\"name\":\"Estudantes poder\\u00e3o levar livros de escritores cl\\u00e1ssicos para casa &raquo; Abrelivros\",\"isPartOf\":{\"@id\":\"https:\/\/abrelivros.org.br\/site\/#website\"},\"datePublished\":\"2008-11-19T17:22:00+00:00\",\"dateModified\":\"2008-11-19T17:22:00+00:00\",\"author\":{\"@id\":\"https:\/\/abrelivros.org.br\/site\/#\/schema\/person\/2b867f13a717bb230f1a3555505f5593\"},\"breadcrumb\":{\"@id\":\"https:\/\/abrelivros.org.br\/site\/estudantes-poderao-levar-livros-de-escritores-classicos-para-casa\/#breadcrumb\"},\"inLanguage\":\"pt-BR\",\"potentialAction\":[{\"@type\":\"ReadAction\",\"target\":[\"https:\/\/abrelivros.org.br\/site\/estudantes-poderao-levar-livros-de-escritores-classicos-para-casa\/\"]}]},{\"@type\":\"BreadcrumbList\",\"@id\":\"https:\/\/abrelivros.org.br\/site\/estudantes-poderao-levar-livros-de-escritores-classicos-para-casa\/#breadcrumb\",\"itemListElement\":[{\"@type\":\"ListItem\",\"position\":1,\"item\":{\"@type\":\"WebPage\",\"@id\":\"https:\/\/abrelivros.org.br\/site\/\",\"url\":\"https:\/\/abrelivros.org.br\/site\/\",\"name\":\"In\\u00edcio\"}},{\"@type\":\"ListItem\",\"position\":2,\"item\":{\"@type\":\"WebPage\",\"@id\":\"https:\/\/abrelivros.org.br\/site\/category\/noticias\/\",\"url\":\"https:\/\/abrelivros.org.br\/site\/category\/noticias\/\",\"name\":\"Not\\u00edcias\"}},{\"@type\":\"ListItem\",\"position\":3,\"item\":{\"@type\":\"WebPage\",\"@id\":\"https:\/\/abrelivros.org.br\/site\/category\/noticias\/noticias-da-imprensa\/\",\"url\":\"https:\/\/abrelivros.org.br\/site\/category\/noticias\/noticias-da-imprensa\/\",\"name\":\"Not\\u00edcias da imprensa\"}},{\"@type\":\"ListItem\",\"position\":4,\"item\":{\"@type\":\"WebPage\",\"@id\":\"https:\/\/abrelivros.org.br\/site\/estudantes-poderao-levar-livros-de-escritores-classicos-para-casa\/\",\"url\":\"https:\/\/abrelivros.org.br\/site\/estudantes-poderao-levar-livros-de-escritores-classicos-para-casa\/\",\"name\":\"Estudantes poder\\u00e3o levar livros de escritores cl\\u00e1ssicos para casa\"}}]},{\"@type\":\"Person\",\"@id\":\"https:\/\/abrelivros.org.br\/site\/#\/schema\/person\/2b867f13a717bb230f1a3555505f5593\",\"name\":\"\\u00a0\",\"image\":{\"@type\":\"ImageObject\",\"@id\":\"https:\/\/abrelivros.org.br\/site\/#personlogo\",\"inLanguage\":\"pt-BR\",\"url\":\"https:\/\/secure.gravatar.com\/avatar\/e80b7f5231be2fff5040a8023da424898002831c5439420df182ae62676d2a6f?s=96&d=mm&r=g\",\"caption\":\"\\u00a0\"}}]}<\/script>\n<!-- \/ Yoast SEO plugin. -->","_links":{"self":[{"href":"https:\/\/abrelivros.org.br\/site\/wp-json\/wp\/v2\/posts\/2339","targetHints":{"allow":["GET"]}}],"collection":[{"href":"https:\/\/abrelivros.org.br\/site\/wp-json\/wp\/v2\/posts"}],"about":[{"href":"https:\/\/abrelivros.org.br\/site\/wp-json\/wp\/v2\/types\/post"}],"author":[{"embeddable":true,"href":"https:\/\/abrelivros.org.br\/site\/wp-json\/wp\/v2\/users\/1"}],"replies":[{"embeddable":true,"href":"https:\/\/abrelivros.org.br\/site\/wp-json\/wp\/v2\/comments?post=2339"}],"version-history":[{"count":0,"href":"https:\/\/abrelivros.org.br\/site\/wp-json\/wp\/v2\/posts\/2339\/revisions"}],"wp:attachment":[{"href":"https:\/\/abrelivros.org.br\/site\/wp-json\/wp\/v2\/media?parent=2339"}],"wp:term":[{"taxonomy":"category","embeddable":true,"href":"https:\/\/abrelivros.org.br\/site\/wp-json\/wp\/v2\/categories?post=2339"},{"taxonomy":"post_tag","embeddable":true,"href":"https:\/\/abrelivros.org.br\/site\/wp-json\/wp\/v2\/tags?post=2339"}],"curies":[{"name":"wp","href":"https:\/\/api.w.org\/{rel}","templated":true}]}}