{"id":2337,"date":"2008-11-24T17:40:00","date_gmt":"2008-11-24T19:40:00","guid":{"rendered":"https:\/\/abrelivros.org.br\/site\/2008\/11\/24\/encontro-nacional-debate-ensino-medio\/"},"modified":"2008-11-24T17:40:00","modified_gmt":"2008-11-24T19:40:00","slug":"encontro-nacional-debate-ensino-medio","status":"publish","type":"post","link":"https:\/\/abrelivros.org.br\/site\/encontro-nacional-debate-ensino-medio\/","title":{"rendered":"Encontro nacional debate ensino m\u00e9dio"},"content":{"rendered":"<p>Come\u00e7a nesta segunda-feira, 24, em Goi\u00e2nia, o Semin\u00e1rio Nacional de Pol\u00edticas P\u00fablicas para o Ensino M\u00e9dio. O encontro re\u00fane 27 coordenadores de ensino m\u00e9dio de cada estado brasileiro e do Distrito Federal. Tamb\u00e9m participam representantes dos col\u00e9gios de aplica\u00e7\u00e3o das universidades federais, do Col\u00e9gio Pedro II, da Universidade Federal de Goi\u00e1s (UFG) e dos conselhos estaduais e municipais de educa\u00e7\u00e3o, entre outros.&nbsp;<br \/> &nbsp;<br \/> At\u00e9 esta ter\u00e7a- feira, 25, os participantes discutem formas de contribuir para a\u00e7\u00f5es e pol\u00edticas p\u00fablicas voltadas para o ensino m\u00e9dio. \u201cO debate \u00e9 importante porque ajuda a levantar subs\u00eddios para uma pesquisa que a UFG vai fazer em 2009\u201d, informou o diretor de Concep\u00e7\u00f5es e Orienta\u00e7\u00f5es Curriculares para Educa\u00e7\u00e3o B\u00e1sica (SEB\/MEC), Carlos Artexes Sim\u00f5es, que participa do encontro.&nbsp;<br \/> &nbsp;<br \/> De acordo com Artexes, a UFG est\u00e1 mapeando experi\u00eancias de sucesso nessa etapa de ensino e a expectativa \u00e9 que os pesquisadores da universidade desenvolvam uma pesquisa sobre indicadores de qualidade no ensino m\u00e9dio em 2009.&nbsp;<br \/> &nbsp;<br \/> A partir dos dados levantados pela pesquisa e com as contribui\u00e7\u00f5es dos estados e munic\u00edpios, ser\u00e1 poss\u00edvel tra\u00e7ar a\u00e7\u00f5es consistentes para melhorar a qualidade do ensino m\u00e9dio. Para Artexes, o trabalho conjunto fortalece o regime de colabora\u00e7\u00e3o. \u201cUm dos objetivos do semin\u00e1rio \u00e9 estimular a articula\u00e7\u00e3o entre a Uni\u00e3o, os estados e os munic\u00edpios\u201d, diz.&nbsp;<br \/> &nbsp;<br \/> O semin\u00e1rio \u00e9 resultado de parceria entre a Secretaria de Educa\u00e7\u00e3o B\u00e1sica (SEB) e a Universidade Federal de Goi\u00e1s. No encontro, ser\u00e3o debatidas pol\u00edticas p\u00fablicas para o ensino m\u00e9dio no Brasil, concep\u00e7\u00f5es e ensino m\u00e9dio integrado: curr\u00edculo e projeto pedag\u00f3gico.&nbsp;<br \/> &nbsp;<br \/> &nbsp;<\/p>\n","protected":false},"excerpt":{"rendered":"<p>Come\u00e7a nesta segunda-feira, 24, em Goi\u00e2nia, o Semin\u00e1rio Nacional de Pol\u00edticas P\u00fablicas para o Ensino M\u00e9dio. O encontro re\u00fane 27 coordenadores de ensino m\u00e9dio de cada estado brasileiro e do Distrito Federal. Tamb\u00e9m participam representantes dos col\u00e9gios de aplica\u00e7\u00e3o das universidades federais, do Col\u00e9gio Pedro II, da Universidade Federal de Goi\u00e1s (UFG) e dos conselhos [&hellip;]<\/p>\n","protected":false},"author":1,"featured_media":0,"comment_status":"closed","ping_status":"closed","sticky":false,"template":"","format":"standard","meta":{"footnotes":"","_links_to":"","_links_to_target":""},"categories":[9],"tags":[],"class_list":["post-2337","post","type-post","status-publish","format-standard","hentry","category-noticias-da-imprensa"],"yoast_head":"<!-- This site is optimized with the Yoast SEO plugin v15.1 - https:\/\/yoast.com\/wordpress\/plugins\/seo\/ -->\n<title>Encontro nacional debate ensino m\u00e9dio &raquo; Abrelivros<\/title>\n<meta name=\"robots\" content=\"index, follow, max-snippet:-1, max-image-preview:large, max-video-preview:-1\" \/>\n<link rel=\"canonical\" href=\"https:\/\/abrelivros.org.br\/site\/encontro-nacional-debate-ensino-medio\/\" \/>\n<meta property=\"og:locale\" content=\"pt_BR\" \/>\n<meta property=\"og:type\" content=\"article\" \/>\n<meta property=\"og:title\" content=\"Encontro nacional debate ensino m\u00e9dio &raquo; Abrelivros\" \/>\n<meta property=\"og:description\" content=\"Come\u00e7a nesta segunda-feira, 24, em Goi\u00e2nia, o Semin\u00e1rio Nacional de Pol\u00edticas P\u00fablicas para o Ensino M\u00e9dio. O encontro re\u00fane 27 coordenadores de ensino m\u00e9dio de cada estado brasileiro e do Distrito Federal. Tamb\u00e9m participam representantes dos col\u00e9gios de aplica\u00e7\u00e3o das universidades federais, do Col\u00e9gio Pedro II, da Universidade Federal de Goi\u00e1s (UFG) e dos conselhos [&hellip;]\" \/>\n<meta property=\"og:url\" content=\"https:\/\/abrelivros.org.br\/site\/encontro-nacional-debate-ensino-medio\/\" \/>\n<meta property=\"og:site_name\" content=\"Abrelivros\" \/>\n<meta property=\"article:published_time\" content=\"2008-11-24T19:40:00+00:00\" \/>\n<meta name=\"twitter:card\" content=\"summary_large_image\" \/>\n<script type=\"application\/ld+json\" class=\"yoast-schema-graph\">{\"@context\":\"https:\/\/schema.org\",\"@graph\":[{\"@type\":\"WebSite\",\"@id\":\"https:\/\/abrelivros.org.br\/site\/#website\",\"url\":\"https:\/\/abrelivros.org.br\/site\/\",\"name\":\"Abrelivros\",\"description\":\"\",\"potentialAction\":[{\"@type\":\"SearchAction\",\"target\":\"https:\/\/abrelivros.org.br\/site\/?s={search_term_string}\",\"query-input\":\"required name=search_term_string\"}],\"inLanguage\":\"pt-BR\"},{\"@type\":\"WebPage\",\"@id\":\"https:\/\/abrelivros.org.br\/site\/encontro-nacional-debate-ensino-medio\/#webpage\",\"url\":\"https:\/\/abrelivros.org.br\/site\/encontro-nacional-debate-ensino-medio\/\",\"name\":\"Encontro nacional debate ensino m\\u00e9dio &raquo; Abrelivros\",\"isPartOf\":{\"@id\":\"https:\/\/abrelivros.org.br\/site\/#website\"},\"datePublished\":\"2008-11-24T19:40:00+00:00\",\"dateModified\":\"2008-11-24T19:40:00+00:00\",\"author\":{\"@id\":\"https:\/\/abrelivros.org.br\/site\/#\/schema\/person\/2b867f13a717bb230f1a3555505f5593\"},\"breadcrumb\":{\"@id\":\"https:\/\/abrelivros.org.br\/site\/encontro-nacional-debate-ensino-medio\/#breadcrumb\"},\"inLanguage\":\"pt-BR\",\"potentialAction\":[{\"@type\":\"ReadAction\",\"target\":[\"https:\/\/abrelivros.org.br\/site\/encontro-nacional-debate-ensino-medio\/\"]}]},{\"@type\":\"BreadcrumbList\",\"@id\":\"https:\/\/abrelivros.org.br\/site\/encontro-nacional-debate-ensino-medio\/#breadcrumb\",\"itemListElement\":[{\"@type\":\"ListItem\",\"position\":1,\"item\":{\"@type\":\"WebPage\",\"@id\":\"https:\/\/abrelivros.org.br\/site\/\",\"url\":\"https:\/\/abrelivros.org.br\/site\/\",\"name\":\"In\\u00edcio\"}},{\"@type\":\"ListItem\",\"position\":2,\"item\":{\"@type\":\"WebPage\",\"@id\":\"https:\/\/abrelivros.org.br\/site\/category\/noticias\/\",\"url\":\"https:\/\/abrelivros.org.br\/site\/category\/noticias\/\",\"name\":\"Not\\u00edcias\"}},{\"@type\":\"ListItem\",\"position\":3,\"item\":{\"@type\":\"WebPage\",\"@id\":\"https:\/\/abrelivros.org.br\/site\/category\/noticias\/noticias-da-imprensa\/\",\"url\":\"https:\/\/abrelivros.org.br\/site\/category\/noticias\/noticias-da-imprensa\/\",\"name\":\"Not\\u00edcias da imprensa\"}},{\"@type\":\"ListItem\",\"position\":4,\"item\":{\"@type\":\"WebPage\",\"@id\":\"https:\/\/abrelivros.org.br\/site\/encontro-nacional-debate-ensino-medio\/\",\"url\":\"https:\/\/abrelivros.org.br\/site\/encontro-nacional-debate-ensino-medio\/\",\"name\":\"Encontro nacional debate ensino m\\u00e9dio\"}}]},{\"@type\":\"Person\",\"@id\":\"https:\/\/abrelivros.org.br\/site\/#\/schema\/person\/2b867f13a717bb230f1a3555505f5593\",\"name\":\"\\u00a0\",\"image\":{\"@type\":\"ImageObject\",\"@id\":\"https:\/\/abrelivros.org.br\/site\/#personlogo\",\"inLanguage\":\"pt-BR\",\"url\":\"https:\/\/secure.gravatar.com\/avatar\/e80b7f5231be2fff5040a8023da424898002831c5439420df182ae62676d2a6f?s=96&d=mm&r=g\",\"caption\":\"\\u00a0\"}}]}<\/script>\n<!-- \/ Yoast SEO plugin. -->","_links":{"self":[{"href":"https:\/\/abrelivros.org.br\/site\/wp-json\/wp\/v2\/posts\/2337","targetHints":{"allow":["GET"]}}],"collection":[{"href":"https:\/\/abrelivros.org.br\/site\/wp-json\/wp\/v2\/posts"}],"about":[{"href":"https:\/\/abrelivros.org.br\/site\/wp-json\/wp\/v2\/types\/post"}],"author":[{"embeddable":true,"href":"https:\/\/abrelivros.org.br\/site\/wp-json\/wp\/v2\/users\/1"}],"replies":[{"embeddable":true,"href":"https:\/\/abrelivros.org.br\/site\/wp-json\/wp\/v2\/comments?post=2337"}],"version-history":[{"count":0,"href":"https:\/\/abrelivros.org.br\/site\/wp-json\/wp\/v2\/posts\/2337\/revisions"}],"wp:attachment":[{"href":"https:\/\/abrelivros.org.br\/site\/wp-json\/wp\/v2\/media?parent=2337"}],"wp:term":[{"taxonomy":"category","embeddable":true,"href":"https:\/\/abrelivros.org.br\/site\/wp-json\/wp\/v2\/categories?post=2337"},{"taxonomy":"post_tag","embeddable":true,"href":"https:\/\/abrelivros.org.br\/site\/wp-json\/wp\/v2\/tags?post=2337"}],"curies":[{"name":"wp","href":"https:\/\/api.w.org\/{rel}","templated":true}]}}