{"id":2335,"date":"2008-11-26T16:54:00","date_gmt":"2008-11-26T18:54:00","guid":{"rendered":"https:\/\/abrelivros.org.br\/site\/2008\/11\/26\/seminario-em-fortaleza-discute-lei-do-direito-autoral\/"},"modified":"2008-11-26T16:54:00","modified_gmt":"2008-11-26T18:54:00","slug":"seminario-em-fortaleza-discute-lei-do-direito-autoral","status":"publish","type":"post","link":"https:\/\/abrelivros.org.br\/site\/seminario-em-fortaleza-discute-lei-do-direito-autoral\/","title":{"rendered":"Semin\u00e1rio em Fortaleza discute lei do direito autoral"},"content":{"rendered":"<p>Depois de um ano debatendo alternativas para a moderniza\u00e7\u00e3o da Lei 9.610, de 1998, que regula os direitos autorais no Pa\u00eds, o Minist\u00e9rio da Cultura recebe hoje em Fortaleza especialistas de todo mundo neste tipo de legisla\u00e7\u00e3o. O Semin\u00e1rio Internacional de Direito Autoral \u00e9 realizado at\u00e9 sexta-feira, em Fortaleza, em parceria com o Programa das Na\u00e7\u00f5es Unidas para o Desenvolvimento (PNUD), e ter\u00e1 na abertura uma apresenta\u00e7\u00e3o do ministro Juca Ferreira.&nbsp;<br \/> &nbsp;<br \/> Segundo o secret\u00e1rio interino de Pol\u00edtica Cultural e coordenador de Direitos Autorais, Marcos Alves de Souza, o semin\u00e1rio encerra um ciclo de encontros com a sociedade para que se verifique a necessidade de aprimoramento do mecanismo j\u00e1 existente. \u201cO objetivo do f\u00f3rum \u00e9 descobrir se os maiores interessados, os autores, acreditam que a mudan\u00e7a na legisla\u00e7\u00e3o \u00e9 mesmo necess\u00e1ria que, se a mudan\u00e7a na legisla\u00e7\u00e3o se mostrar mesmo necess\u00e1ria\u201d, explica ele. &nbsp;<br \/> &nbsp;<br \/> No pr\u00f3ximo ano, adianta o secret\u00e1rio, ser\u00e3o realizados mais dois semin\u00e1rios e oficinas de trabalho sobre o tema, para aprofundar as propostas. Depois de consolidado esse material, o MinC deve batalhar pela mudan\u00e7a da lei no Congresso, por meio de um projeto de lei. &nbsp;<br \/> &nbsp;<br \/> Ao falar sobre o que tem ouvido nos encontros com autores pelo Pa\u00eds, Souza diz que j\u00e1 \u00e9 dada como certa a necessidade de revis\u00e3o do papel do Estado na \u00e1rea. \u201cO Estado perdeu todas as suas compet\u00eancias na \u00e1rea do direito autoral em 1990, quando foi extinto o Conselho Nacional de Direito Autoral\u201d, anota. \u201cA corre\u00e7\u00e3o disso est\u00e1 sendo estudada, mas n\u00e3o sabemos ainda se vamos criar um \u00f3rg\u00e3o como aquele conselho.\u201d &nbsp;<br \/> &nbsp;<br \/> O semin\u00e1rio de Fortaleza recebe representantes dos mais diferentes pa\u00edses &#8211; Paquist\u00e3o, \u00cdndia, Tanz\u00e2nia, Qu\u00eania, Rom\u00eania -, al\u00e9m de palestrantes de Portugal, Espanha e Holanda, e, ainda, os vizinhos da Am\u00e9rica Latina. \u201cA id\u00e9ia \u00e9 conhecer experi\u00eancias de outros pa\u00edses para termos subs\u00eddios para a nossa discuss\u00e3o interna. Queremos verificar se determinados tipos de solu\u00e7\u00f5es adotadas em outros pa\u00edses seriam interessantes para o Brasil\u201d, detalha o secret\u00e1rio. \u201cOutro objetivo \u00e9 afinar o discurso na arena internacional, uma busca de uma aproxima\u00e7\u00e3o com pa\u00edses que se t\u00eam colocado em discuss\u00f5es internacionais nesse campo.\u201d &nbsp;<br \/> &nbsp;<\/p>\n","protected":false},"excerpt":{"rendered":"<p>Depois de um ano debatendo alternativas para a moderniza\u00e7\u00e3o da Lei 9.610, de 1998, que regula os direitos autorais no Pa\u00eds, o Minist\u00e9rio da Cultura recebe hoje em Fortaleza especialistas de todo mundo neste tipo de legisla\u00e7\u00e3o. O Semin\u00e1rio Internacional de Direito Autoral \u00e9 realizado at\u00e9 sexta-feira, em Fortaleza, em parceria com o Programa das [&hellip;]<\/p>\n","protected":false},"author":1,"featured_media":0,"comment_status":"closed","ping_status":"closed","sticky":false,"template":"","format":"standard","meta":{"footnotes":"","_links_to":"","_links_to_target":""},"categories":[9],"tags":[],"class_list":["post-2335","post","type-post","status-publish","format-standard","hentry","category-noticias-da-imprensa"],"yoast_head":"<!-- This site is optimized with the Yoast SEO plugin v15.1 - https:\/\/yoast.com\/wordpress\/plugins\/seo\/ -->\n<title>Semin\u00e1rio em Fortaleza discute lei do direito autoral &raquo; Abrelivros<\/title>\n<meta name=\"robots\" content=\"index, follow, max-snippet:-1, max-image-preview:large, max-video-preview:-1\" \/>\n<link rel=\"canonical\" href=\"https:\/\/abrelivros.org.br\/site\/seminario-em-fortaleza-discute-lei-do-direito-autoral\/\" \/>\n<meta property=\"og:locale\" content=\"pt_BR\" \/>\n<meta property=\"og:type\" content=\"article\" \/>\n<meta property=\"og:title\" content=\"Semin\u00e1rio em Fortaleza discute lei do direito autoral &raquo; Abrelivros\" \/>\n<meta property=\"og:description\" content=\"Depois de um ano debatendo alternativas para a moderniza\u00e7\u00e3o da Lei 9.610, de 1998, que regula os direitos autorais no Pa\u00eds, o Minist\u00e9rio da Cultura recebe hoje em Fortaleza especialistas de todo mundo neste tipo de legisla\u00e7\u00e3o. O Semin\u00e1rio Internacional de Direito Autoral \u00e9 realizado at\u00e9 sexta-feira, em Fortaleza, em parceria com o Programa das [&hellip;]\" \/>\n<meta property=\"og:url\" content=\"https:\/\/abrelivros.org.br\/site\/seminario-em-fortaleza-discute-lei-do-direito-autoral\/\" \/>\n<meta property=\"og:site_name\" content=\"Abrelivros\" \/>\n<meta property=\"article:published_time\" content=\"2008-11-26T18:54:00+00:00\" \/>\n<meta name=\"twitter:card\" content=\"summary_large_image\" \/>\n<script type=\"application\/ld+json\" class=\"yoast-schema-graph\">{\"@context\":\"https:\/\/schema.org\",\"@graph\":[{\"@type\":\"WebSite\",\"@id\":\"https:\/\/abrelivros.org.br\/site\/#website\",\"url\":\"https:\/\/abrelivros.org.br\/site\/\",\"name\":\"Abrelivros\",\"description\":\"\",\"potentialAction\":[{\"@type\":\"SearchAction\",\"target\":\"https:\/\/abrelivros.org.br\/site\/?s={search_term_string}\",\"query-input\":\"required name=search_term_string\"}],\"inLanguage\":\"pt-BR\"},{\"@type\":\"WebPage\",\"@id\":\"https:\/\/abrelivros.org.br\/site\/seminario-em-fortaleza-discute-lei-do-direito-autoral\/#webpage\",\"url\":\"https:\/\/abrelivros.org.br\/site\/seminario-em-fortaleza-discute-lei-do-direito-autoral\/\",\"name\":\"Semin\\u00e1rio em Fortaleza discute lei do direito autoral &raquo; Abrelivros\",\"isPartOf\":{\"@id\":\"https:\/\/abrelivros.org.br\/site\/#website\"},\"datePublished\":\"2008-11-26T18:54:00+00:00\",\"dateModified\":\"2008-11-26T18:54:00+00:00\",\"author\":{\"@id\":\"https:\/\/abrelivros.org.br\/site\/#\/schema\/person\/2b867f13a717bb230f1a3555505f5593\"},\"breadcrumb\":{\"@id\":\"https:\/\/abrelivros.org.br\/site\/seminario-em-fortaleza-discute-lei-do-direito-autoral\/#breadcrumb\"},\"inLanguage\":\"pt-BR\",\"potentialAction\":[{\"@type\":\"ReadAction\",\"target\":[\"https:\/\/abrelivros.org.br\/site\/seminario-em-fortaleza-discute-lei-do-direito-autoral\/\"]}]},{\"@type\":\"BreadcrumbList\",\"@id\":\"https:\/\/abrelivros.org.br\/site\/seminario-em-fortaleza-discute-lei-do-direito-autoral\/#breadcrumb\",\"itemListElement\":[{\"@type\":\"ListItem\",\"position\":1,\"item\":{\"@type\":\"WebPage\",\"@id\":\"https:\/\/abrelivros.org.br\/site\/\",\"url\":\"https:\/\/abrelivros.org.br\/site\/\",\"name\":\"In\\u00edcio\"}},{\"@type\":\"ListItem\",\"position\":2,\"item\":{\"@type\":\"WebPage\",\"@id\":\"https:\/\/abrelivros.org.br\/site\/category\/noticias\/\",\"url\":\"https:\/\/abrelivros.org.br\/site\/category\/noticias\/\",\"name\":\"Not\\u00edcias\"}},{\"@type\":\"ListItem\",\"position\":3,\"item\":{\"@type\":\"WebPage\",\"@id\":\"https:\/\/abrelivros.org.br\/site\/category\/noticias\/noticias-da-imprensa\/\",\"url\":\"https:\/\/abrelivros.org.br\/site\/category\/noticias\/noticias-da-imprensa\/\",\"name\":\"Not\\u00edcias da imprensa\"}},{\"@type\":\"ListItem\",\"position\":4,\"item\":{\"@type\":\"WebPage\",\"@id\":\"https:\/\/abrelivros.org.br\/site\/seminario-em-fortaleza-discute-lei-do-direito-autoral\/\",\"url\":\"https:\/\/abrelivros.org.br\/site\/seminario-em-fortaleza-discute-lei-do-direito-autoral\/\",\"name\":\"Semin\\u00e1rio em Fortaleza discute lei do direito autoral\"}}]},{\"@type\":\"Person\",\"@id\":\"https:\/\/abrelivros.org.br\/site\/#\/schema\/person\/2b867f13a717bb230f1a3555505f5593\",\"name\":\"\\u00a0\",\"image\":{\"@type\":\"ImageObject\",\"@id\":\"https:\/\/abrelivros.org.br\/site\/#personlogo\",\"inLanguage\":\"pt-BR\",\"url\":\"https:\/\/secure.gravatar.com\/avatar\/e80b7f5231be2fff5040a8023da424898002831c5439420df182ae62676d2a6f?s=96&d=mm&r=g\",\"caption\":\"\\u00a0\"}}]}<\/script>\n<!-- \/ Yoast SEO plugin. -->","_links":{"self":[{"href":"https:\/\/abrelivros.org.br\/site\/wp-json\/wp\/v2\/posts\/2335","targetHints":{"allow":["GET"]}}],"collection":[{"href":"https:\/\/abrelivros.org.br\/site\/wp-json\/wp\/v2\/posts"}],"about":[{"href":"https:\/\/abrelivros.org.br\/site\/wp-json\/wp\/v2\/types\/post"}],"author":[{"embeddable":true,"href":"https:\/\/abrelivros.org.br\/site\/wp-json\/wp\/v2\/users\/1"}],"replies":[{"embeddable":true,"href":"https:\/\/abrelivros.org.br\/site\/wp-json\/wp\/v2\/comments?post=2335"}],"version-history":[{"count":0,"href":"https:\/\/abrelivros.org.br\/site\/wp-json\/wp\/v2\/posts\/2335\/revisions"}],"wp:attachment":[{"href":"https:\/\/abrelivros.org.br\/site\/wp-json\/wp\/v2\/media?parent=2335"}],"wp:term":[{"taxonomy":"category","embeddable":true,"href":"https:\/\/abrelivros.org.br\/site\/wp-json\/wp\/v2\/categories?post=2335"},{"taxonomy":"post_tag","embeddable":true,"href":"https:\/\/abrelivros.org.br\/site\/wp-json\/wp\/v2\/tags?post=2335"}],"curies":[{"name":"wp","href":"https:\/\/api.w.org\/{rel}","templated":true}]}}