{"id":2334,"date":"2008-11-27T16:50:00","date_gmt":"2008-11-27T18:50:00","guid":{"rendered":"https:\/\/abrelivros.org.br\/site\/2008\/11\/27\/um-milhao-de-livros-para-o-maranhao\/"},"modified":"2008-11-27T16:50:00","modified_gmt":"2008-11-27T18:50:00","slug":"um-milhao-de-livros-para-o-maranhao","status":"publish","type":"post","link":"https:\/\/abrelivros.org.br\/site\/um-milhao-de-livros-para-o-maranhao\/","title":{"rendered":"Um milh\u00e3o de livros para o Maranh\u00e3o"},"content":{"rendered":"<p>O Governo do Estado do Maranh\u00e3o lan\u00e7ou dia 25, pela manh\u00e3 durante abertura do I F\u00f3rum Estadual do Livro e Leitura, no Convento das Merc\u00eas, a campanha \u201cUm milh\u00e3o de livros\u201d, com objetivo de inverter uma equa\u00e7\u00e3o perversa de distanciamento das popula\u00e7\u00f5es carentes ao conhecimento, resultado de uma pol\u00edtica intencional praticada at\u00e9 recentemente no Estado.\u00a0<br \/> \u00a0<br \/> A campanha, lan\u00e7ada aos participantes do F\u00f3rum, visa ampliar o acervo das bibliotecas p\u00fablicas escolares, comunit\u00e1rias, rurais, especializadas e universit\u00e1rias, atrav\u00e9s de aquisi\u00e7\u00e3o e doa\u00e7\u00e3o com objetivo de corrigir distor\u00e7\u00f5es hist\u00f3ricas no universo editorial. A id\u00e9ia \u00e9 distribuir pelo menos 2 mil t\u00edtulos para cada uma das bibliotecas municipais no Maranh\u00e3o. Os livros ser\u00e3o adquiridos principalmente junto a editoras nordestinas.\u00a0<br \/> \u00a0<br \/> Na abertura do F\u00f3rum, o governador Jackson Lago disse que a quest\u00e3o da educa\u00e7\u00e3o e cultura tem merecido tratamento priorit\u00e1rio. \u201cAtravessamos o Estreito dos Mosquitos. A discuss\u00e3o para o estabelecimento de uma pol\u00edtica de cultura hoje \u00e9 uma realidade estadual\u201d, destacou o governador do Estado.\u00a0<br \/> \u00a0<br \/> D\u00e9ficit Zero &#8211; Desde o ano passado at\u00e9 o m\u00eas de novembro foram inauguradas 58 bibliotecas municipais, resultado da parceria entre o Governo do Estado e o Minist\u00e9rio da Cultura (MinC). A previs\u00e3o \u00e9 de que at\u00e9 o ano de 2010 todos os munic\u00edpios maranhenses tenham ao menos uma biblioteca p\u00fablica municipal funcionando.\u00a0<br \/> \u00a0<br \/> Para zerar o d\u00e9ficit de bibliotecas no Estado restam apenas 44 munic\u00edpios maranhenses que ainda n\u00e3o possuem o equipamento de cultura e conhecimento. No pr\u00f3ximo ano devem ser instaladas mais 11 novas bibliotecas, cada uma delas com acervo inicial de 2 mil t\u00edtulos. Segundo a representante do Minist\u00e9rio da Cultura, Gabriela Gambi, a aquisi\u00e7\u00e3o do Minc est\u00e1 sendo repassada \u00e0s bibliotecas atrav\u00e9s da Biblioteca Nacional.\u00a0<br \/> \u00a0<br \/> Ao agradecer a presen\u00e7a de pessoas de interesse na \u00e1rea da cultura e educa\u00e7\u00e3o que participam do F\u00f3rum que prop\u00f5e um amplo painel sobre o setor no Estado, o governador Jackson Lago defendeu a discuss\u00e3o paralela dos arranjos criativos.   \u00a0<br \/> \u00a0<br \/> N\u00fameros desiguais &#8211; Respons\u00e1vel por 52% das compras de livros, os governos federal, estadual e municipal t\u00eam feito regularmente a aquisi\u00e7\u00e3o de t\u00edtulos junto a editoras do eixo Rio &#8211; S\u00e3o Paulo. Sobra para as editoras regionais um percentual pouco maior que 1%. Dos 1.711 t\u00edtulos adquiridos esse ano pelos governos das tr\u00eas esferas, 93%, ou seja, 1.599 t\u00edtulos pertencem a cat\u00e1logos de editoras dos dois estados do Sudeste. Apenas 25 t\u00edtulos do total foram adquiridos junto a editoras do Nordeste. Todos esses n\u00fameros ser\u00e3o apresentados pelo governador Jackson Lago ao presidente Lu\u00eds In\u00e1cio Lula da Silva no pr\u00f3ximo dia 2 de dezembro em Recife, em encontro dos governadores da regi\u00e3o Nordeste. \u201cN\u00e3o h\u00e1 pior flagelo que a escurid\u00e3o cultural que o analfabetismo traz para todos. \u00c9 necess\u00e1rio que os tr\u00eas n\u00edveis de governo e a sociedade civil se unam para resolver de uma vez por todas essa quest\u00e3o que nos inquieta\u201d, ressaltou o secret\u00e1rio de Estado da Cultura, Jo\u00e3ozinho Ribeiro.\u00a0<br \/> \u00a0<br \/> O F\u00f3rum, promovido pela Secretaria de Estado da Cultura se prolonga at\u00e9 a pr\u00f3xima quinta-feira com uma programa\u00e7\u00e3o que inclui confer\u00eancias, mesa-redonda, oficinas e eventos paralelos.\u00a0<br \/> \u00a0<br \/> \u00a0<\/p>\n","protected":false},"excerpt":{"rendered":"<p>O Governo do Estado do Maranh\u00e3o lan\u00e7ou dia 25, pela manh\u00e3 durante abertura do I F\u00f3rum Estadual do Livro e Leitura, no Convento das Merc\u00eas, a campanha \u201cUm milh\u00e3o de livros\u201d, com objetivo de inverter uma equa\u00e7\u00e3o perversa de distanciamento das popula\u00e7\u00f5es carentes ao conhecimento, resultado de uma pol\u00edtica intencional praticada at\u00e9 recentemente no Estado.\u00a0 [&hellip;]<\/p>\n","protected":false},"author":1,"featured_media":0,"comment_status":"closed","ping_status":"closed","sticky":false,"template":"","format":"standard","meta":{"footnotes":"","_links_to":"","_links_to_target":""},"categories":[9],"tags":[],"class_list":["post-2334","post","type-post","status-publish","format-standard","hentry","category-noticias-da-imprensa"],"yoast_head":"<!-- This site is optimized with the Yoast SEO plugin v15.1 - https:\/\/yoast.com\/wordpress\/plugins\/seo\/ -->\n<title>Um milh\u00e3o de livros para o Maranh\u00e3o &raquo; Abrelivros<\/title>\n<meta name=\"robots\" content=\"index, follow, max-snippet:-1, max-image-preview:large, max-video-preview:-1\" \/>\n<link rel=\"canonical\" href=\"https:\/\/abrelivros.org.br\/site\/um-milhao-de-livros-para-o-maranhao\/\" \/>\n<meta property=\"og:locale\" content=\"pt_BR\" \/>\n<meta property=\"og:type\" content=\"article\" \/>\n<meta property=\"og:title\" content=\"Um milh\u00e3o de livros para o Maranh\u00e3o &raquo; Abrelivros\" \/>\n<meta property=\"og:description\" content=\"O Governo do Estado do Maranh\u00e3o lan\u00e7ou dia 25, pela manh\u00e3 durante abertura do I F\u00f3rum Estadual do Livro e Leitura, no Convento das Merc\u00eas, a campanha \u201cUm milh\u00e3o de livros\u201d, com objetivo de inverter uma equa\u00e7\u00e3o perversa de distanciamento das popula\u00e7\u00f5es carentes ao conhecimento, resultado de uma pol\u00edtica intencional praticada at\u00e9 recentemente no Estado.\u00a0 [&hellip;]\" \/>\n<meta property=\"og:url\" content=\"https:\/\/abrelivros.org.br\/site\/um-milhao-de-livros-para-o-maranhao\/\" \/>\n<meta property=\"og:site_name\" content=\"Abrelivros\" \/>\n<meta property=\"article:published_time\" content=\"2008-11-27T18:50:00+00:00\" \/>\n<meta name=\"twitter:card\" content=\"summary_large_image\" \/>\n<script type=\"application\/ld+json\" class=\"yoast-schema-graph\">{\"@context\":\"https:\/\/schema.org\",\"@graph\":[{\"@type\":\"WebSite\",\"@id\":\"https:\/\/abrelivros.org.br\/site\/#website\",\"url\":\"https:\/\/abrelivros.org.br\/site\/\",\"name\":\"Abrelivros\",\"description\":\"\",\"potentialAction\":[{\"@type\":\"SearchAction\",\"target\":\"https:\/\/abrelivros.org.br\/site\/?s={search_term_string}\",\"query-input\":\"required name=search_term_string\"}],\"inLanguage\":\"pt-BR\"},{\"@type\":\"WebPage\",\"@id\":\"https:\/\/abrelivros.org.br\/site\/um-milhao-de-livros-para-o-maranhao\/#webpage\",\"url\":\"https:\/\/abrelivros.org.br\/site\/um-milhao-de-livros-para-o-maranhao\/\",\"name\":\"Um milh\\u00e3o de livros para o Maranh\\u00e3o &raquo; Abrelivros\",\"isPartOf\":{\"@id\":\"https:\/\/abrelivros.org.br\/site\/#website\"},\"datePublished\":\"2008-11-27T18:50:00+00:00\",\"dateModified\":\"2008-11-27T18:50:00+00:00\",\"author\":{\"@id\":\"https:\/\/abrelivros.org.br\/site\/#\/schema\/person\/2b867f13a717bb230f1a3555505f5593\"},\"breadcrumb\":{\"@id\":\"https:\/\/abrelivros.org.br\/site\/um-milhao-de-livros-para-o-maranhao\/#breadcrumb\"},\"inLanguage\":\"pt-BR\",\"potentialAction\":[{\"@type\":\"ReadAction\",\"target\":[\"https:\/\/abrelivros.org.br\/site\/um-milhao-de-livros-para-o-maranhao\/\"]}]},{\"@type\":\"BreadcrumbList\",\"@id\":\"https:\/\/abrelivros.org.br\/site\/um-milhao-de-livros-para-o-maranhao\/#breadcrumb\",\"itemListElement\":[{\"@type\":\"ListItem\",\"position\":1,\"item\":{\"@type\":\"WebPage\",\"@id\":\"https:\/\/abrelivros.org.br\/site\/\",\"url\":\"https:\/\/abrelivros.org.br\/site\/\",\"name\":\"In\\u00edcio\"}},{\"@type\":\"ListItem\",\"position\":2,\"item\":{\"@type\":\"WebPage\",\"@id\":\"https:\/\/abrelivros.org.br\/site\/category\/noticias\/\",\"url\":\"https:\/\/abrelivros.org.br\/site\/category\/noticias\/\",\"name\":\"Not\\u00edcias\"}},{\"@type\":\"ListItem\",\"position\":3,\"item\":{\"@type\":\"WebPage\",\"@id\":\"https:\/\/abrelivros.org.br\/site\/category\/noticias\/noticias-da-imprensa\/\",\"url\":\"https:\/\/abrelivros.org.br\/site\/category\/noticias\/noticias-da-imprensa\/\",\"name\":\"Not\\u00edcias da imprensa\"}},{\"@type\":\"ListItem\",\"position\":4,\"item\":{\"@type\":\"WebPage\",\"@id\":\"https:\/\/abrelivros.org.br\/site\/um-milhao-de-livros-para-o-maranhao\/\",\"url\":\"https:\/\/abrelivros.org.br\/site\/um-milhao-de-livros-para-o-maranhao\/\",\"name\":\"Um milh\\u00e3o de livros para o Maranh\\u00e3o\"}}]},{\"@type\":\"Person\",\"@id\":\"https:\/\/abrelivros.org.br\/site\/#\/schema\/person\/2b867f13a717bb230f1a3555505f5593\",\"name\":\"\\u00a0\",\"image\":{\"@type\":\"ImageObject\",\"@id\":\"https:\/\/abrelivros.org.br\/site\/#personlogo\",\"inLanguage\":\"pt-BR\",\"url\":\"https:\/\/secure.gravatar.com\/avatar\/e80b7f5231be2fff5040a8023da424898002831c5439420df182ae62676d2a6f?s=96&d=mm&r=g\",\"caption\":\"\\u00a0\"}}]}<\/script>\n<!-- \/ Yoast SEO plugin. -->","_links":{"self":[{"href":"https:\/\/abrelivros.org.br\/site\/wp-json\/wp\/v2\/posts\/2334","targetHints":{"allow":["GET"]}}],"collection":[{"href":"https:\/\/abrelivros.org.br\/site\/wp-json\/wp\/v2\/posts"}],"about":[{"href":"https:\/\/abrelivros.org.br\/site\/wp-json\/wp\/v2\/types\/post"}],"author":[{"embeddable":true,"href":"https:\/\/abrelivros.org.br\/site\/wp-json\/wp\/v2\/users\/1"}],"replies":[{"embeddable":true,"href":"https:\/\/abrelivros.org.br\/site\/wp-json\/wp\/v2\/comments?post=2334"}],"version-history":[{"count":0,"href":"https:\/\/abrelivros.org.br\/site\/wp-json\/wp\/v2\/posts\/2334\/revisions"}],"wp:attachment":[{"href":"https:\/\/abrelivros.org.br\/site\/wp-json\/wp\/v2\/media?parent=2334"}],"wp:term":[{"taxonomy":"category","embeddable":true,"href":"https:\/\/abrelivros.org.br\/site\/wp-json\/wp\/v2\/categories?post=2334"},{"taxonomy":"post_tag","embeddable":true,"href":"https:\/\/abrelivros.org.br\/site\/wp-json\/wp\/v2\/tags?post=2334"}],"curies":[{"name":"wp","href":"https:\/\/api.w.org\/{rel}","templated":true}]}}