{"id":2333,"date":"2008-07-21T15:00:00","date_gmt":"2008-07-21T18:00:00","guid":{"rendered":"https:\/\/abrelivros.org.br\/site\/2008\/07\/21\/cristovam-propoe-criacao-do-programa-cesta-basica-do-livro\/"},"modified":"2008-07-21T15:00:00","modified_gmt":"2008-07-21T18:00:00","slug":"cristovam-propoe-criacao-do-programa-cesta-basica-do-livro","status":"publish","type":"post","link":"https:\/\/abrelivros.org.br\/site\/cristovam-propoe-criacao-do-programa-cesta-basica-do-livro\/","title":{"rendered":"Cristovam prop\u00f5e cria\u00e7\u00e3o do Programa Cesta B\u00e1sica do Livro"},"content":{"rendered":"<p>Tramita na Comiss\u00e3o de Educa\u00e7\u00e3o, Cultura e Esporte (CE) projeto de lei do senador Cristovam Buarque (PDT-DF) que autoriza o Executivo a criar, no Minist\u00e9rio da Educa\u00e7\u00e3o, o Programa Cesta B\u00e1sica do Livro (PLS 278\/08). O objetivo \u00e9 garantir um acervo m\u00ednimo de livros \u00e0s fam\u00edlias de estudantes do ensino p\u00fablico fundamental e m\u00e9dio. A mat\u00e9ria aguarda recebimento de emendas na comiss\u00e3o.\u00a0<br \/> \u00a0<br \/> De acordo com o projeto, essas fam\u00edlias devem receber, a cada bimestre letivo, dois livros de conte\u00fado liter\u00e1rio, art\u00edstico ou cient\u00edfico, constantes de um cat\u00e1logo amplo que ser\u00e1 atualizado a cada dois anos, elaborado pelo Minist\u00e9rio da Educa\u00e7\u00e3o e aprovado pela C\u00e2mara de Educa\u00e7\u00e3o B\u00e1sica do Conselho Nacional de Educa\u00e7\u00e3o. \u00a0<br \/> \u00a0<br \/> Na exposi\u00e7\u00e3o de motivos para a apresenta\u00e7\u00e3o do projeto, Cristovam disse que seu objetivo \u00e9 convencer a Na\u00e7\u00e3o de que a cesta b\u00e1sica n\u00e3o se comp\u00f5e apenas de bens materiais e produtos alimentares.\u00a0<br \/> \u00a0<br \/> &#8211; Assim como toda fam\u00edlia hoje disp\u00f5e de um aparelho de televis\u00e3o para conect\u00e1-la ao mundo e \u00e0 sociedade brasileira, \u00e9 preciso que os livros, esse patrim\u00f4nio cultural insubstitu\u00edvel da Humanidade, passem a fazer parte da cesta b\u00e1sica, do cotidiano de \u201caquisi\u00e7\u00e3o\u201c patrimonial das fam\u00edlias brasileiras &#8211; disse.\u00a0<br \/> \u00a0<br \/> O senador lembrou que estudos recentes t\u00eam mostrado a diferen\u00e7a positiva de desempenho na alfabetiza\u00e7\u00e3o de crian\u00e7as que disp\u00f5em de livros, jornais e revistas em casa. Ele destacou, no entanto, que existem cerca de 15 milh\u00f5es de brasileiros sem acesso a esses recursos. \u00a0<br \/> \u00a0<br \/> &#8211; Calcule-se a riqueza de difus\u00e3o cultural que propiciar\u00e1 a distribui\u00e7\u00e3o massiva de cl\u00e1ssicos de nossa literatura, bem como de obras art\u00edsticas e cientificas a que a maioria da popula\u00e7\u00e3o hoje n\u00e3o tem acesso, embora constem, muitas vezes, de bibliotecas pouco freq\u00fcentadas pelas fam\u00edlias pobres, cujos membros somam a maioria da nossa Na\u00e7\u00e3o &#8211; concluiu o senador. \u00a0<br \/> \u00a0<\/p>\n","protected":false},"excerpt":{"rendered":"<p>Tramita na Comiss\u00e3o de Educa\u00e7\u00e3o, Cultura e Esporte (CE) projeto de lei do senador Cristovam Buarque (PDT-DF) que autoriza o Executivo a criar, no Minist\u00e9rio da Educa\u00e7\u00e3o, o Programa Cesta B\u00e1sica do Livro (PLS 278\/08). O objetivo \u00e9 garantir um acervo m\u00ednimo de livros \u00e0s fam\u00edlias de estudantes do ensino p\u00fablico fundamental e m\u00e9dio. A [&hellip;]<\/p>\n","protected":false},"author":1,"featured_media":0,"comment_status":"closed","ping_status":"closed","sticky":false,"template":"","format":"standard","meta":{"footnotes":"","_links_to":"","_links_to_target":""},"categories":[9],"tags":[],"class_list":["post-2333","post","type-post","status-publish","format-standard","hentry","category-noticias-da-imprensa"],"yoast_head":"<!-- This site is optimized with the Yoast SEO plugin v15.1 - https:\/\/yoast.com\/wordpress\/plugins\/seo\/ -->\n<title>Cristovam prop\u00f5e cria\u00e7\u00e3o do Programa Cesta B\u00e1sica do Livro &raquo; Abrelivros<\/title>\n<meta name=\"robots\" content=\"index, follow, max-snippet:-1, max-image-preview:large, max-video-preview:-1\" \/>\n<link rel=\"canonical\" href=\"https:\/\/abrelivros.org.br\/site\/cristovam-propoe-criacao-do-programa-cesta-basica-do-livro\/\" \/>\n<meta property=\"og:locale\" content=\"pt_BR\" \/>\n<meta property=\"og:type\" content=\"article\" \/>\n<meta property=\"og:title\" content=\"Cristovam prop\u00f5e cria\u00e7\u00e3o do Programa Cesta B\u00e1sica do Livro &raquo; Abrelivros\" \/>\n<meta property=\"og:description\" content=\"Tramita na Comiss\u00e3o de Educa\u00e7\u00e3o, Cultura e Esporte (CE) projeto de lei do senador Cristovam Buarque (PDT-DF) que autoriza o Executivo a criar, no Minist\u00e9rio da Educa\u00e7\u00e3o, o Programa Cesta B\u00e1sica do Livro (PLS 278\/08). O objetivo \u00e9 garantir um acervo m\u00ednimo de livros \u00e0s fam\u00edlias de estudantes do ensino p\u00fablico fundamental e m\u00e9dio. A [&hellip;]\" \/>\n<meta property=\"og:url\" content=\"https:\/\/abrelivros.org.br\/site\/cristovam-propoe-criacao-do-programa-cesta-basica-do-livro\/\" \/>\n<meta property=\"og:site_name\" content=\"Abrelivros\" \/>\n<meta property=\"article:published_time\" content=\"2008-07-21T18:00:00+00:00\" \/>\n<meta name=\"twitter:card\" content=\"summary_large_image\" \/>\n<script type=\"application\/ld+json\" class=\"yoast-schema-graph\">{\"@context\":\"https:\/\/schema.org\",\"@graph\":[{\"@type\":\"WebSite\",\"@id\":\"https:\/\/abrelivros.org.br\/site\/#website\",\"url\":\"https:\/\/abrelivros.org.br\/site\/\",\"name\":\"Abrelivros\",\"description\":\"\",\"potentialAction\":[{\"@type\":\"SearchAction\",\"target\":\"https:\/\/abrelivros.org.br\/site\/?s={search_term_string}\",\"query-input\":\"required name=search_term_string\"}],\"inLanguage\":\"pt-BR\"},{\"@type\":\"WebPage\",\"@id\":\"https:\/\/abrelivros.org.br\/site\/cristovam-propoe-criacao-do-programa-cesta-basica-do-livro\/#webpage\",\"url\":\"https:\/\/abrelivros.org.br\/site\/cristovam-propoe-criacao-do-programa-cesta-basica-do-livro\/\",\"name\":\"Cristovam prop\\u00f5e cria\\u00e7\\u00e3o do Programa Cesta B\\u00e1sica do Livro &raquo; Abrelivros\",\"isPartOf\":{\"@id\":\"https:\/\/abrelivros.org.br\/site\/#website\"},\"datePublished\":\"2008-07-21T18:00:00+00:00\",\"dateModified\":\"2008-07-21T18:00:00+00:00\",\"author\":{\"@id\":\"https:\/\/abrelivros.org.br\/site\/#\/schema\/person\/2b867f13a717bb230f1a3555505f5593\"},\"breadcrumb\":{\"@id\":\"https:\/\/abrelivros.org.br\/site\/cristovam-propoe-criacao-do-programa-cesta-basica-do-livro\/#breadcrumb\"},\"inLanguage\":\"pt-BR\",\"potentialAction\":[{\"@type\":\"ReadAction\",\"target\":[\"https:\/\/abrelivros.org.br\/site\/cristovam-propoe-criacao-do-programa-cesta-basica-do-livro\/\"]}]},{\"@type\":\"BreadcrumbList\",\"@id\":\"https:\/\/abrelivros.org.br\/site\/cristovam-propoe-criacao-do-programa-cesta-basica-do-livro\/#breadcrumb\",\"itemListElement\":[{\"@type\":\"ListItem\",\"position\":1,\"item\":{\"@type\":\"WebPage\",\"@id\":\"https:\/\/abrelivros.org.br\/site\/\",\"url\":\"https:\/\/abrelivros.org.br\/site\/\",\"name\":\"In\\u00edcio\"}},{\"@type\":\"ListItem\",\"position\":2,\"item\":{\"@type\":\"WebPage\",\"@id\":\"https:\/\/abrelivros.org.br\/site\/category\/noticias\/\",\"url\":\"https:\/\/abrelivros.org.br\/site\/category\/noticias\/\",\"name\":\"Not\\u00edcias\"}},{\"@type\":\"ListItem\",\"position\":3,\"item\":{\"@type\":\"WebPage\",\"@id\":\"https:\/\/abrelivros.org.br\/site\/category\/noticias\/noticias-da-imprensa\/\",\"url\":\"https:\/\/abrelivros.org.br\/site\/category\/noticias\/noticias-da-imprensa\/\",\"name\":\"Not\\u00edcias da imprensa\"}},{\"@type\":\"ListItem\",\"position\":4,\"item\":{\"@type\":\"WebPage\",\"@id\":\"https:\/\/abrelivros.org.br\/site\/cristovam-propoe-criacao-do-programa-cesta-basica-do-livro\/\",\"url\":\"https:\/\/abrelivros.org.br\/site\/cristovam-propoe-criacao-do-programa-cesta-basica-do-livro\/\",\"name\":\"Cristovam prop\\u00f5e cria\\u00e7\\u00e3o do Programa Cesta B\\u00e1sica do Livro\"}}]},{\"@type\":\"Person\",\"@id\":\"https:\/\/abrelivros.org.br\/site\/#\/schema\/person\/2b867f13a717bb230f1a3555505f5593\",\"name\":\"\\u00a0\",\"image\":{\"@type\":\"ImageObject\",\"@id\":\"https:\/\/abrelivros.org.br\/site\/#personlogo\",\"inLanguage\":\"pt-BR\",\"url\":\"https:\/\/secure.gravatar.com\/avatar\/e80b7f5231be2fff5040a8023da424898002831c5439420df182ae62676d2a6f?s=96&d=mm&r=g\",\"caption\":\"\\u00a0\"}}]}<\/script>\n<!-- \/ Yoast SEO plugin. -->","_links":{"self":[{"href":"https:\/\/abrelivros.org.br\/site\/wp-json\/wp\/v2\/posts\/2333","targetHints":{"allow":["GET"]}}],"collection":[{"href":"https:\/\/abrelivros.org.br\/site\/wp-json\/wp\/v2\/posts"}],"about":[{"href":"https:\/\/abrelivros.org.br\/site\/wp-json\/wp\/v2\/types\/post"}],"author":[{"embeddable":true,"href":"https:\/\/abrelivros.org.br\/site\/wp-json\/wp\/v2\/users\/1"}],"replies":[{"embeddable":true,"href":"https:\/\/abrelivros.org.br\/site\/wp-json\/wp\/v2\/comments?post=2333"}],"version-history":[{"count":0,"href":"https:\/\/abrelivros.org.br\/site\/wp-json\/wp\/v2\/posts\/2333\/revisions"}],"wp:attachment":[{"href":"https:\/\/abrelivros.org.br\/site\/wp-json\/wp\/v2\/media?parent=2333"}],"wp:term":[{"taxonomy":"category","embeddable":true,"href":"https:\/\/abrelivros.org.br\/site\/wp-json\/wp\/v2\/categories?post=2333"},{"taxonomy":"post_tag","embeddable":true,"href":"https:\/\/abrelivros.org.br\/site\/wp-json\/wp\/v2\/tags?post=2333"}],"curies":[{"name":"wp","href":"https:\/\/api.w.org\/{rel}","templated":true}]}}