{"id":2331,"date":"2008-07-21T15:51:00","date_gmt":"2008-07-21T18:51:00","guid":{"rendered":"https:\/\/abrelivros.org.br\/site\/2008\/07\/21\/presidente-de-portugal-promulga-acordo-ortografico\/"},"modified":"2008-07-21T15:51:00","modified_gmt":"2008-07-21T18:51:00","slug":"presidente-de-portugal-promulga-acordo-ortografico","status":"publish","type":"post","link":"https:\/\/abrelivros.org.br\/site\/presidente-de-portugal-promulga-acordo-ortografico\/","title":{"rendered":"Presidente de Portugal promulga acordo ortogr\u00e1fico"},"content":{"rendered":"<p>O presidente portugu\u00eas, An\u00edbal Cavaco Silva, j\u00e1 promulgou o acordo ortogr\u00e1fico, ratificado no Parlamento luso em 16 de maio, disse nesta segunda-feira \u00e0 Ag\u00eancia Lusa fonte oficial da presid\u00eancia. \u00a0<br \/> \u00a0<br \/> O Segundo Protocolo do Acordo Ortogr\u00e1fico, cuja ratifica\u00e7\u00e3o era essencial para a entrada em vigor do acordo, foi aprovado no Parlamento em maio com os votos favor\u00e1veis dos partidos PS, PSD, Bloco de Esquerda e sete deputados do CDS. \u00a0<br \/> \u00a0<br \/> O protocolo, assinado na quinta c\u00fapula de chefes de Estado e de Governo da Comunidade dos Pa\u00edses de L\u00edngua Portuguesa (CPLP), em S\u00e3o Tom\u00e9 e Pr\u00edncipe, abre a possibilidade de ades\u00e3o da Rep\u00fablica Democr\u00e1tica do Timor Leste, que na data do acordo (1990) ainda n\u00e3o era um Estado soberano. \u00a0<br \/> \u00a0<br \/> Al\u00e9m de Portugal, ratificaram o Acordo Ortogr\u00e1fico Brasil, Cabo Verde e S\u00e3o Tom\u00e9 e Pr\u00edncipe. \u00a0<\/p>\n","protected":false},"excerpt":{"rendered":"<p>O presidente portugu\u00eas, An\u00edbal Cavaco Silva, j\u00e1 promulgou o acordo ortogr\u00e1fico, ratificado no Parlamento luso em 16 de maio, disse nesta segunda-feira \u00e0 Ag\u00eancia Lusa fonte oficial da presid\u00eancia. \u00a0 \u00a0 O Segundo Protocolo do Acordo Ortogr\u00e1fico, cuja ratifica\u00e7\u00e3o era essencial para a entrada em vigor do acordo, foi aprovado no Parlamento em maio com [&hellip;]<\/p>\n","protected":false},"author":1,"featured_media":0,"comment_status":"closed","ping_status":"closed","sticky":false,"template":"","format":"standard","meta":{"footnotes":"","_links_to":"","_links_to_target":""},"categories":[9],"tags":[],"class_list":["post-2331","post","type-post","status-publish","format-standard","hentry","category-noticias-da-imprensa"],"yoast_head":"<!-- This site is optimized with the Yoast SEO plugin v15.1 - https:\/\/yoast.com\/wordpress\/plugins\/seo\/ -->\n<title>Presidente de Portugal promulga acordo ortogr\u00e1fico &raquo; Abrelivros<\/title>\n<meta name=\"robots\" content=\"index, follow, max-snippet:-1, max-image-preview:large, max-video-preview:-1\" \/>\n<link rel=\"canonical\" href=\"https:\/\/abrelivros.org.br\/site\/presidente-de-portugal-promulga-acordo-ortografico\/\" \/>\n<meta property=\"og:locale\" content=\"pt_BR\" \/>\n<meta property=\"og:type\" content=\"article\" \/>\n<meta property=\"og:title\" content=\"Presidente de Portugal promulga acordo ortogr\u00e1fico &raquo; Abrelivros\" \/>\n<meta property=\"og:description\" content=\"O presidente portugu\u00eas, An\u00edbal Cavaco Silva, j\u00e1 promulgou o acordo ortogr\u00e1fico, ratificado no Parlamento luso em 16 de maio, disse nesta segunda-feira \u00e0 Ag\u00eancia Lusa fonte oficial da presid\u00eancia. \u00a0 \u00a0 O Segundo Protocolo do Acordo Ortogr\u00e1fico, cuja ratifica\u00e7\u00e3o era essencial para a entrada em vigor do acordo, foi aprovado no Parlamento em maio com [&hellip;]\" \/>\n<meta property=\"og:url\" content=\"https:\/\/abrelivros.org.br\/site\/presidente-de-portugal-promulga-acordo-ortografico\/\" \/>\n<meta property=\"og:site_name\" content=\"Abrelivros\" \/>\n<meta property=\"article:published_time\" content=\"2008-07-21T18:51:00+00:00\" \/>\n<meta name=\"twitter:card\" content=\"summary_large_image\" \/>\n<script type=\"application\/ld+json\" class=\"yoast-schema-graph\">{\"@context\":\"https:\/\/schema.org\",\"@graph\":[{\"@type\":\"WebSite\",\"@id\":\"https:\/\/abrelivros.org.br\/site\/#website\",\"url\":\"https:\/\/abrelivros.org.br\/site\/\",\"name\":\"Abrelivros\",\"description\":\"\",\"potentialAction\":[{\"@type\":\"SearchAction\",\"target\":\"https:\/\/abrelivros.org.br\/site\/?s={search_term_string}\",\"query-input\":\"required name=search_term_string\"}],\"inLanguage\":\"pt-BR\"},{\"@type\":\"WebPage\",\"@id\":\"https:\/\/abrelivros.org.br\/site\/presidente-de-portugal-promulga-acordo-ortografico\/#webpage\",\"url\":\"https:\/\/abrelivros.org.br\/site\/presidente-de-portugal-promulga-acordo-ortografico\/\",\"name\":\"Presidente de Portugal promulga acordo ortogr\\u00e1fico &raquo; Abrelivros\",\"isPartOf\":{\"@id\":\"https:\/\/abrelivros.org.br\/site\/#website\"},\"datePublished\":\"2008-07-21T18:51:00+00:00\",\"dateModified\":\"2008-07-21T18:51:00+00:00\",\"author\":{\"@id\":\"https:\/\/abrelivros.org.br\/site\/#\/schema\/person\/2b867f13a717bb230f1a3555505f5593\"},\"breadcrumb\":{\"@id\":\"https:\/\/abrelivros.org.br\/site\/presidente-de-portugal-promulga-acordo-ortografico\/#breadcrumb\"},\"inLanguage\":\"pt-BR\",\"potentialAction\":[{\"@type\":\"ReadAction\",\"target\":[\"https:\/\/abrelivros.org.br\/site\/presidente-de-portugal-promulga-acordo-ortografico\/\"]}]},{\"@type\":\"BreadcrumbList\",\"@id\":\"https:\/\/abrelivros.org.br\/site\/presidente-de-portugal-promulga-acordo-ortografico\/#breadcrumb\",\"itemListElement\":[{\"@type\":\"ListItem\",\"position\":1,\"item\":{\"@type\":\"WebPage\",\"@id\":\"https:\/\/abrelivros.org.br\/site\/\",\"url\":\"https:\/\/abrelivros.org.br\/site\/\",\"name\":\"In\\u00edcio\"}},{\"@type\":\"ListItem\",\"position\":2,\"item\":{\"@type\":\"WebPage\",\"@id\":\"https:\/\/abrelivros.org.br\/site\/category\/noticias\/\",\"url\":\"https:\/\/abrelivros.org.br\/site\/category\/noticias\/\",\"name\":\"Not\\u00edcias\"}},{\"@type\":\"ListItem\",\"position\":3,\"item\":{\"@type\":\"WebPage\",\"@id\":\"https:\/\/abrelivros.org.br\/site\/category\/noticias\/noticias-da-imprensa\/\",\"url\":\"https:\/\/abrelivros.org.br\/site\/category\/noticias\/noticias-da-imprensa\/\",\"name\":\"Not\\u00edcias da imprensa\"}},{\"@type\":\"ListItem\",\"position\":4,\"item\":{\"@type\":\"WebPage\",\"@id\":\"https:\/\/abrelivros.org.br\/site\/presidente-de-portugal-promulga-acordo-ortografico\/\",\"url\":\"https:\/\/abrelivros.org.br\/site\/presidente-de-portugal-promulga-acordo-ortografico\/\",\"name\":\"Presidente de Portugal promulga acordo ortogr\\u00e1fico\"}}]},{\"@type\":\"Person\",\"@id\":\"https:\/\/abrelivros.org.br\/site\/#\/schema\/person\/2b867f13a717bb230f1a3555505f5593\",\"name\":\"\\u00a0\",\"image\":{\"@type\":\"ImageObject\",\"@id\":\"https:\/\/abrelivros.org.br\/site\/#personlogo\",\"inLanguage\":\"pt-BR\",\"url\":\"https:\/\/secure.gravatar.com\/avatar\/e80b7f5231be2fff5040a8023da424898002831c5439420df182ae62676d2a6f?s=96&d=mm&r=g\",\"caption\":\"\\u00a0\"}}]}<\/script>\n<!-- \/ Yoast SEO plugin. -->","_links":{"self":[{"href":"https:\/\/abrelivros.org.br\/site\/wp-json\/wp\/v2\/posts\/2331","targetHints":{"allow":["GET"]}}],"collection":[{"href":"https:\/\/abrelivros.org.br\/site\/wp-json\/wp\/v2\/posts"}],"about":[{"href":"https:\/\/abrelivros.org.br\/site\/wp-json\/wp\/v2\/types\/post"}],"author":[{"embeddable":true,"href":"https:\/\/abrelivros.org.br\/site\/wp-json\/wp\/v2\/users\/1"}],"replies":[{"embeddable":true,"href":"https:\/\/abrelivros.org.br\/site\/wp-json\/wp\/v2\/comments?post=2331"}],"version-history":[{"count":0,"href":"https:\/\/abrelivros.org.br\/site\/wp-json\/wp\/v2\/posts\/2331\/revisions"}],"wp:attachment":[{"href":"https:\/\/abrelivros.org.br\/site\/wp-json\/wp\/v2\/media?parent=2331"}],"wp:term":[{"taxonomy":"category","embeddable":true,"href":"https:\/\/abrelivros.org.br\/site\/wp-json\/wp\/v2\/categories?post=2331"},{"taxonomy":"post_tag","embeddable":true,"href":"https:\/\/abrelivros.org.br\/site\/wp-json\/wp\/v2\/tags?post=2331"}],"curies":[{"name":"wp","href":"https:\/\/api.w.org\/{rel}","templated":true}]}}