{"id":2329,"date":"2008-07-23T16:13:00","date_gmt":"2008-07-23T19:13:00","guid":{"rendered":"https:\/\/abrelivros.org.br\/site\/2008\/07\/23\/cresce-venda-de-livro-infantil-ao-mercado-externo\/"},"modified":"2008-07-23T16:13:00","modified_gmt":"2008-07-23T19:13:00","slug":"cresce-venda-de-livro-infantil-ao-mercado-externo","status":"publish","type":"post","link":"https:\/\/abrelivros.org.br\/site\/cresce-venda-de-livro-infantil-ao-mercado-externo\/","title":{"rendered":"Cresce venda de livro infantil ao mercado externo"},"content":{"rendered":"<p>Nem s\u00f3 de Paulo Coelho vive a literatura brasileira no exterior. O mercado editorial nacional faturou R$ 14,4 milh\u00f5es com a venda de direitos autorais a outras na\u00e7\u00f5es em 2006, uma alta de 4,2 em rela\u00e7\u00e3o ao ano anterior. O valor ainda \u00e9 pouco representativo se comparado aos R$ 194 milh\u00f5es desembolsados pelas casas editoriais para compra de obras estrangeiras. Mas h\u00e1 sinais de que a exporta\u00e7\u00e3o de direitos autorais de obras brasileiras continua crescendo e que o livro infantil, em especial, atrai interesse dos estrangeiros. \u00a0<br \/> \u00a0<br \/> Editoras como Melhoramentos, Companhia das Letras, Callis e Cosac registram maior procura pela literatura infantil brasileira por parte de compradores estrangeiros. A C\u00e2mara Brasileira do Livro (CBL) tamb\u00e9m percebeu a movimenta\u00e7\u00e3o e assina nesta quarta-feira um conv\u00eanio com a Apex (Ag\u00eancia Brasileira de Promo\u00e7\u00e3o de Exporta\u00e7\u00f5es e Investimentos) para que as editoras do pa\u00eds vendam mais livros l\u00e1 fora.\u00a0<br \/> \u00a0<br \/> <a href=\"http:\/\/www.valoronline.com.br\/compra_online\/login.aspx?ReturnUrl=%2fvaloreconomico%2f285%2fempresasetecnologia%2fempresas%2fCresce%2bvenda%2bde%2blivro%2binfantil%2bao%2bmercado%2bexterno%2c%2c%2c51%2c5053526.html%3fhighlight%3d%26newsid%3d5053526%26areai\" target=\"_blank\" rel=\"noopener noreferrer\">Leia mais&#8230;<\/a><\/p>\n","protected":false},"excerpt":{"rendered":"<p>Nem s\u00f3 de Paulo Coelho vive a literatura brasileira no exterior. O mercado editorial nacional faturou R$ 14,4 milh\u00f5es com a venda de direitos autorais a outras na\u00e7\u00f5es em 2006, uma alta de 4,2 em rela\u00e7\u00e3o ao ano anterior. O valor ainda \u00e9 pouco representativo se comparado aos R$ 194 milh\u00f5es desembolsados pelas casas editoriais [&hellip;]<\/p>\n","protected":false},"author":1,"featured_media":0,"comment_status":"closed","ping_status":"closed","sticky":false,"template":"","format":"standard","meta":{"footnotes":"","_links_to":"","_links_to_target":""},"categories":[9],"tags":[],"class_list":["post-2329","post","type-post","status-publish","format-standard","hentry","category-noticias-da-imprensa"],"yoast_head":"<!-- This site is optimized with the Yoast SEO plugin v15.1 - https:\/\/yoast.com\/wordpress\/plugins\/seo\/ -->\n<title>Cresce venda de livro infantil ao mercado externo &raquo; Abrelivros<\/title>\n<meta name=\"robots\" content=\"index, follow, max-snippet:-1, max-image-preview:large, max-video-preview:-1\" \/>\n<link rel=\"canonical\" href=\"https:\/\/abrelivros.org.br\/site\/cresce-venda-de-livro-infantil-ao-mercado-externo\/\" \/>\n<meta property=\"og:locale\" content=\"pt_BR\" \/>\n<meta property=\"og:type\" content=\"article\" \/>\n<meta property=\"og:title\" content=\"Cresce venda de livro infantil ao mercado externo &raquo; Abrelivros\" \/>\n<meta property=\"og:description\" content=\"Nem s\u00f3 de Paulo Coelho vive a literatura brasileira no exterior. O mercado editorial nacional faturou R$ 14,4 milh\u00f5es com a venda de direitos autorais a outras na\u00e7\u00f5es em 2006, uma alta de 4,2 em rela\u00e7\u00e3o ao ano anterior. O valor ainda \u00e9 pouco representativo se comparado aos R$ 194 milh\u00f5es desembolsados pelas casas editoriais [&hellip;]\" \/>\n<meta property=\"og:url\" content=\"https:\/\/abrelivros.org.br\/site\/cresce-venda-de-livro-infantil-ao-mercado-externo\/\" \/>\n<meta property=\"og:site_name\" content=\"Abrelivros\" \/>\n<meta property=\"article:published_time\" content=\"2008-07-23T19:13:00+00:00\" \/>\n<meta name=\"twitter:card\" content=\"summary_large_image\" \/>\n<script type=\"application\/ld+json\" class=\"yoast-schema-graph\">{\"@context\":\"https:\/\/schema.org\",\"@graph\":[{\"@type\":\"WebSite\",\"@id\":\"https:\/\/abrelivros.org.br\/site\/#website\",\"url\":\"https:\/\/abrelivros.org.br\/site\/\",\"name\":\"Abrelivros\",\"description\":\"\",\"potentialAction\":[{\"@type\":\"SearchAction\",\"target\":\"https:\/\/abrelivros.org.br\/site\/?s={search_term_string}\",\"query-input\":\"required name=search_term_string\"}],\"inLanguage\":\"pt-BR\"},{\"@type\":\"WebPage\",\"@id\":\"https:\/\/abrelivros.org.br\/site\/cresce-venda-de-livro-infantil-ao-mercado-externo\/#webpage\",\"url\":\"https:\/\/abrelivros.org.br\/site\/cresce-venda-de-livro-infantil-ao-mercado-externo\/\",\"name\":\"Cresce venda de livro infantil ao mercado externo &raquo; Abrelivros\",\"isPartOf\":{\"@id\":\"https:\/\/abrelivros.org.br\/site\/#website\"},\"datePublished\":\"2008-07-23T19:13:00+00:00\",\"dateModified\":\"2008-07-23T19:13:00+00:00\",\"author\":{\"@id\":\"https:\/\/abrelivros.org.br\/site\/#\/schema\/person\/2b867f13a717bb230f1a3555505f5593\"},\"breadcrumb\":{\"@id\":\"https:\/\/abrelivros.org.br\/site\/cresce-venda-de-livro-infantil-ao-mercado-externo\/#breadcrumb\"},\"inLanguage\":\"pt-BR\",\"potentialAction\":[{\"@type\":\"ReadAction\",\"target\":[\"https:\/\/abrelivros.org.br\/site\/cresce-venda-de-livro-infantil-ao-mercado-externo\/\"]}]},{\"@type\":\"BreadcrumbList\",\"@id\":\"https:\/\/abrelivros.org.br\/site\/cresce-venda-de-livro-infantil-ao-mercado-externo\/#breadcrumb\",\"itemListElement\":[{\"@type\":\"ListItem\",\"position\":1,\"item\":{\"@type\":\"WebPage\",\"@id\":\"https:\/\/abrelivros.org.br\/site\/\",\"url\":\"https:\/\/abrelivros.org.br\/site\/\",\"name\":\"In\\u00edcio\"}},{\"@type\":\"ListItem\",\"position\":2,\"item\":{\"@type\":\"WebPage\",\"@id\":\"https:\/\/abrelivros.org.br\/site\/category\/noticias\/\",\"url\":\"https:\/\/abrelivros.org.br\/site\/category\/noticias\/\",\"name\":\"Not\\u00edcias\"}},{\"@type\":\"ListItem\",\"position\":3,\"item\":{\"@type\":\"WebPage\",\"@id\":\"https:\/\/abrelivros.org.br\/site\/category\/noticias\/noticias-da-imprensa\/\",\"url\":\"https:\/\/abrelivros.org.br\/site\/category\/noticias\/noticias-da-imprensa\/\",\"name\":\"Not\\u00edcias da imprensa\"}},{\"@type\":\"ListItem\",\"position\":4,\"item\":{\"@type\":\"WebPage\",\"@id\":\"https:\/\/abrelivros.org.br\/site\/cresce-venda-de-livro-infantil-ao-mercado-externo\/\",\"url\":\"https:\/\/abrelivros.org.br\/site\/cresce-venda-de-livro-infantil-ao-mercado-externo\/\",\"name\":\"Cresce venda de livro infantil ao mercado externo\"}}]},{\"@type\":\"Person\",\"@id\":\"https:\/\/abrelivros.org.br\/site\/#\/schema\/person\/2b867f13a717bb230f1a3555505f5593\",\"name\":\"\\u00a0\",\"image\":{\"@type\":\"ImageObject\",\"@id\":\"https:\/\/abrelivros.org.br\/site\/#personlogo\",\"inLanguage\":\"pt-BR\",\"url\":\"https:\/\/secure.gravatar.com\/avatar\/e80b7f5231be2fff5040a8023da424898002831c5439420df182ae62676d2a6f?s=96&d=mm&r=g\",\"caption\":\"\\u00a0\"}}]}<\/script>\n<!-- \/ Yoast SEO plugin. -->","_links":{"self":[{"href":"https:\/\/abrelivros.org.br\/site\/wp-json\/wp\/v2\/posts\/2329","targetHints":{"allow":["GET"]}}],"collection":[{"href":"https:\/\/abrelivros.org.br\/site\/wp-json\/wp\/v2\/posts"}],"about":[{"href":"https:\/\/abrelivros.org.br\/site\/wp-json\/wp\/v2\/types\/post"}],"author":[{"embeddable":true,"href":"https:\/\/abrelivros.org.br\/site\/wp-json\/wp\/v2\/users\/1"}],"replies":[{"embeddable":true,"href":"https:\/\/abrelivros.org.br\/site\/wp-json\/wp\/v2\/comments?post=2329"}],"version-history":[{"count":0,"href":"https:\/\/abrelivros.org.br\/site\/wp-json\/wp\/v2\/posts\/2329\/revisions"}],"wp:attachment":[{"href":"https:\/\/abrelivros.org.br\/site\/wp-json\/wp\/v2\/media?parent=2329"}],"wp:term":[{"taxonomy":"category","embeddable":true,"href":"https:\/\/abrelivros.org.br\/site\/wp-json\/wp\/v2\/categories?post=2329"},{"taxonomy":"post_tag","embeddable":true,"href":"https:\/\/abrelivros.org.br\/site\/wp-json\/wp\/v2\/tags?post=2329"}],"curies":[{"name":"wp","href":"https:\/\/api.w.org\/{rel}","templated":true}]}}