{"id":2327,"date":"2008-07-25T15:55:00","date_gmt":"2008-07-25T18:55:00","guid":{"rendered":"https:\/\/abrelivros.org.br\/site\/2008\/07\/25\/lula-participa-de-encontro-para-difundir-lingua-portuguesa\/"},"modified":"2008-07-25T15:55:00","modified_gmt":"2008-07-25T18:55:00","slug":"lula-participa-de-encontro-para-difundir-lingua-portuguesa","status":"publish","type":"post","link":"https:\/\/abrelivros.org.br\/site\/lula-participa-de-encontro-para-difundir-lingua-portuguesa\/","title":{"rendered":"Lula participa de encontro para difundir l\u00edngua portuguesa"},"content":{"rendered":"<p>Come\u00e7ou nesta quinta-feira em Lisboa a primeira reuni\u00e3o da CPLP (Comunidade dos Pa\u00edses de L\u00edngua Portuguesa) desde que Portugal aprovou o novo acordo ortogr\u00e1fico, em maio deste ano.\u00a0<br \/> \u00a0<br \/> O texto, que j\u00e1 havia sido aprovado por Brasil, Cabo Verde e S\u00e3o Tom\u00e9 e Pr\u00edncipe, padroniza a grafia das palavras, com regras como o fim do trema. O principal objetivo da reuni\u00e3o, para a qual o presidente Luiz In\u00e1cio Lula da Silva chegou ontem \u00e0 noite a Lisboa, \u00e9 encontrar meios de difundir o portugu\u00eas internacionalmente e aprofundar a coopera\u00e7\u00e3o entre os oito pa\u00edses que formam a comunidade.\u00a0<br \/> \u00a0<br \/> O Brasil \u00e9 a principal for\u00e7a do grupo, com cerca de 80% da popula\u00e7\u00e3o da CPLP, que re\u00fane Angola, Brasil, Cabo Verde, Guin\u00e9-Bissau, Mo\u00e7ambique, Portugal, S\u00e3o Tom\u00e9 e Pr\u00edncipe e Timor Leste.\u00a0<br \/> \u00a0<br \/> O encontro deve aprovar 14 resolu\u00e7\u00f5es, a maioria de coopera\u00e7\u00e3o em v\u00e1rias \u00e1reas, como o combate \u00e0 Aids.\u00a0<br \/> \u00a0<\/p>\n","protected":false},"excerpt":{"rendered":"<p>Come\u00e7ou nesta quinta-feira em Lisboa a primeira reuni\u00e3o da CPLP (Comunidade dos Pa\u00edses de L\u00edngua Portuguesa) desde que Portugal aprovou o novo acordo ortogr\u00e1fico, em maio deste ano.\u00a0 \u00a0 O texto, que j\u00e1 havia sido aprovado por Brasil, Cabo Verde e S\u00e3o Tom\u00e9 e Pr\u00edncipe, padroniza a grafia das palavras, com regras como o fim [&hellip;]<\/p>\n","protected":false},"author":1,"featured_media":0,"comment_status":"closed","ping_status":"closed","sticky":false,"template":"","format":"standard","meta":{"footnotes":"","_links_to":"","_links_to_target":""},"categories":[9],"tags":[],"class_list":["post-2327","post","type-post","status-publish","format-standard","hentry","category-noticias-da-imprensa"],"yoast_head":"<!-- This site is optimized with the Yoast SEO plugin v15.1 - https:\/\/yoast.com\/wordpress\/plugins\/seo\/ -->\n<title>Lula participa de encontro para difundir l\u00edngua portuguesa &raquo; Abrelivros<\/title>\n<meta name=\"robots\" content=\"index, follow, max-snippet:-1, max-image-preview:large, max-video-preview:-1\" \/>\n<link rel=\"canonical\" href=\"https:\/\/abrelivros.org.br\/site\/lula-participa-de-encontro-para-difundir-lingua-portuguesa\/\" \/>\n<meta property=\"og:locale\" content=\"pt_BR\" \/>\n<meta property=\"og:type\" content=\"article\" \/>\n<meta property=\"og:title\" content=\"Lula participa de encontro para difundir l\u00edngua portuguesa &raquo; Abrelivros\" \/>\n<meta property=\"og:description\" content=\"Come\u00e7ou nesta quinta-feira em Lisboa a primeira reuni\u00e3o da CPLP (Comunidade dos Pa\u00edses de L\u00edngua Portuguesa) desde que Portugal aprovou o novo acordo ortogr\u00e1fico, em maio deste ano.\u00a0 \u00a0 O texto, que j\u00e1 havia sido aprovado por Brasil, Cabo Verde e S\u00e3o Tom\u00e9 e Pr\u00edncipe, padroniza a grafia das palavras, com regras como o fim [&hellip;]\" \/>\n<meta property=\"og:url\" content=\"https:\/\/abrelivros.org.br\/site\/lula-participa-de-encontro-para-difundir-lingua-portuguesa\/\" \/>\n<meta property=\"og:site_name\" content=\"Abrelivros\" \/>\n<meta property=\"article:published_time\" content=\"2008-07-25T18:55:00+00:00\" \/>\n<meta name=\"twitter:card\" content=\"summary_large_image\" \/>\n<script type=\"application\/ld+json\" class=\"yoast-schema-graph\">{\"@context\":\"https:\/\/schema.org\",\"@graph\":[{\"@type\":\"WebSite\",\"@id\":\"https:\/\/abrelivros.org.br\/site\/#website\",\"url\":\"https:\/\/abrelivros.org.br\/site\/\",\"name\":\"Abrelivros\",\"description\":\"\",\"potentialAction\":[{\"@type\":\"SearchAction\",\"target\":\"https:\/\/abrelivros.org.br\/site\/?s={search_term_string}\",\"query-input\":\"required name=search_term_string\"}],\"inLanguage\":\"pt-BR\"},{\"@type\":\"WebPage\",\"@id\":\"https:\/\/abrelivros.org.br\/site\/lula-participa-de-encontro-para-difundir-lingua-portuguesa\/#webpage\",\"url\":\"https:\/\/abrelivros.org.br\/site\/lula-participa-de-encontro-para-difundir-lingua-portuguesa\/\",\"name\":\"Lula participa de encontro para difundir l\\u00edngua portuguesa &raquo; Abrelivros\",\"isPartOf\":{\"@id\":\"https:\/\/abrelivros.org.br\/site\/#website\"},\"datePublished\":\"2008-07-25T18:55:00+00:00\",\"dateModified\":\"2008-07-25T18:55:00+00:00\",\"author\":{\"@id\":\"https:\/\/abrelivros.org.br\/site\/#\/schema\/person\/2b867f13a717bb230f1a3555505f5593\"},\"breadcrumb\":{\"@id\":\"https:\/\/abrelivros.org.br\/site\/lula-participa-de-encontro-para-difundir-lingua-portuguesa\/#breadcrumb\"},\"inLanguage\":\"pt-BR\",\"potentialAction\":[{\"@type\":\"ReadAction\",\"target\":[\"https:\/\/abrelivros.org.br\/site\/lula-participa-de-encontro-para-difundir-lingua-portuguesa\/\"]}]},{\"@type\":\"BreadcrumbList\",\"@id\":\"https:\/\/abrelivros.org.br\/site\/lula-participa-de-encontro-para-difundir-lingua-portuguesa\/#breadcrumb\",\"itemListElement\":[{\"@type\":\"ListItem\",\"position\":1,\"item\":{\"@type\":\"WebPage\",\"@id\":\"https:\/\/abrelivros.org.br\/site\/\",\"url\":\"https:\/\/abrelivros.org.br\/site\/\",\"name\":\"In\\u00edcio\"}},{\"@type\":\"ListItem\",\"position\":2,\"item\":{\"@type\":\"WebPage\",\"@id\":\"https:\/\/abrelivros.org.br\/site\/category\/noticias\/\",\"url\":\"https:\/\/abrelivros.org.br\/site\/category\/noticias\/\",\"name\":\"Not\\u00edcias\"}},{\"@type\":\"ListItem\",\"position\":3,\"item\":{\"@type\":\"WebPage\",\"@id\":\"https:\/\/abrelivros.org.br\/site\/category\/noticias\/noticias-da-imprensa\/\",\"url\":\"https:\/\/abrelivros.org.br\/site\/category\/noticias\/noticias-da-imprensa\/\",\"name\":\"Not\\u00edcias da imprensa\"}},{\"@type\":\"ListItem\",\"position\":4,\"item\":{\"@type\":\"WebPage\",\"@id\":\"https:\/\/abrelivros.org.br\/site\/lula-participa-de-encontro-para-difundir-lingua-portuguesa\/\",\"url\":\"https:\/\/abrelivros.org.br\/site\/lula-participa-de-encontro-para-difundir-lingua-portuguesa\/\",\"name\":\"Lula participa de encontro para difundir l\\u00edngua portuguesa\"}}]},{\"@type\":\"Person\",\"@id\":\"https:\/\/abrelivros.org.br\/site\/#\/schema\/person\/2b867f13a717bb230f1a3555505f5593\",\"name\":\"\\u00a0\",\"image\":{\"@type\":\"ImageObject\",\"@id\":\"https:\/\/abrelivros.org.br\/site\/#personlogo\",\"inLanguage\":\"pt-BR\",\"url\":\"https:\/\/secure.gravatar.com\/avatar\/e80b7f5231be2fff5040a8023da424898002831c5439420df182ae62676d2a6f?s=96&d=mm&r=g\",\"caption\":\"\\u00a0\"}}]}<\/script>\n<!-- \/ Yoast SEO plugin. -->","_links":{"self":[{"href":"https:\/\/abrelivros.org.br\/site\/wp-json\/wp\/v2\/posts\/2327","targetHints":{"allow":["GET"]}}],"collection":[{"href":"https:\/\/abrelivros.org.br\/site\/wp-json\/wp\/v2\/posts"}],"about":[{"href":"https:\/\/abrelivros.org.br\/site\/wp-json\/wp\/v2\/types\/post"}],"author":[{"embeddable":true,"href":"https:\/\/abrelivros.org.br\/site\/wp-json\/wp\/v2\/users\/1"}],"replies":[{"embeddable":true,"href":"https:\/\/abrelivros.org.br\/site\/wp-json\/wp\/v2\/comments?post=2327"}],"version-history":[{"count":0,"href":"https:\/\/abrelivros.org.br\/site\/wp-json\/wp\/v2\/posts\/2327\/revisions"}],"wp:attachment":[{"href":"https:\/\/abrelivros.org.br\/site\/wp-json\/wp\/v2\/media?parent=2327"}],"wp:term":[{"taxonomy":"category","embeddable":true,"href":"https:\/\/abrelivros.org.br\/site\/wp-json\/wp\/v2\/categories?post=2327"},{"taxonomy":"post_tag","embeddable":true,"href":"https:\/\/abrelivros.org.br\/site\/wp-json\/wp\/v2\/tags?post=2327"}],"curies":[{"name":"wp","href":"https:\/\/api.w.org\/{rel}","templated":true}]}}