{"id":2326,"date":"2008-07-25T15:58:00","date_gmt":"2008-07-25T18:58:00","guid":{"rendered":"https:\/\/abrelivros.org.br\/site\/2008\/07\/25\/escritora-leva-proposta-de-guia-de-leitura-para-professores-em-forum-de-literatura\/"},"modified":"2008-07-25T15:58:00","modified_gmt":"2008-07-25T18:58:00","slug":"escritora-leva-proposta-de-guia-de-leitura-para-professores-em-forum-de-literatura","status":"publish","type":"post","link":"https:\/\/abrelivros.org.br\/site\/escritora-leva-proposta-de-guia-de-leitura-para-professores-em-forum-de-literatura\/","title":{"rendered":"Escritora leva proposta de guia de leitura para professores em F\u00f3rum de Literatura"},"content":{"rendered":"<p>Um guia para despertar o interesse dos professores pela literatura, independente da \u00e1rea em que atuem, foi uma das propostas lan\u00e7adas hoje (24) no F\u00f3rum Literatura na Escola, que acontece at\u00e9 amanh\u00e3 (25), no Minist\u00e9rio da Educa\u00e7\u00e3o, em Bras\u00edlia. O evento re\u00fane escritores, representantes da sociedade civil e do governo e visa ampliar a presen\u00e7a da literatura no ambiente escolar.&nbsp;<br \/> &nbsp;<br \/> As propostas foram apresentadas durante uma mesa redonda que discutiu a vis\u00e3o dos escritores sobre a literatura na escola. Todos concordaram que o assunto precisa ir al\u00e9m da obriga\u00e7\u00e3o de ler: deve despertar o interesse do estudante pelos livros que precisam ter valor cultural e n\u00e3o somente did\u00e1tico. Tamb\u00e9m foi consenso entre os debatedores que o ensino da literatura deve ultrapassar o da hist\u00f3ria da literatura, como \u00e9 formatado hoje.&nbsp;<br \/> &nbsp;<br \/> Al\u00e9m do guia, que \u00e9 id\u00e9ia da presidente da Associa\u00e7\u00e3o de Escritores e Ilustradores de Literatura Infantil e Juvenil, Anna Cl\u00e1udia Ramos, o presidente da Uni\u00e3o Brasileira de Escritores (UBE), Levi Bucalem, prop\u00f4s a cria\u00e7\u00e3o da disciplina literatura, separada da l\u00edngua portuguesa, est\u00edmulo aos concursos liter\u00e1rios, altera\u00e7\u00f5es das quest\u00f5es liter\u00e1rias no vestibular \u2013 com o estudo de autores al\u00e9m dos \u201ccl\u00e1ssicos\u201d \u2013, al\u00e9m da cria\u00e7\u00e3o de oficinas de cr\u00edtica liter\u00e1ria e interc\u00e2mbio de visitas de escritores pelas escolas do pa\u00eds.&nbsp;<br \/> &nbsp;<br \/> Esta \u00faltima proposta tamb\u00e9m foi defendida por Anna Cl\u00e1udia. Entretanto, para ela, deveria ser profissionalizada o que incluiria uma remunera\u00e7\u00e3o para o escritor que abandona suas atividades para realizar visitas \u00e0s escolas. Segundo ela, essas visitas j\u00e1 acontecem, mas n\u00e3o de modo organizado, o que t\u00eam tornado o escritor \u201cref\u00e9m\u201d dos professores, que costumam reclamar quando recebem uma negativa do autor.&nbsp;<br \/> &nbsp;<br \/> \u201cN\u00f3s n\u00e3o somos brindes. Se eu produzo livros e se o meu trabalho \u00e9 cultura, esse trabalho tem que ser remunerado. Enquanto a escola n\u00e3o entender que ela tem que remunerar o escritor igualzinho ela remunera um global para aparecer em sua festa de fim de ano, essa lacuna continuar\u00e1 bem grande\u201d, defende Anna, citando conversa com a diretora de uma escola que teria pago R$ 3 mil a um ator de televis\u00e3o para participar de uma festa e comentado o fato com o escritor Pedro Bandeira.&nbsp;<br \/> &nbsp;<\/p>\n","protected":false},"excerpt":{"rendered":"<p>Um guia para despertar o interesse dos professores pela literatura, independente da \u00e1rea em que atuem, foi uma das propostas lan\u00e7adas hoje (24) no F\u00f3rum Literatura na Escola, que acontece at\u00e9 amanh\u00e3 (25), no Minist\u00e9rio da Educa\u00e7\u00e3o, em Bras\u00edlia. O evento re\u00fane escritores, representantes da sociedade civil e do governo e visa ampliar a presen\u00e7a [&hellip;]<\/p>\n","protected":false},"author":1,"featured_media":0,"comment_status":"closed","ping_status":"closed","sticky":false,"template":"","format":"standard","meta":{"footnotes":"","_links_to":"","_links_to_target":""},"categories":[9],"tags":[],"class_list":["post-2326","post","type-post","status-publish","format-standard","hentry","category-noticias-da-imprensa"],"yoast_head":"<!-- This site is optimized with the Yoast SEO plugin v15.1 - https:\/\/yoast.com\/wordpress\/plugins\/seo\/ -->\n<title>Escritora leva proposta de guia de leitura para professores em F\u00f3rum de Literatura &raquo; Abrelivros<\/title>\n<meta name=\"robots\" content=\"index, follow, max-snippet:-1, max-image-preview:large, max-video-preview:-1\" \/>\n<link rel=\"canonical\" href=\"https:\/\/abrelivros.org.br\/site\/escritora-leva-proposta-de-guia-de-leitura-para-professores-em-forum-de-literatura\/\" \/>\n<meta property=\"og:locale\" content=\"pt_BR\" \/>\n<meta property=\"og:type\" content=\"article\" \/>\n<meta property=\"og:title\" content=\"Escritora leva proposta de guia de leitura para professores em F\u00f3rum de Literatura &raquo; Abrelivros\" \/>\n<meta property=\"og:description\" content=\"Um guia para despertar o interesse dos professores pela literatura, independente da \u00e1rea em que atuem, foi uma das propostas lan\u00e7adas hoje (24) no F\u00f3rum Literatura na Escola, que acontece at\u00e9 amanh\u00e3 (25), no Minist\u00e9rio da Educa\u00e7\u00e3o, em Bras\u00edlia. O evento re\u00fane escritores, representantes da sociedade civil e do governo e visa ampliar a presen\u00e7a [&hellip;]\" \/>\n<meta property=\"og:url\" content=\"https:\/\/abrelivros.org.br\/site\/escritora-leva-proposta-de-guia-de-leitura-para-professores-em-forum-de-literatura\/\" \/>\n<meta property=\"og:site_name\" content=\"Abrelivros\" \/>\n<meta property=\"article:published_time\" content=\"2008-07-25T18:58:00+00:00\" \/>\n<meta name=\"twitter:card\" content=\"summary_large_image\" \/>\n<script type=\"application\/ld+json\" class=\"yoast-schema-graph\">{\"@context\":\"https:\/\/schema.org\",\"@graph\":[{\"@type\":\"WebSite\",\"@id\":\"https:\/\/abrelivros.org.br\/site\/#website\",\"url\":\"https:\/\/abrelivros.org.br\/site\/\",\"name\":\"Abrelivros\",\"description\":\"\",\"potentialAction\":[{\"@type\":\"SearchAction\",\"target\":\"https:\/\/abrelivros.org.br\/site\/?s={search_term_string}\",\"query-input\":\"required name=search_term_string\"}],\"inLanguage\":\"pt-BR\"},{\"@type\":\"WebPage\",\"@id\":\"https:\/\/abrelivros.org.br\/site\/escritora-leva-proposta-de-guia-de-leitura-para-professores-em-forum-de-literatura\/#webpage\",\"url\":\"https:\/\/abrelivros.org.br\/site\/escritora-leva-proposta-de-guia-de-leitura-para-professores-em-forum-de-literatura\/\",\"name\":\"Escritora leva proposta de guia de leitura para professores em F\\u00f3rum de Literatura &raquo; Abrelivros\",\"isPartOf\":{\"@id\":\"https:\/\/abrelivros.org.br\/site\/#website\"},\"datePublished\":\"2008-07-25T18:58:00+00:00\",\"dateModified\":\"2008-07-25T18:58:00+00:00\",\"author\":{\"@id\":\"https:\/\/abrelivros.org.br\/site\/#\/schema\/person\/2b867f13a717bb230f1a3555505f5593\"},\"breadcrumb\":{\"@id\":\"https:\/\/abrelivros.org.br\/site\/escritora-leva-proposta-de-guia-de-leitura-para-professores-em-forum-de-literatura\/#breadcrumb\"},\"inLanguage\":\"pt-BR\",\"potentialAction\":[{\"@type\":\"ReadAction\",\"target\":[\"https:\/\/abrelivros.org.br\/site\/escritora-leva-proposta-de-guia-de-leitura-para-professores-em-forum-de-literatura\/\"]}]},{\"@type\":\"BreadcrumbList\",\"@id\":\"https:\/\/abrelivros.org.br\/site\/escritora-leva-proposta-de-guia-de-leitura-para-professores-em-forum-de-literatura\/#breadcrumb\",\"itemListElement\":[{\"@type\":\"ListItem\",\"position\":1,\"item\":{\"@type\":\"WebPage\",\"@id\":\"https:\/\/abrelivros.org.br\/site\/\",\"url\":\"https:\/\/abrelivros.org.br\/site\/\",\"name\":\"In\\u00edcio\"}},{\"@type\":\"ListItem\",\"position\":2,\"item\":{\"@type\":\"WebPage\",\"@id\":\"https:\/\/abrelivros.org.br\/site\/category\/noticias\/\",\"url\":\"https:\/\/abrelivros.org.br\/site\/category\/noticias\/\",\"name\":\"Not\\u00edcias\"}},{\"@type\":\"ListItem\",\"position\":3,\"item\":{\"@type\":\"WebPage\",\"@id\":\"https:\/\/abrelivros.org.br\/site\/category\/noticias\/noticias-da-imprensa\/\",\"url\":\"https:\/\/abrelivros.org.br\/site\/category\/noticias\/noticias-da-imprensa\/\",\"name\":\"Not\\u00edcias da imprensa\"}},{\"@type\":\"ListItem\",\"position\":4,\"item\":{\"@type\":\"WebPage\",\"@id\":\"https:\/\/abrelivros.org.br\/site\/escritora-leva-proposta-de-guia-de-leitura-para-professores-em-forum-de-literatura\/\",\"url\":\"https:\/\/abrelivros.org.br\/site\/escritora-leva-proposta-de-guia-de-leitura-para-professores-em-forum-de-literatura\/\",\"name\":\"Escritora leva proposta de guia de leitura para professores em F\\u00f3rum de Literatura\"}}]},{\"@type\":\"Person\",\"@id\":\"https:\/\/abrelivros.org.br\/site\/#\/schema\/person\/2b867f13a717bb230f1a3555505f5593\",\"name\":\"\\u00a0\",\"image\":{\"@type\":\"ImageObject\",\"@id\":\"https:\/\/abrelivros.org.br\/site\/#personlogo\",\"inLanguage\":\"pt-BR\",\"url\":\"https:\/\/secure.gravatar.com\/avatar\/e80b7f5231be2fff5040a8023da424898002831c5439420df182ae62676d2a6f?s=96&d=mm&r=g\",\"caption\":\"\\u00a0\"}}]}<\/script>\n<!-- \/ Yoast SEO plugin. -->","_links":{"self":[{"href":"https:\/\/abrelivros.org.br\/site\/wp-json\/wp\/v2\/posts\/2326","targetHints":{"allow":["GET"]}}],"collection":[{"href":"https:\/\/abrelivros.org.br\/site\/wp-json\/wp\/v2\/posts"}],"about":[{"href":"https:\/\/abrelivros.org.br\/site\/wp-json\/wp\/v2\/types\/post"}],"author":[{"embeddable":true,"href":"https:\/\/abrelivros.org.br\/site\/wp-json\/wp\/v2\/users\/1"}],"replies":[{"embeddable":true,"href":"https:\/\/abrelivros.org.br\/site\/wp-json\/wp\/v2\/comments?post=2326"}],"version-history":[{"count":0,"href":"https:\/\/abrelivros.org.br\/site\/wp-json\/wp\/v2\/posts\/2326\/revisions"}],"wp:attachment":[{"href":"https:\/\/abrelivros.org.br\/site\/wp-json\/wp\/v2\/media?parent=2326"}],"wp:term":[{"taxonomy":"category","embeddable":true,"href":"https:\/\/abrelivros.org.br\/site\/wp-json\/wp\/v2\/categories?post=2326"},{"taxonomy":"post_tag","embeddable":true,"href":"https:\/\/abrelivros.org.br\/site\/wp-json\/wp\/v2\/tags?post=2326"}],"curies":[{"name":"wp","href":"https:\/\/api.w.org\/{rel}","templated":true}]}}