{"id":2324,"date":"2008-07-25T16:09:00","date_gmt":"2008-07-25T19:09:00","guid":{"rendered":"https:\/\/abrelivros.org.br\/site\/2008\/07\/25\/governo-federal-vai-investir-este-ano-r-300-milhoes-na-alfabetizacao-de-jovens-e-adultos\/"},"modified":"2008-07-25T16:09:00","modified_gmt":"2008-07-25T19:09:00","slug":"governo-federal-vai-investir-este-ano-r-300-milhoes-na-alfabetizacao-de-jovens-e-adultos","status":"publish","type":"post","link":"https:\/\/abrelivros.org.br\/site\/governo-federal-vai-investir-este-ano-r-300-milhoes-na-alfabetizacao-de-jovens-e-adultos\/","title":{"rendered":"Governo federal vai investir este ano R$ 300 milh\u00f5es na alfabetiza\u00e7\u00e3o de jovens e adultos"},"content":{"rendered":"<p>Os estados, os munic\u00edpios e o Distrito Federal t\u00eam prazo at\u00e9 21 de agosto para aderir ao Programa Brasil Alfabetizado. O programa disp\u00f5e, em 2008, de R$ 300 milh\u00f5es para ajudar as redes p\u00fablicas da educa\u00e7\u00e3o b\u00e1sica a promover a alfabetiza\u00e7\u00e3o de jovens com mais de 15 anos e de adultos. A prioridade do programa s\u00e3o os 1.984 munic\u00edpios com os mais altos \u00edndices de analfabetismo situados nos nove estados da regi\u00e3o Nordeste, mais o Acre, Par\u00e1 e o norte de Minas Gerais.\u00a0<br \/> \u00a0<br \/> O primeiro passo para receber as verbas do governo federal \u00e9 a ades\u00e3o das redes p\u00fablicas estaduais, municipais e do Distrito Federal. Depois elas precisam apresentar o Plano Plurianual de Alfabetiza\u00e7\u00e3o (PPAlfa), que abrange o per\u00edodo de 2007 a 2010, cadastrar os alfabetizandos, alfabetizadores e coordenadores de turmas. De acordo Jorge Teles, diretor de pol\u00edticas de educa\u00e7\u00e3o de jovens e adultos da Secretaria de Educa\u00e7\u00e3o Continuada, Alfabetiza\u00e7\u00e3o e Diversidade (Secad), a ades\u00e3o, o cadastro e o PPAlfa dar\u00e3o ao minist\u00e9rio a dimens\u00e3o dos recursos de que cada rede vai precisar.\u00a0<br \/> \u00a0<br \/> Do montante de recursos do Brasil Alfabetizado, R$ 200 milh\u00f5es se destinam ao pagamento das bolsas e os outros R$ 100 milh\u00f5es ao custeio. Al\u00e9m desse repasse, os 1.984 munic\u00edpios priorit\u00e1rios, onde os \u00edndices de analfabetismo de adultos passam de 25% da popula\u00e7\u00e3o, receber\u00e3o apoio t\u00e9cnico do MEC. Jorge Teles explica que 46 consultores come\u00e7am a trabalhar nesses munic\u00edpios na pr\u00f3xima segunda-feira, 28, para ajud\u00e1-los a fazer o diagn\u00f3stico do analfabetismo e a construir ou concluir o PPAlfa. \u00a0<br \/> \u00a0<br \/> As secretarias municipais de educa\u00e7\u00e3o desses munic\u00edpios receber\u00e3o tamb\u00e9m um apoio financeiro extra para executar o programa de redu\u00e7\u00e3o do analfabetismo. O diretor de educa\u00e7\u00e3o de jovens e adultos da Secad diz que as prefeituras poder\u00e3o fazer parcerias com universidades de suas regi\u00f5es e com o movimento social para ampliar as possibilidades de sucesso do trabalho.\u00a0<br \/> \u00a0<br \/><B> Recursos<\/B> \u2013 O repasse de recursos da Uni\u00e3o para os estados, munic\u00edpios e o Distrito Federal ser\u00e1 autom\u00e1tico, sem necessidade de conv\u00eanio, feito em duas etapas. Na primeira, 60% do valor total ser\u00e3o repassados at\u00e9 30 dias ap\u00f3s a Secad aprovar o plano de trabalho; na segunda, os 40% restantes ser\u00e3o repassados at\u00e9 novembro de 2008. As verbas se destinam ao pagamento das bolsas dos alfabetizadores e coordenadores de turmas e ao custeio de cinco a\u00e7\u00f5es: forma\u00e7\u00e3o inicial e continuada de alfabetizadores e coordenadores de turmas, aquisi\u00e7\u00e3o de material escolar, pedag\u00f3gico, did\u00e1tico e liter\u00e1rio para uso nas salas de aula e de g\u00eaneros aliment\u00edcios e transporte dos alunos.\u00a0<br \/> \u00a0<br \/><B> Bolsas <\/B>\u2013 S\u00e3o cinco tipos de bolsas: de R$ 250,00 aos alfabetizadores com uma turma; R$ 500,00 aos alfabetizadores com duas turmas, sendo que uma deve ter, no m\u00ednimo, 20 alunos; R$ 275,00 ao alfabetizador de uma turma que tenha alunos com necessidades especiais ou em cumprimento de medidas s\u00f3cio-educativas, ou ainda se leciona dentro de pres\u00eddio; R$ 250,00 ao tradutor-int\u00e9rprete da L\u00edngua Brasileira de Sinais (Libras), que auxilia o alfabetizador em sala com alunos com surdez parcial ou total; R$ 500,00 para o coordenador de turmas. O valor das bolsas ser\u00e1 depositado na conta de cada alfabetizador, coordenador e tradutor-int\u00e9rprete da Libras, aberta no Banco do Brasil. A resolu\u00e7\u00e3o orienta que os alfabetizadores e os coordenadores devem ser, preferencialmente, professores da educa\u00e7\u00e3o b\u00e1sica das redes p\u00fablicas do estado, munic\u00edpio e Distrito Federal. O coordenador deve ter, no m\u00ednimo, o ensino m\u00e9dio completo.\u00a0<br \/> \u00a0<br \/><B> Tempo de aula<\/B> \u2013 Ao apresentar o plano de trabalho, os estados, munic\u00edpios e o Distrito Federal podem escolher a dura\u00e7\u00e3o e a carga hor\u00e1ria dos cursos de alfabetiza\u00e7\u00e3o de jovens e adultos. A <a href=\"ftp:\/\/ftp.fnde.gov.br\/web\/resolucoes_2008\/res036_22072008.pdf\" target=\"_blank\" rel=\"noopener noreferrer\">Resolu\u00e7\u00e3o<\/a> n\u00ba 36\/2008 oferece tr\u00eas op\u00e7\u00f5es: curso de seis meses com 240 horas de aula; de sete meses e 280 horas de aula; ou oito meses e 320 horas de aula. O MEC sugere ainda que as aulas sejam ministradas quatro dias por semana, deixando a sexta-feira para a reuni\u00e3o do coordenador com os alfabetizadores. A resolu\u00e7\u00e3o tamb\u00e9m fixa o n\u00famero de alfabetizando por turma. Na \u00e1rea rural, a turma pode variar de sete a 25 alunos; na \u00e1rea urbana, de 14 a 25. As turmas podem ter, no m\u00e1ximo, at\u00e9 tr\u00eas alfabetizandos com defici\u00eancia. Os coordenadores da \u00e1rea rural ser\u00e3o respons\u00e1veis por cinco a 13 turmas e os da \u00e1rea urbana, de sete a 15 turmas.\u00a0<br \/> \u00a0<br \/><B> Testes obrigat\u00f3rios <\/B>\u2013 Os alunos matriculados nos cursos de alfabetiza\u00e7\u00e3o far\u00e3o dois testes. O primeiro, at\u00e9 15 dias depois do in\u00edcio das aulas, para avaliar o n\u00edvel de ingresso de cada jovem e adulto. Essas informa\u00e7\u00f5es v\u00e3o orientar os coordenadores e alfabetizadores na condu\u00e7\u00e3o das aulas. A prova, oferecida pela Secad, consta de 12 quest\u00f5es de l\u00edngua portuguesa e 12 de matem\u00e1tica, que ser\u00e3o lidas pelo professor e respondidas pelos alfabetizandos. Segundo Jorge Teles, o teste \u00e9 simples como a Provinha Brasil, que \u00e9 aplicada para crian\u00e7as da faixa da alfabetiza\u00e7\u00e3o. A segunda prova ser\u00e1 realizada nos \u00faltimos dez dias do curso para aferir os conhecimentos adquiridos e avaliar se o alfabetizando pode ser encaminhado para uma turma de educa\u00e7\u00e3o de jovens e adultos ou se tem que fazer mais alguns meses de alfabetiza\u00e7\u00e3o.\u00a0<br \/> \u00a0<br \/><B> Livros <\/B>\u2013 No sexto ano de execu\u00e7\u00e3o, o Programa Brasil Alfabetizado vai distribuir, pela primeira vez, livros aos alfabetizandos e aos alfabetizadores, em volume \u00fanico, com as disciplinas de L\u00edngua Portuguesa e matem\u00e1tica para a alfabetiza\u00e7\u00e3o de jovens e adultos. Ser\u00e3o 1,5 milh\u00e3o de exemplares. Os alfabetizadores receber\u00e3o o guia do professor, material que vai orientar a prepara\u00e7\u00e3o das aulas, a linguagem usada para o p\u00fablico adulto, a aplica\u00e7\u00e3o e corre\u00e7\u00e3o de provas. A Resolu\u00e7\u00e3o n\u00ba 36, publicada no Di\u00e1rio Oficial da Uni\u00e3o dia 23 de julho, traz as orienta\u00e7\u00f5es, cronogramas e crit\u00e9rios do programa para 2008. \u00a0<br \/> \u00a0<\/p>\n<p><\/p>\n","protected":false},"excerpt":{"rendered":"<p>Os estados, os munic\u00edpios e o Distrito Federal t\u00eam prazo at\u00e9 21 de agosto para aderir ao Programa Brasil Alfabetizado. O programa disp\u00f5e, em 2008, de R$ 300 milh\u00f5es para ajudar as redes p\u00fablicas da educa\u00e7\u00e3o b\u00e1sica a promover a alfabetiza\u00e7\u00e3o de jovens com mais de 15 anos e de adultos. A prioridade do programa [&hellip;]<\/p>\n","protected":false},"author":1,"featured_media":0,"comment_status":"closed","ping_status":"closed","sticky":false,"template":"","format":"standard","meta":{"footnotes":"","_links_to":"","_links_to_target":""},"categories":[9],"tags":[],"class_list":["post-2324","post","type-post","status-publish","format-standard","hentry","category-noticias-da-imprensa"],"yoast_head":"<!-- This site is optimized with the Yoast SEO plugin v15.1 - https:\/\/yoast.com\/wordpress\/plugins\/seo\/ -->\n<title>Governo federal vai investir este ano R$ 300 milh\u00f5es na alfabetiza\u00e7\u00e3o de jovens e adultos &raquo; Abrelivros<\/title>\n<meta name=\"robots\" content=\"index, follow, max-snippet:-1, max-image-preview:large, max-video-preview:-1\" \/>\n<link rel=\"canonical\" href=\"https:\/\/abrelivros.org.br\/site\/governo-federal-vai-investir-este-ano-r-300-milhoes-na-alfabetizacao-de-jovens-e-adultos\/\" \/>\n<meta property=\"og:locale\" content=\"pt_BR\" \/>\n<meta property=\"og:type\" content=\"article\" \/>\n<meta property=\"og:title\" content=\"Governo federal vai investir este ano R$ 300 milh\u00f5es na alfabetiza\u00e7\u00e3o de jovens e adultos &raquo; Abrelivros\" \/>\n<meta property=\"og:description\" content=\"Os estados, os munic\u00edpios e o Distrito Federal t\u00eam prazo at\u00e9 21 de agosto para aderir ao Programa Brasil Alfabetizado. O programa disp\u00f5e, em 2008, de R$ 300 milh\u00f5es para ajudar as redes p\u00fablicas da educa\u00e7\u00e3o b\u00e1sica a promover a alfabetiza\u00e7\u00e3o de jovens com mais de 15 anos e de adultos. A prioridade do programa [&hellip;]\" \/>\n<meta property=\"og:url\" content=\"https:\/\/abrelivros.org.br\/site\/governo-federal-vai-investir-este-ano-r-300-milhoes-na-alfabetizacao-de-jovens-e-adultos\/\" \/>\n<meta property=\"og:site_name\" content=\"Abrelivros\" \/>\n<meta property=\"article:published_time\" content=\"2008-07-25T19:09:00+00:00\" \/>\n<meta name=\"twitter:card\" content=\"summary_large_image\" \/>\n<script type=\"application\/ld+json\" class=\"yoast-schema-graph\">{\"@context\":\"https:\/\/schema.org\",\"@graph\":[{\"@type\":\"WebSite\",\"@id\":\"https:\/\/abrelivros.org.br\/site\/#website\",\"url\":\"https:\/\/abrelivros.org.br\/site\/\",\"name\":\"Abrelivros\",\"description\":\"\",\"potentialAction\":[{\"@type\":\"SearchAction\",\"target\":\"https:\/\/abrelivros.org.br\/site\/?s={search_term_string}\",\"query-input\":\"required name=search_term_string\"}],\"inLanguage\":\"pt-BR\"},{\"@type\":\"WebPage\",\"@id\":\"https:\/\/abrelivros.org.br\/site\/governo-federal-vai-investir-este-ano-r-300-milhoes-na-alfabetizacao-de-jovens-e-adultos\/#webpage\",\"url\":\"https:\/\/abrelivros.org.br\/site\/governo-federal-vai-investir-este-ano-r-300-milhoes-na-alfabetizacao-de-jovens-e-adultos\/\",\"name\":\"Governo federal vai investir este ano R$ 300 milh\\u00f5es na alfabetiza\\u00e7\\u00e3o de jovens e adultos &raquo; Abrelivros\",\"isPartOf\":{\"@id\":\"https:\/\/abrelivros.org.br\/site\/#website\"},\"datePublished\":\"2008-07-25T19:09:00+00:00\",\"dateModified\":\"2008-07-25T19:09:00+00:00\",\"author\":{\"@id\":\"https:\/\/abrelivros.org.br\/site\/#\/schema\/person\/2b867f13a717bb230f1a3555505f5593\"},\"breadcrumb\":{\"@id\":\"https:\/\/abrelivros.org.br\/site\/governo-federal-vai-investir-este-ano-r-300-milhoes-na-alfabetizacao-de-jovens-e-adultos\/#breadcrumb\"},\"inLanguage\":\"pt-BR\",\"potentialAction\":[{\"@type\":\"ReadAction\",\"target\":[\"https:\/\/abrelivros.org.br\/site\/governo-federal-vai-investir-este-ano-r-300-milhoes-na-alfabetizacao-de-jovens-e-adultos\/\"]}]},{\"@type\":\"BreadcrumbList\",\"@id\":\"https:\/\/abrelivros.org.br\/site\/governo-federal-vai-investir-este-ano-r-300-milhoes-na-alfabetizacao-de-jovens-e-adultos\/#breadcrumb\",\"itemListElement\":[{\"@type\":\"ListItem\",\"position\":1,\"item\":{\"@type\":\"WebPage\",\"@id\":\"https:\/\/abrelivros.org.br\/site\/\",\"url\":\"https:\/\/abrelivros.org.br\/site\/\",\"name\":\"In\\u00edcio\"}},{\"@type\":\"ListItem\",\"position\":2,\"item\":{\"@type\":\"WebPage\",\"@id\":\"https:\/\/abrelivros.org.br\/site\/category\/noticias\/\",\"url\":\"https:\/\/abrelivros.org.br\/site\/category\/noticias\/\",\"name\":\"Not\\u00edcias\"}},{\"@type\":\"ListItem\",\"position\":3,\"item\":{\"@type\":\"WebPage\",\"@id\":\"https:\/\/abrelivros.org.br\/site\/category\/noticias\/noticias-da-imprensa\/\",\"url\":\"https:\/\/abrelivros.org.br\/site\/category\/noticias\/noticias-da-imprensa\/\",\"name\":\"Not\\u00edcias da imprensa\"}},{\"@type\":\"ListItem\",\"position\":4,\"item\":{\"@type\":\"WebPage\",\"@id\":\"https:\/\/abrelivros.org.br\/site\/governo-federal-vai-investir-este-ano-r-300-milhoes-na-alfabetizacao-de-jovens-e-adultos\/\",\"url\":\"https:\/\/abrelivros.org.br\/site\/governo-federal-vai-investir-este-ano-r-300-milhoes-na-alfabetizacao-de-jovens-e-adultos\/\",\"name\":\"Governo federal vai investir este ano R$ 300 milh\\u00f5es na alfabetiza\\u00e7\\u00e3o de jovens e adultos\"}}]},{\"@type\":\"Person\",\"@id\":\"https:\/\/abrelivros.org.br\/site\/#\/schema\/person\/2b867f13a717bb230f1a3555505f5593\",\"name\":\"\\u00a0\",\"image\":{\"@type\":\"ImageObject\",\"@id\":\"https:\/\/abrelivros.org.br\/site\/#personlogo\",\"inLanguage\":\"pt-BR\",\"url\":\"https:\/\/secure.gravatar.com\/avatar\/e80b7f5231be2fff5040a8023da424898002831c5439420df182ae62676d2a6f?s=96&d=mm&r=g\",\"caption\":\"\\u00a0\"}}]}<\/script>\n<!-- \/ Yoast SEO plugin. -->","_links":{"self":[{"href":"https:\/\/abrelivros.org.br\/site\/wp-json\/wp\/v2\/posts\/2324","targetHints":{"allow":["GET"]}}],"collection":[{"href":"https:\/\/abrelivros.org.br\/site\/wp-json\/wp\/v2\/posts"}],"about":[{"href":"https:\/\/abrelivros.org.br\/site\/wp-json\/wp\/v2\/types\/post"}],"author":[{"embeddable":true,"href":"https:\/\/abrelivros.org.br\/site\/wp-json\/wp\/v2\/users\/1"}],"replies":[{"embeddable":true,"href":"https:\/\/abrelivros.org.br\/site\/wp-json\/wp\/v2\/comments?post=2324"}],"version-history":[{"count":0,"href":"https:\/\/abrelivros.org.br\/site\/wp-json\/wp\/v2\/posts\/2324\/revisions"}],"wp:attachment":[{"href":"https:\/\/abrelivros.org.br\/site\/wp-json\/wp\/v2\/media?parent=2324"}],"wp:term":[{"taxonomy":"category","embeddable":true,"href":"https:\/\/abrelivros.org.br\/site\/wp-json\/wp\/v2\/categories?post=2324"},{"taxonomy":"post_tag","embeddable":true,"href":"https:\/\/abrelivros.org.br\/site\/wp-json\/wp\/v2\/tags?post=2324"}],"curies":[{"name":"wp","href":"https:\/\/api.w.org\/{rel}","templated":true}]}}