{"id":2322,"date":"2008-07-28T16:41:00","date_gmt":"2008-07-28T19:41:00","guid":{"rendered":"https:\/\/abrelivros.org.br\/site\/2008\/07\/28\/haddad-acordo-ortografico-estara-em-vigor-ate-2011\/"},"modified":"2008-07-28T16:41:00","modified_gmt":"2008-07-28T19:41:00","slug":"haddad-acordo-ortografico-estara-em-vigor-ate-2011","status":"publish","type":"post","link":"https:\/\/abrelivros.org.br\/site\/haddad-acordo-ortografico-estara-em-vigor-ate-2011\/","title":{"rendered":"Haddad: acordo ortogr\u00e1fico estar\u00e1 em vigor at\u00e9 2011"},"content":{"rendered":"<p>O ministro da Educa\u00e7\u00e3o, Fernando Haddad, afirmou na sexta-feira (25) em Lisboa que o acordo ortogr\u00e1fico da l\u00edngua portuguesa dever\u00e1 estar implantado no Brasil at\u00e9 2011.\u00a0<br \/> \u00a0<br \/> No in\u00edcio da 7\u00aa Confer\u00eancia de Chefes de Estado e de Governo da Comunidade dos Pa\u00edses de L\u00edngua Portuguesa, Haddad apontou o acordo como uma pe\u00e7a-chave da coopera\u00e7\u00e3o com os pa\u00edses africanos.\u00a0<br \/> \u00a0<br \/> \u201cEstamos tendo conversas informais com grupos editoriais brasileiros, sobretudo os que trabalham com livros did\u00e1ticos, prevendo um prazo de dois ou tr\u00eas anos (para a implementa\u00e7\u00e3o do acordo)\u201c, disse o ministro.\u00a0<br \/> \u00a0<br \/> Segundo ele, a id\u00e9ia \u00e9 levar a consulta p\u00fablica dentro de 30 dias a minuta do decreto presidencial sobre o acordo. \u201cPretendemos publicar esse decreto presidencial talvez ainda em setembro ou outubro\u201c, afirmou.\u00a0<br \/> \u00a0<br \/> Segundo o ministro, a grande mudan\u00e7a a partir da unifica\u00e7\u00e3o do portugu\u00eas ser\u00e1 pol\u00edtica, em rela\u00e7\u00e3o ao papel que a l\u00edngua portuguesa tem no mundo.\u00a0<br \/> \u00a0<br \/> \u201cA ortografia muda muito pouco. Tanto no Brasil como em Portugal a expectativa \u00e9 que a adapta\u00e7\u00e3o seja relativamente simples. Mas em foros internacionais e sobretudo na CPLP penso que a coopera\u00e7\u00e3o vai ser muito promovida. Imagine a dificuldade de uma l\u00edngua ser (usada) em foros internacionais sem uma ortografia comum.\u201c\u00a0<br \/> \u00a0<br \/><B> Mudan\u00e7as\u00a0<br \/> \u00a0<br \/><\/B> O acordo consagra mudan\u00e7as relativamente pequenas. Segundo os linguistas que prepararam o acordo &#8211; Ant\u00f4nio Houaiss, pelo Brasil, e Jo\u00e3o Malaca Casteleiro, de Portugal -, 0,43% das palavras no Brasil e 1,42% em Portugal passar\u00e3o por mudan\u00e7as. \u00a0<br \/> \u00a0<br \/> Os brasileiros deixam de utilizar acentos em vogais duplas como na palavra \u201cvoo\u201c, e os tritongos deixam de ser acentuados, como nas palavras \u201cassembleia\u201c ou \u201cideia\u201c. \u00a0<br \/> \u00a0<br \/> Os portugueses perdem o \u201cc\u201c em \u201cacto\u201c e \u201ctecto\u201c, o \u201cp\u201c em \u201c\u00f3ptimo\u201c ou \u201cEgipto\u201c e as letras duplas em \u201cconnosco\u201c ou \u201ccomummente\u201c.\u00a0<br \/> \u00a0<br \/> No entanto, o acordo mant\u00e9m diverg\u00eancias: os acentos s\u00e3o diferentes em \u201cAnt\u00f4nio\u201c e \u201cAnt\u00f3nio\u201c, \u201cg\u00eanero\u201c e \u201cg\u00e9nero\u201c. Portugal passa a escrever \u201crece\u00e7\u00e3o\u201c (com o mesmo som de recess\u00e3o) em vez de \u201crecep\u00e7\u00e3o\u201c. \u00a0<br \/> \u00a0<br \/> E n\u00e3o h\u00e1 uma unifica\u00e7\u00e3o da sintaxe e da sem\u00e2ntica &#8211; em Portugal usa-se a forma \u201cat\u00e9 ao fim\u201c em vez de \u201cat\u00e9 o fim\u201c, e costuma-se falar \u201csabe bem\u201c para dizer que uma comida \u00e9 saborosa.\u00a0<br \/> \u00a0<br \/><B> Universidade\u00a0<br \/> \u00a0<br \/><\/B> O ministro disse que uma parte importante da coopera\u00e7\u00e3o com os outros pa\u00edses de l\u00edngua portuguesa ser\u00e1 a cria\u00e7\u00e3o da Universidade Luso-Afro-Brasileira, que deve ter sua sede em Reden\u00e7\u00e3o, no Cear\u00e1.\u00a0<br \/> \u00a0<br \/> \u201cO presidente ontem (quinta-feira) encaminhou ao Congresso Nacional a proposta de cria\u00e7\u00e3o de uma universidade voltada para os pa\u00edses da CPLP. Vai se chamar Unilab, Universidade Luso-Afro-Brasileira, com o objetivo de criar um ambiente pol\u00edtico-pedag\u00f3gico voltado para a promo\u00e7\u00e3o da l\u00edngua.\u201c\u00a0<br \/> \u00a0<br \/> \u201cA Universidade Luso-Afro-Brasileira s\u00f3 faz sentido na medida em que todos os pa\u00edses se pronunciem de maneira decisiva sobre o desejo de integra\u00e7\u00e3o\u201c, completou.\u00a0<br \/> \u00a0<\/p>\n","protected":false},"excerpt":{"rendered":"<p>O ministro da Educa\u00e7\u00e3o, Fernando Haddad, afirmou na sexta-feira (25) em Lisboa que o acordo ortogr\u00e1fico da l\u00edngua portuguesa dever\u00e1 estar implantado no Brasil at\u00e9 2011.\u00a0 \u00a0 No in\u00edcio da 7\u00aa Confer\u00eancia de Chefes de Estado e de Governo da Comunidade dos Pa\u00edses de L\u00edngua Portuguesa, Haddad apontou o acordo como uma pe\u00e7a-chave da coopera\u00e7\u00e3o [&hellip;]<\/p>\n","protected":false},"author":1,"featured_media":0,"comment_status":"closed","ping_status":"closed","sticky":false,"template":"","format":"standard","meta":{"footnotes":"","_links_to":"","_links_to_target":""},"categories":[9],"tags":[],"class_list":["post-2322","post","type-post","status-publish","format-standard","hentry","category-noticias-da-imprensa"],"yoast_head":"<!-- This site is optimized with the Yoast SEO plugin v15.1 - https:\/\/yoast.com\/wordpress\/plugins\/seo\/ -->\n<title>Haddad: acordo ortogr\u00e1fico estar\u00e1 em vigor at\u00e9 2011 &raquo; Abrelivros<\/title>\n<meta name=\"robots\" content=\"index, follow, max-snippet:-1, max-image-preview:large, max-video-preview:-1\" \/>\n<link rel=\"canonical\" href=\"https:\/\/abrelivros.org.br\/site\/haddad-acordo-ortografico-estara-em-vigor-ate-2011\/\" \/>\n<meta property=\"og:locale\" content=\"pt_BR\" \/>\n<meta property=\"og:type\" content=\"article\" \/>\n<meta property=\"og:title\" content=\"Haddad: acordo ortogr\u00e1fico estar\u00e1 em vigor at\u00e9 2011 &raquo; Abrelivros\" \/>\n<meta property=\"og:description\" content=\"O ministro da Educa\u00e7\u00e3o, Fernando Haddad, afirmou na sexta-feira (25) em Lisboa que o acordo ortogr\u00e1fico da l\u00edngua portuguesa dever\u00e1 estar implantado no Brasil at\u00e9 2011.\u00a0 \u00a0 No in\u00edcio da 7\u00aa Confer\u00eancia de Chefes de Estado e de Governo da Comunidade dos Pa\u00edses de L\u00edngua Portuguesa, Haddad apontou o acordo como uma pe\u00e7a-chave da coopera\u00e7\u00e3o [&hellip;]\" \/>\n<meta property=\"og:url\" content=\"https:\/\/abrelivros.org.br\/site\/haddad-acordo-ortografico-estara-em-vigor-ate-2011\/\" \/>\n<meta property=\"og:site_name\" content=\"Abrelivros\" \/>\n<meta property=\"article:published_time\" content=\"2008-07-28T19:41:00+00:00\" \/>\n<meta name=\"twitter:card\" content=\"summary_large_image\" \/>\n<script type=\"application\/ld+json\" class=\"yoast-schema-graph\">{\"@context\":\"https:\/\/schema.org\",\"@graph\":[{\"@type\":\"WebSite\",\"@id\":\"https:\/\/abrelivros.org.br\/site\/#website\",\"url\":\"https:\/\/abrelivros.org.br\/site\/\",\"name\":\"Abrelivros\",\"description\":\"\",\"potentialAction\":[{\"@type\":\"SearchAction\",\"target\":\"https:\/\/abrelivros.org.br\/site\/?s={search_term_string}\",\"query-input\":\"required name=search_term_string\"}],\"inLanguage\":\"pt-BR\"},{\"@type\":\"WebPage\",\"@id\":\"https:\/\/abrelivros.org.br\/site\/haddad-acordo-ortografico-estara-em-vigor-ate-2011\/#webpage\",\"url\":\"https:\/\/abrelivros.org.br\/site\/haddad-acordo-ortografico-estara-em-vigor-ate-2011\/\",\"name\":\"Haddad: acordo ortogr\\u00e1fico estar\\u00e1 em vigor at\\u00e9 2011 &raquo; Abrelivros\",\"isPartOf\":{\"@id\":\"https:\/\/abrelivros.org.br\/site\/#website\"},\"datePublished\":\"2008-07-28T19:41:00+00:00\",\"dateModified\":\"2008-07-28T19:41:00+00:00\",\"author\":{\"@id\":\"https:\/\/abrelivros.org.br\/site\/#\/schema\/person\/2b867f13a717bb230f1a3555505f5593\"},\"breadcrumb\":{\"@id\":\"https:\/\/abrelivros.org.br\/site\/haddad-acordo-ortografico-estara-em-vigor-ate-2011\/#breadcrumb\"},\"inLanguage\":\"pt-BR\",\"potentialAction\":[{\"@type\":\"ReadAction\",\"target\":[\"https:\/\/abrelivros.org.br\/site\/haddad-acordo-ortografico-estara-em-vigor-ate-2011\/\"]}]},{\"@type\":\"BreadcrumbList\",\"@id\":\"https:\/\/abrelivros.org.br\/site\/haddad-acordo-ortografico-estara-em-vigor-ate-2011\/#breadcrumb\",\"itemListElement\":[{\"@type\":\"ListItem\",\"position\":1,\"item\":{\"@type\":\"WebPage\",\"@id\":\"https:\/\/abrelivros.org.br\/site\/\",\"url\":\"https:\/\/abrelivros.org.br\/site\/\",\"name\":\"In\\u00edcio\"}},{\"@type\":\"ListItem\",\"position\":2,\"item\":{\"@type\":\"WebPage\",\"@id\":\"https:\/\/abrelivros.org.br\/site\/category\/noticias\/\",\"url\":\"https:\/\/abrelivros.org.br\/site\/category\/noticias\/\",\"name\":\"Not\\u00edcias\"}},{\"@type\":\"ListItem\",\"position\":3,\"item\":{\"@type\":\"WebPage\",\"@id\":\"https:\/\/abrelivros.org.br\/site\/category\/noticias\/noticias-da-imprensa\/\",\"url\":\"https:\/\/abrelivros.org.br\/site\/category\/noticias\/noticias-da-imprensa\/\",\"name\":\"Not\\u00edcias da imprensa\"}},{\"@type\":\"ListItem\",\"position\":4,\"item\":{\"@type\":\"WebPage\",\"@id\":\"https:\/\/abrelivros.org.br\/site\/haddad-acordo-ortografico-estara-em-vigor-ate-2011\/\",\"url\":\"https:\/\/abrelivros.org.br\/site\/haddad-acordo-ortografico-estara-em-vigor-ate-2011\/\",\"name\":\"Haddad: acordo ortogr\\u00e1fico estar\\u00e1 em vigor at\\u00e9 2011\"}}]},{\"@type\":\"Person\",\"@id\":\"https:\/\/abrelivros.org.br\/site\/#\/schema\/person\/2b867f13a717bb230f1a3555505f5593\",\"name\":\"\\u00a0\",\"image\":{\"@type\":\"ImageObject\",\"@id\":\"https:\/\/abrelivros.org.br\/site\/#personlogo\",\"inLanguage\":\"pt-BR\",\"url\":\"https:\/\/secure.gravatar.com\/avatar\/e80b7f5231be2fff5040a8023da424898002831c5439420df182ae62676d2a6f?s=96&d=mm&r=g\",\"caption\":\"\\u00a0\"}}]}<\/script>\n<!-- \/ Yoast SEO plugin. -->","_links":{"self":[{"href":"https:\/\/abrelivros.org.br\/site\/wp-json\/wp\/v2\/posts\/2322","targetHints":{"allow":["GET"]}}],"collection":[{"href":"https:\/\/abrelivros.org.br\/site\/wp-json\/wp\/v2\/posts"}],"about":[{"href":"https:\/\/abrelivros.org.br\/site\/wp-json\/wp\/v2\/types\/post"}],"author":[{"embeddable":true,"href":"https:\/\/abrelivros.org.br\/site\/wp-json\/wp\/v2\/users\/1"}],"replies":[{"embeddable":true,"href":"https:\/\/abrelivros.org.br\/site\/wp-json\/wp\/v2\/comments?post=2322"}],"version-history":[{"count":0,"href":"https:\/\/abrelivros.org.br\/site\/wp-json\/wp\/v2\/posts\/2322\/revisions"}],"wp:attachment":[{"href":"https:\/\/abrelivros.org.br\/site\/wp-json\/wp\/v2\/media?parent=2322"}],"wp:term":[{"taxonomy":"category","embeddable":true,"href":"https:\/\/abrelivros.org.br\/site\/wp-json\/wp\/v2\/categories?post=2322"},{"taxonomy":"post_tag","embeddable":true,"href":"https:\/\/abrelivros.org.br\/site\/wp-json\/wp\/v2\/tags?post=2322"}],"curies":[{"name":"wp","href":"https:\/\/api.w.org\/{rel}","templated":true}]}}