{"id":2321,"date":"2008-07-28T16:56:00","date_gmt":"2008-07-28T19:56:00","guid":{"rendered":"https:\/\/abrelivros.org.br\/site\/2008\/07\/28\/biblioteca-acessivel\/"},"modified":"2008-07-28T16:56:00","modified_gmt":"2008-07-28T19:56:00","slug":"biblioteca-acessivel","status":"publish","type":"post","link":"https:\/\/abrelivros.org.br\/site\/biblioteca-acessivel\/","title":{"rendered":"Biblioteca Acess\u00edvel"},"content":{"rendered":"<p>A primeira etapa do projeto Biblioteca Acess\u00edvel que permite aos portadores de defici\u00eancia f\u00edsica, idosos e semi-analfabetos realizarem pesquisas nos acervos f\u00edsicos e digitais da Funda\u00e7\u00e3o Biblioteca Nacional (FBN), no Rio de Janeiro, foi lan\u00e7ada na segunda-feira, dia 21 de julho.\u00a0<br \/> \u00a0<br \/> Al\u00e9m de capacitar t\u00e9cnicos para o atendimento desse p\u00fablico espec\u00edfico, ser\u00e3o instalados equipamentos na Divis\u00e3o de Obras Gerais e softwares no Portal da FBN, tais como ampliadores de textos eletr\u00f4nicos, leitores aut\u00f4nomos, scanner de livros com linhas Braille, folheadores autom\u00e1ticos de livros, teclados e mouses especiais, impressoras Braille e programas para leitura de textos que fazem reconhecimento de voz.\u00a0<br \/> \u00a0<br \/> O projeto &#8211; que foi desenvolvido em janeiro deste ano pela Acessibilidade Brasil, Organiza\u00e7\u00e3o da Sociedade Civil de Interesse P\u00fablico &#8211; servir\u00e1 como modelo para o Sistema Nacional de Bibliotecas P\u00fablicas (SNBP), respons\u00e1vel pela coordena\u00e7\u00e3o e implanta\u00e7\u00e3o de unidades pelo Brasil.\u00a0<br \/> \u00a0<br \/> Segundo o presidente da FBN, Muniz Sodr\u00e9, a miss\u00e3o da Funda\u00e7\u00e3o desdobra-se em duas a\u00e7\u00f5es principais: guardar o acervo da mem\u00f3ria nacional, em quaisquer suportes, e difundi-lo. \u201cAssim, qualquer iniciativa que favore\u00e7a uma dessas vertentes faz parte do trabalho fundamental da FBN. Quando, ent\u00e3o, essa realiza\u00e7\u00e3o beneficia minorias exclu\u00eddas, de uma ou outra forma do processo civil brasileiro, \u00e9 mais do que importante, \u00e9 crucial reverter tal situa\u00e7\u00e3o, como acontece agora, especificamente, com o projeto j\u00e1 instalado de acesso \u00e0 leitura para cegos ou indiv\u00edduos com baixa vis\u00e3o, cuja montante nacional chega a ser de cerca de 1,5 milh\u00e3o de pessoas\u201d, ressalta Sodr\u00e9.\u00a0<br \/> \u00a0<br \/> J\u00e1 para o presidente da Oscip Acessibilidade Brasil, Guilherme Lira, a expectativa maior do projeto \u00e9 o atendimento de pessoas com defici\u00eancia nas bibliotecas p\u00fablicas do pais, dentro do conceito \u2018Biblioteca para Todos\u2019.\u00a0<br \/> \u00a0<br \/> Lira lembrou que o projeto Biblioteca Acess\u00edvel ser\u00e1 ampliado e atingir\u00e1 outras unidades. \u201cA id\u00e9ia foi o desenvolvimento do modelo brasileiro de biblioteca acess\u00edvel para as demais bibliotecas. Pois sendo a Biblioteca Nacional que coordena o Sistema Nacional de Bibliotecas P\u00fablicas, nada seria mais adequado.\u201d\u00a0<br \/> \u00a0<br \/> \u00a0<br \/><B> Projeto Biblioteca Acess\u00edvel\u00a0<br \/> \u00a0<br \/> Primeira Etapa<\/B> &#8211; O objetivo \u00e9 privilegiar o acesso f\u00edsico (local) ao acervo com a implanta\u00e7\u00e3o de equipamentos de \u00faltima gera\u00e7\u00e3o. Dentre esses, ampliadores eletr\u00f4nicos, que aumentam textos e imagens em at\u00e9 60 vezes, permitindo a pessoas com baixa vis\u00e3o acessar livros, documentos e textos em geral; leitores aut\u00f4nomos de livros, que auxiliam cegos, idosos, pessoas com baixa vis\u00e3o e analfabetos funcionais; linhas Braille, que s\u00e3o linhas com celas Braille din\u00e2micas, isto \u00e9 as celas se movimentam em braille, convertendo o que \u00e9 lido pelo computador ou mesmo pelo leitor aut\u00f4nomo. Al\u00e9m dessas novidades, a FBN disponibilizou dois computadores com programas leitores de tela para que pessoas cegas possam acessar os cat\u00e1logos informatizados da Biblioteca Nacional e, tamb\u00e9m, imprimir trechos de livros ou de outros documentos na linguagem em Braille.\u00a0<br \/> \u00a0<br \/><B> Segunda Etapa <\/B>&#8211; A partir do dia 30 de julho, cat\u00e1logos, informa\u00e7\u00f5es e o acervo da Biblioteca Nacional disponibilizado na Internet poder\u00e1 ser acessado por pessoas com defici\u00eancia. Trata-se da adequa\u00e7\u00e3o de uma parte do Portal da FBN para privilegiar o acesso virtual, conforme a legisla\u00e7\u00e3o de acessibilidade.\u00a0<br \/> \u00a0<br \/><B> Terceira Etapa<\/B> &#8211; O objetivo \u00e9 converter parte do acervo digital. Gradativamente algumas cole\u00e7\u00f5es (em dom\u00ednio p\u00fablico) estar\u00e3o dispon\u00edveis em livros fonados ou falados (na Biblioteca Nacional ou na Internet). Essa convers\u00e3o utilizar\u00e1 o padr\u00e3o DAISY (Digital Accessible Information SYstem), que \u00e9 o atualmente adotado pela maioria dos pa\u00edses. Inicialmente, em comemora\u00e7\u00e3o aos 100 anos de falecimento do escritor Machado de Assis, ser\u00e1 transcrita uma cole\u00e7\u00e3o composta por dez livros de sua autoria.\u00a0<br \/> \u00a0<\/p>\n","protected":false},"excerpt":{"rendered":"<p>A primeira etapa do projeto Biblioteca Acess\u00edvel que permite aos portadores de defici\u00eancia f\u00edsica, idosos e semi-analfabetos realizarem pesquisas nos acervos f\u00edsicos e digitais da Funda\u00e7\u00e3o Biblioteca Nacional (FBN), no Rio de Janeiro, foi lan\u00e7ada na segunda-feira, dia 21 de julho.\u00a0 \u00a0 Al\u00e9m de capacitar t\u00e9cnicos para o atendimento desse p\u00fablico espec\u00edfico, ser\u00e3o instalados equipamentos [&hellip;]<\/p>\n","protected":false},"author":1,"featured_media":0,"comment_status":"closed","ping_status":"closed","sticky":false,"template":"","format":"standard","meta":{"footnotes":"","_links_to":"","_links_to_target":""},"categories":[9],"tags":[],"class_list":["post-2321","post","type-post","status-publish","format-standard","hentry","category-noticias-da-imprensa"],"yoast_head":"<!-- This site is optimized with the Yoast SEO plugin v15.1 - https:\/\/yoast.com\/wordpress\/plugins\/seo\/ -->\n<title>Biblioteca Acess\u00edvel &raquo; Abrelivros<\/title>\n<meta name=\"robots\" content=\"index, follow, max-snippet:-1, max-image-preview:large, max-video-preview:-1\" \/>\n<link rel=\"canonical\" href=\"https:\/\/abrelivros.org.br\/site\/biblioteca-acessivel\/\" \/>\n<meta property=\"og:locale\" content=\"pt_BR\" \/>\n<meta property=\"og:type\" content=\"article\" \/>\n<meta property=\"og:title\" content=\"Biblioteca Acess\u00edvel &raquo; Abrelivros\" \/>\n<meta property=\"og:description\" content=\"A primeira etapa do projeto Biblioteca Acess\u00edvel que permite aos portadores de defici\u00eancia f\u00edsica, idosos e semi-analfabetos realizarem pesquisas nos acervos f\u00edsicos e digitais da Funda\u00e7\u00e3o Biblioteca Nacional (FBN), no Rio de Janeiro, foi lan\u00e7ada na segunda-feira, dia 21 de julho.\u00a0 \u00a0 Al\u00e9m de capacitar t\u00e9cnicos para o atendimento desse p\u00fablico espec\u00edfico, ser\u00e3o instalados equipamentos [&hellip;]\" \/>\n<meta property=\"og:url\" content=\"https:\/\/abrelivros.org.br\/site\/biblioteca-acessivel\/\" \/>\n<meta property=\"og:site_name\" content=\"Abrelivros\" \/>\n<meta property=\"article:published_time\" content=\"2008-07-28T19:56:00+00:00\" \/>\n<meta name=\"twitter:card\" content=\"summary_large_image\" \/>\n<script type=\"application\/ld+json\" class=\"yoast-schema-graph\">{\"@context\":\"https:\/\/schema.org\",\"@graph\":[{\"@type\":\"WebSite\",\"@id\":\"https:\/\/abrelivros.org.br\/site\/#website\",\"url\":\"https:\/\/abrelivros.org.br\/site\/\",\"name\":\"Abrelivros\",\"description\":\"\",\"potentialAction\":[{\"@type\":\"SearchAction\",\"target\":\"https:\/\/abrelivros.org.br\/site\/?s={search_term_string}\",\"query-input\":\"required name=search_term_string\"}],\"inLanguage\":\"pt-BR\"},{\"@type\":\"WebPage\",\"@id\":\"https:\/\/abrelivros.org.br\/site\/biblioteca-acessivel\/#webpage\",\"url\":\"https:\/\/abrelivros.org.br\/site\/biblioteca-acessivel\/\",\"name\":\"Biblioteca Acess\\u00edvel &raquo; Abrelivros\",\"isPartOf\":{\"@id\":\"https:\/\/abrelivros.org.br\/site\/#website\"},\"datePublished\":\"2008-07-28T19:56:00+00:00\",\"dateModified\":\"2008-07-28T19:56:00+00:00\",\"author\":{\"@id\":\"https:\/\/abrelivros.org.br\/site\/#\/schema\/person\/2b867f13a717bb230f1a3555505f5593\"},\"breadcrumb\":{\"@id\":\"https:\/\/abrelivros.org.br\/site\/biblioteca-acessivel\/#breadcrumb\"},\"inLanguage\":\"pt-BR\",\"potentialAction\":[{\"@type\":\"ReadAction\",\"target\":[\"https:\/\/abrelivros.org.br\/site\/biblioteca-acessivel\/\"]}]},{\"@type\":\"BreadcrumbList\",\"@id\":\"https:\/\/abrelivros.org.br\/site\/biblioteca-acessivel\/#breadcrumb\",\"itemListElement\":[{\"@type\":\"ListItem\",\"position\":1,\"item\":{\"@type\":\"WebPage\",\"@id\":\"https:\/\/abrelivros.org.br\/site\/\",\"url\":\"https:\/\/abrelivros.org.br\/site\/\",\"name\":\"In\\u00edcio\"}},{\"@type\":\"ListItem\",\"position\":2,\"item\":{\"@type\":\"WebPage\",\"@id\":\"https:\/\/abrelivros.org.br\/site\/category\/noticias\/\",\"url\":\"https:\/\/abrelivros.org.br\/site\/category\/noticias\/\",\"name\":\"Not\\u00edcias\"}},{\"@type\":\"ListItem\",\"position\":3,\"item\":{\"@type\":\"WebPage\",\"@id\":\"https:\/\/abrelivros.org.br\/site\/category\/noticias\/noticias-da-imprensa\/\",\"url\":\"https:\/\/abrelivros.org.br\/site\/category\/noticias\/noticias-da-imprensa\/\",\"name\":\"Not\\u00edcias da imprensa\"}},{\"@type\":\"ListItem\",\"position\":4,\"item\":{\"@type\":\"WebPage\",\"@id\":\"https:\/\/abrelivros.org.br\/site\/biblioteca-acessivel\/\",\"url\":\"https:\/\/abrelivros.org.br\/site\/biblioteca-acessivel\/\",\"name\":\"Biblioteca Acess\\u00edvel\"}}]},{\"@type\":\"Person\",\"@id\":\"https:\/\/abrelivros.org.br\/site\/#\/schema\/person\/2b867f13a717bb230f1a3555505f5593\",\"name\":\"\\u00a0\",\"image\":{\"@type\":\"ImageObject\",\"@id\":\"https:\/\/abrelivros.org.br\/site\/#personlogo\",\"inLanguage\":\"pt-BR\",\"url\":\"https:\/\/secure.gravatar.com\/avatar\/e80b7f5231be2fff5040a8023da424898002831c5439420df182ae62676d2a6f?s=96&d=mm&r=g\",\"caption\":\"\\u00a0\"}}]}<\/script>\n<!-- \/ Yoast SEO plugin. -->","_links":{"self":[{"href":"https:\/\/abrelivros.org.br\/site\/wp-json\/wp\/v2\/posts\/2321","targetHints":{"allow":["GET"]}}],"collection":[{"href":"https:\/\/abrelivros.org.br\/site\/wp-json\/wp\/v2\/posts"}],"about":[{"href":"https:\/\/abrelivros.org.br\/site\/wp-json\/wp\/v2\/types\/post"}],"author":[{"embeddable":true,"href":"https:\/\/abrelivros.org.br\/site\/wp-json\/wp\/v2\/users\/1"}],"replies":[{"embeddable":true,"href":"https:\/\/abrelivros.org.br\/site\/wp-json\/wp\/v2\/comments?post=2321"}],"version-history":[{"count":0,"href":"https:\/\/abrelivros.org.br\/site\/wp-json\/wp\/v2\/posts\/2321\/revisions"}],"wp:attachment":[{"href":"https:\/\/abrelivros.org.br\/site\/wp-json\/wp\/v2\/media?parent=2321"}],"wp:term":[{"taxonomy":"category","embeddable":true,"href":"https:\/\/abrelivros.org.br\/site\/wp-json\/wp\/v2\/categories?post=2321"},{"taxonomy":"post_tag","embeddable":true,"href":"https:\/\/abrelivros.org.br\/site\/wp-json\/wp\/v2\/tags?post=2321"}],"curies":[{"name":"wp","href":"https:\/\/api.w.org\/{rel}","templated":true}]}}