{"id":2319,"date":"2008-07-29T09:42:00","date_gmt":"2008-07-29T12:42:00","guid":{"rendered":"https:\/\/abrelivros.org.br\/site\/2008\/07\/29\/encontro-pede-uniao-em-prol-da-educacao\/"},"modified":"2008-07-29T09:42:00","modified_gmt":"2008-07-29T12:42:00","slug":"encontro-pede-uniao-em-prol-da-educacao","status":"publish","type":"post","link":"https:\/\/abrelivros.org.br\/site\/encontro-pede-uniao-em-prol-da-educacao\/","title":{"rendered":"Encontro pede uni\u00e3o em prol da educa\u00e7\u00e3o"},"content":{"rendered":"<p>Se o Brasil cumprir as metas estabelecidas pelo Plano de Desenvolvimento da Educa\u00e7\u00e3o (PDE), o pa\u00eds alcan\u00e7ar\u00e1 \u00edndices educacionais semelhantes aos que s\u00e3o observados em pa\u00edses desenvolvidos. \u201cPara que isso ocorra, \u00e9 preciso que haja uma uni\u00e3o entre o governo federal,  os sistemas educacionais estaduais e municipais e as institui\u00e7\u00f5es p\u00fablicas de ensino superior.\u201d A uni\u00e3o defendida pela secret\u00e1ria de Educa\u00e7\u00e3o B\u00e1sica do Minist\u00e9rio da Educa\u00e7\u00e3o, Maria do Pilar Lacerda, \u00e9 chamada pelos especialistas de \u2019arranjo educativo local\u2019. \u00a0<br \/> \u00a0<br \/> A quest\u00e3o foi discutida, nesta segunda-feira, 28, durante o Encontro Nacional de Educa\u00e7\u00e3o PDE: uma vis\u00e3o institucional. A secret\u00e1ria acredita no compromisso com a aprendizagem dos estudantes. \u201cN\u00e3o existem crian\u00e7as da rede estadual ou municipal, existem crian\u00e7as que t\u00eam o direito de estudar. \u00c9 com essa perspectiva que devemos trabalhar\u201d, defendeu. \u00a0<br \/> \u00a0<br \/> De acordo com Maria do Pilar, existe uma preocupa\u00e7\u00e3o do minist\u00e9rio com rela\u00e7\u00e3o ao processo de transi\u00e7\u00e3o dos secret\u00e1rios de educa\u00e7\u00e3o que pode ocorrer com as elei\u00e7\u00f5es deste ano. \u00c9 uma pr\u00e1tica comum que os secret\u00e1rios, diante da vit\u00f3ria da oposi\u00e7\u00e3o, dificultem o acesso \u00e0s informa\u00e7\u00f5es sobre os projetos que v\u00eam sendo desenvolvidos em suas gest\u00f5es. \u201cOcorre que, neste caso, os grandes prejudicados s\u00e3o os estudantes\u201d, destacou. \u00a0<br \/> \u00a0<br \/> Uma das estrat\u00e9gias adotadas pelo MEC para impedir que ocorra este processo de descontinuidade das a\u00e7\u00f5es educacionais \u00e9 a elabora\u00e7\u00e3o dos Planos de A\u00e7\u00f5es Articuladas (PAR). Com o PAR, tanto o minist\u00e9rio quanto as secretarias estaduais e as universidades ficam com uma esp\u00e9cie de \u2019mem\u00f3ria\u2019 da situa\u00e7\u00e3o educacional dos munic\u00edpios. Como todos participam da elabora\u00e7\u00e3o do plano, fica pactuado um compromisso em prol do desenvolvimento da educa\u00e7\u00e3o. \u201cJ\u00e1 disponibilizamos cerca de R$ 22 milh\u00f5es para a elabora\u00e7\u00e3o dos planos\u201d, informou a secret\u00e1ria. \u00a0<br \/> \u00a0<br \/> Os munic\u00edpios com os mais baixos \u00edndices educacionais foram considerados priorit\u00e1rios para receber o atendimento \u2014 t\u00e9cnico e financeiro \u2014 do MEC. Como este ano foi divulgado um novo resultado do \u00cdndice de Desenvolvimento da Educa\u00e7\u00e3o B\u00e1sica (Ideb), houve um aumento do n\u00famero de munic\u00edpios priorit\u00e1rios. Os que haviam obtido baixos \u00edndices em 2005 continuam sendo prioridade, mesmo que o Ideb tenha melhorado. \u201cEles n\u00e3o continuar\u00e3o com essa melhora se o trabalho que come\u00e7amos for deixado de lado\u201d, explicou Maria do Pilar. O n\u00famero de munic\u00edpios que receber\u00e3o apoio especial do minist\u00e9rio at\u00e9 2021 passou de 1.242 para 1.788. \u00a0<br \/> \u00a0<br \/> As discuss\u00f5es do Encontro Nacional de Educa\u00e7\u00e3o continuam at\u00e9 esta ter\u00e7a-feira, 29. Participam do encontro representantes da Associa\u00e7\u00e3o Nacional dos Dirigentes das Institui\u00e7\u00f5es de Ensino Superior (Andifes), da Associa\u00e7\u00e3o Brasileira de Reitores das Universidades P\u00fablicas Estaduais e Municipais (Abruem), do Conselho dos Dirigentes dos Centros Federais de Educa\u00e7\u00e3o Tecnol\u00f3gica (Concefet), do Conselho Nacional de Secret\u00e1rios de Educa\u00e7\u00e3o (Consed) e da Uni\u00e3o Nacional dos Dirigentes Municipais de Educa\u00e7\u00e3o (Undime).\u00a0<br \/> \u00a0<\/p>\n","protected":false},"excerpt":{"rendered":"<p>Se o Brasil cumprir as metas estabelecidas pelo Plano de Desenvolvimento da Educa\u00e7\u00e3o (PDE), o pa\u00eds alcan\u00e7ar\u00e1 \u00edndices educacionais semelhantes aos que s\u00e3o observados em pa\u00edses desenvolvidos. \u201cPara que isso ocorra, \u00e9 preciso que haja uma uni\u00e3o entre o governo federal, os sistemas educacionais estaduais e municipais e as institui\u00e7\u00f5es p\u00fablicas de ensino superior.\u201d A [&hellip;]<\/p>\n","protected":false},"author":1,"featured_media":0,"comment_status":"closed","ping_status":"closed","sticky":false,"template":"","format":"standard","meta":{"footnotes":"","_links_to":"","_links_to_target":""},"categories":[9],"tags":[],"class_list":["post-2319","post","type-post","status-publish","format-standard","hentry","category-noticias-da-imprensa"],"yoast_head":"<!-- This site is optimized with the Yoast SEO plugin v15.1 - https:\/\/yoast.com\/wordpress\/plugins\/seo\/ -->\n<title>Encontro pede uni\u00e3o em prol da educa\u00e7\u00e3o &raquo; Abrelivros<\/title>\n<meta name=\"robots\" content=\"index, follow, max-snippet:-1, max-image-preview:large, max-video-preview:-1\" \/>\n<link rel=\"canonical\" href=\"https:\/\/abrelivros.org.br\/site\/encontro-pede-uniao-em-prol-da-educacao\/\" \/>\n<meta property=\"og:locale\" content=\"pt_BR\" \/>\n<meta property=\"og:type\" content=\"article\" \/>\n<meta property=\"og:title\" content=\"Encontro pede uni\u00e3o em prol da educa\u00e7\u00e3o &raquo; Abrelivros\" \/>\n<meta property=\"og:description\" content=\"Se o Brasil cumprir as metas estabelecidas pelo Plano de Desenvolvimento da Educa\u00e7\u00e3o (PDE), o pa\u00eds alcan\u00e7ar\u00e1 \u00edndices educacionais semelhantes aos que s\u00e3o observados em pa\u00edses desenvolvidos. \u201cPara que isso ocorra, \u00e9 preciso que haja uma uni\u00e3o entre o governo federal, os sistemas educacionais estaduais e municipais e as institui\u00e7\u00f5es p\u00fablicas de ensino superior.\u201d A [&hellip;]\" \/>\n<meta property=\"og:url\" content=\"https:\/\/abrelivros.org.br\/site\/encontro-pede-uniao-em-prol-da-educacao\/\" \/>\n<meta property=\"og:site_name\" content=\"Abrelivros\" \/>\n<meta property=\"article:published_time\" content=\"2008-07-29T12:42:00+00:00\" \/>\n<meta name=\"twitter:card\" content=\"summary_large_image\" \/>\n<script type=\"application\/ld+json\" class=\"yoast-schema-graph\">{\"@context\":\"https:\/\/schema.org\",\"@graph\":[{\"@type\":\"WebSite\",\"@id\":\"https:\/\/abrelivros.org.br\/site\/#website\",\"url\":\"https:\/\/abrelivros.org.br\/site\/\",\"name\":\"Abrelivros\",\"description\":\"\",\"potentialAction\":[{\"@type\":\"SearchAction\",\"target\":\"https:\/\/abrelivros.org.br\/site\/?s={search_term_string}\",\"query-input\":\"required name=search_term_string\"}],\"inLanguage\":\"pt-BR\"},{\"@type\":\"WebPage\",\"@id\":\"https:\/\/abrelivros.org.br\/site\/encontro-pede-uniao-em-prol-da-educacao\/#webpage\",\"url\":\"https:\/\/abrelivros.org.br\/site\/encontro-pede-uniao-em-prol-da-educacao\/\",\"name\":\"Encontro pede uni\\u00e3o em prol da educa\\u00e7\\u00e3o &raquo; Abrelivros\",\"isPartOf\":{\"@id\":\"https:\/\/abrelivros.org.br\/site\/#website\"},\"datePublished\":\"2008-07-29T12:42:00+00:00\",\"dateModified\":\"2008-07-29T12:42:00+00:00\",\"author\":{\"@id\":\"https:\/\/abrelivros.org.br\/site\/#\/schema\/person\/2b867f13a717bb230f1a3555505f5593\"},\"breadcrumb\":{\"@id\":\"https:\/\/abrelivros.org.br\/site\/encontro-pede-uniao-em-prol-da-educacao\/#breadcrumb\"},\"inLanguage\":\"pt-BR\",\"potentialAction\":[{\"@type\":\"ReadAction\",\"target\":[\"https:\/\/abrelivros.org.br\/site\/encontro-pede-uniao-em-prol-da-educacao\/\"]}]},{\"@type\":\"BreadcrumbList\",\"@id\":\"https:\/\/abrelivros.org.br\/site\/encontro-pede-uniao-em-prol-da-educacao\/#breadcrumb\",\"itemListElement\":[{\"@type\":\"ListItem\",\"position\":1,\"item\":{\"@type\":\"WebPage\",\"@id\":\"https:\/\/abrelivros.org.br\/site\/\",\"url\":\"https:\/\/abrelivros.org.br\/site\/\",\"name\":\"In\\u00edcio\"}},{\"@type\":\"ListItem\",\"position\":2,\"item\":{\"@type\":\"WebPage\",\"@id\":\"https:\/\/abrelivros.org.br\/site\/category\/noticias\/\",\"url\":\"https:\/\/abrelivros.org.br\/site\/category\/noticias\/\",\"name\":\"Not\\u00edcias\"}},{\"@type\":\"ListItem\",\"position\":3,\"item\":{\"@type\":\"WebPage\",\"@id\":\"https:\/\/abrelivros.org.br\/site\/category\/noticias\/noticias-da-imprensa\/\",\"url\":\"https:\/\/abrelivros.org.br\/site\/category\/noticias\/noticias-da-imprensa\/\",\"name\":\"Not\\u00edcias da imprensa\"}},{\"@type\":\"ListItem\",\"position\":4,\"item\":{\"@type\":\"WebPage\",\"@id\":\"https:\/\/abrelivros.org.br\/site\/encontro-pede-uniao-em-prol-da-educacao\/\",\"url\":\"https:\/\/abrelivros.org.br\/site\/encontro-pede-uniao-em-prol-da-educacao\/\",\"name\":\"Encontro pede uni\\u00e3o em prol da educa\\u00e7\\u00e3o\"}}]},{\"@type\":\"Person\",\"@id\":\"https:\/\/abrelivros.org.br\/site\/#\/schema\/person\/2b867f13a717bb230f1a3555505f5593\",\"name\":\"\\u00a0\",\"image\":{\"@type\":\"ImageObject\",\"@id\":\"https:\/\/abrelivros.org.br\/site\/#personlogo\",\"inLanguage\":\"pt-BR\",\"url\":\"https:\/\/secure.gravatar.com\/avatar\/e80b7f5231be2fff5040a8023da424898002831c5439420df182ae62676d2a6f?s=96&d=mm&r=g\",\"caption\":\"\\u00a0\"}}]}<\/script>\n<!-- \/ Yoast SEO plugin. -->","_links":{"self":[{"href":"https:\/\/abrelivros.org.br\/site\/wp-json\/wp\/v2\/posts\/2319","targetHints":{"allow":["GET"]}}],"collection":[{"href":"https:\/\/abrelivros.org.br\/site\/wp-json\/wp\/v2\/posts"}],"about":[{"href":"https:\/\/abrelivros.org.br\/site\/wp-json\/wp\/v2\/types\/post"}],"author":[{"embeddable":true,"href":"https:\/\/abrelivros.org.br\/site\/wp-json\/wp\/v2\/users\/1"}],"replies":[{"embeddable":true,"href":"https:\/\/abrelivros.org.br\/site\/wp-json\/wp\/v2\/comments?post=2319"}],"version-history":[{"count":0,"href":"https:\/\/abrelivros.org.br\/site\/wp-json\/wp\/v2\/posts\/2319\/revisions"}],"wp:attachment":[{"href":"https:\/\/abrelivros.org.br\/site\/wp-json\/wp\/v2\/media?parent=2319"}],"wp:term":[{"taxonomy":"category","embeddable":true,"href":"https:\/\/abrelivros.org.br\/site\/wp-json\/wp\/v2\/categories?post=2319"},{"taxonomy":"post_tag","embeddable":true,"href":"https:\/\/abrelivros.org.br\/site\/wp-json\/wp\/v2\/tags?post=2319"}],"curies":[{"name":"wp","href":"https:\/\/api.w.org\/{rel}","templated":true}]}}