{"id":2318,"date":"2008-07-29T11:54:00","date_gmt":"2008-07-29T14:54:00","guid":{"rendered":"https:\/\/abrelivros.org.br\/site\/2008\/07\/29\/literatura-na-escola\/"},"modified":"2008-07-29T11:54:00","modified_gmt":"2008-07-29T14:54:00","slug":"literatura-na-escola","status":"publish","type":"post","link":"https:\/\/abrelivros.org.br\/site\/literatura-na-escola\/","title":{"rendered":"Literatura na escola"},"content":{"rendered":"<p><B>Literatura na escola I\u00a0<br \/> \u00a0<br \/><\/B> Na \u00faltima semana, entre os dias 24 e 25 de julho, t\u00e9cnicos dos minist\u00e9rios da Educa\u00e7\u00e3o (MEC) e da Cultura (MinC), pesquisadores, escritores, professores e bibliotec\u00e1rios estiveram reunidos para discutir a forma\u00e7\u00e3o de leitores na educa\u00e7\u00e3o b\u00e1sica e o papel da literatura na escola durante o F\u00f3rum Literatura na Escola \u2013 Biblioteca Escolar e Media\u00e7\u00e3o da Leitura. \u00a0<br \/> \u00a0<br \/> Segundo reportagem publicada no <a href=\"http:\/\/www.cultura.gov.br\/site\/2008\/07\/25\/literatura-na-escola\/\" target=\"_blank\" rel=\"noopener noreferrer\">site do MinC<\/a>, o secret\u00e1rio executivo do PNLL, Jos\u00e9 Castilho Marques Neto, falou sobre a import\u00e2ncia das bibliotecas escolares no processo de democratiza\u00e7\u00e3o do acesso \u00e0 leitura e da necessidade da forma\u00e7\u00e3o de mediadores de leitura. J\u00e1 o coordenador-geral de Livro e Leitura do MinC, J\u00e9ferson Assum\u00e7\u00e3o, ressaltou que, al\u00e9m da dimens\u00e3o funcional, \u00e9 necess\u00e1ria a forma\u00e7\u00e3o de um leitor cr\u00edtico. E o <a href=\"http:\/\/portal.mec.gov.br\/index.php?option=com_content&#038;task=view&#038;id=10940\" target=\"_blank\" rel=\"noopener noreferrer\">site do MEC<\/a> registra que a coordenadora das Jornadas Liter\u00e1rias de Passo Fundo (RS), T\u00e2nia R\u00f6sing, prop\u00f4s mudan\u00e7as imediatas nos curr\u00edculos de forma\u00e7\u00e3o dos bibliotec\u00e1rios e a forma\u00e7\u00e3o inicial e continuada dos professores em leitura. \u00a0<br \/>  \u00a0<br \/> \u00a0<br \/> \u00a0<br \/><B> Literatura na escola II\u00a0<br \/> \u00a0<br \/><\/B> As recomenda\u00e7\u00f5es dos participantes do F\u00f3rum Literatura na Escola \u2013 Biblioteca Escolar e Media\u00e7\u00e3o da Leitura foram sintetizadas em tr\u00eas pontos. No primeiro, pede-se que se inicie um amplo debate visando \u00e0 reintrodu\u00e7\u00e3o da literatura nas diretrizes curriculares e que a biblioteca seja considerada um recurso de aprendizagem central no processo escolar. \u00a0<br \/> \u00a0<br \/> Tamb\u00e9m foi proposta a cria\u00e7\u00e3o de um guia sobre o assunto, dirigido a professores, educadores, editores, imprensa especializada, bibliotec\u00e1rios, autores e p\u00fablico em geral. O terceiro ponto trabalha a id\u00e9ia de que a biblioteca escolar seja compreendida como espa\u00e7o destinado aos diferentes n\u00edveis de escolaridade. <a href=\"http:\/\/www.vivaleitura.com.br\/pnll2\/noticias_show.asp?id=291\" target=\"_blank\" rel=\"noopener noreferrer\">Clique aqui<\/a> e leia o texto completo.\u00a0<br \/>  \u00a0<\/p>\n","protected":false},"excerpt":{"rendered":"<p>Literatura na escola I\u00a0 \u00a0 Na \u00faltima semana, entre os dias 24 e 25 de julho, t\u00e9cnicos dos minist\u00e9rios da Educa\u00e7\u00e3o (MEC) e da Cultura (MinC), pesquisadores, escritores, professores e bibliotec\u00e1rios estiveram reunidos para discutir a forma\u00e7\u00e3o de leitores na educa\u00e7\u00e3o b\u00e1sica e o papel da literatura na escola durante o F\u00f3rum Literatura na Escola [&hellip;]<\/p>\n","protected":false},"author":1,"featured_media":0,"comment_status":"closed","ping_status":"closed","sticky":false,"template":"","format":"standard","meta":{"footnotes":"","_links_to":"","_links_to_target":""},"categories":[9],"tags":[],"class_list":["post-2318","post","type-post","status-publish","format-standard","hentry","category-noticias-da-imprensa"],"yoast_head":"<!-- This site is optimized with the Yoast SEO plugin v15.1 - https:\/\/yoast.com\/wordpress\/plugins\/seo\/ -->\n<title>Literatura na escola &raquo; Abrelivros<\/title>\n<meta name=\"robots\" content=\"index, follow, max-snippet:-1, max-image-preview:large, max-video-preview:-1\" \/>\n<link rel=\"canonical\" href=\"https:\/\/abrelivros.org.br\/site\/literatura-na-escola\/\" \/>\n<meta property=\"og:locale\" content=\"pt_BR\" \/>\n<meta property=\"og:type\" content=\"article\" \/>\n<meta property=\"og:title\" content=\"Literatura na escola &raquo; Abrelivros\" \/>\n<meta property=\"og:description\" content=\"Literatura na escola I\u00a0 \u00a0 Na \u00faltima semana, entre os dias 24 e 25 de julho, t\u00e9cnicos dos minist\u00e9rios da Educa\u00e7\u00e3o (MEC) e da Cultura (MinC), pesquisadores, escritores, professores e bibliotec\u00e1rios estiveram reunidos para discutir a forma\u00e7\u00e3o de leitores na educa\u00e7\u00e3o b\u00e1sica e o papel da literatura na escola durante o F\u00f3rum Literatura na Escola [&hellip;]\" \/>\n<meta property=\"og:url\" content=\"https:\/\/abrelivros.org.br\/site\/literatura-na-escola\/\" \/>\n<meta property=\"og:site_name\" content=\"Abrelivros\" \/>\n<meta property=\"article:published_time\" content=\"2008-07-29T14:54:00+00:00\" \/>\n<meta name=\"twitter:card\" content=\"summary_large_image\" \/>\n<script type=\"application\/ld+json\" class=\"yoast-schema-graph\">{\"@context\":\"https:\/\/schema.org\",\"@graph\":[{\"@type\":\"WebSite\",\"@id\":\"https:\/\/abrelivros.org.br\/site\/#website\",\"url\":\"https:\/\/abrelivros.org.br\/site\/\",\"name\":\"Abrelivros\",\"description\":\"\",\"potentialAction\":[{\"@type\":\"SearchAction\",\"target\":\"https:\/\/abrelivros.org.br\/site\/?s={search_term_string}\",\"query-input\":\"required name=search_term_string\"}],\"inLanguage\":\"pt-BR\"},{\"@type\":\"WebPage\",\"@id\":\"https:\/\/abrelivros.org.br\/site\/literatura-na-escola\/#webpage\",\"url\":\"https:\/\/abrelivros.org.br\/site\/literatura-na-escola\/\",\"name\":\"Literatura na escola &raquo; Abrelivros\",\"isPartOf\":{\"@id\":\"https:\/\/abrelivros.org.br\/site\/#website\"},\"datePublished\":\"2008-07-29T14:54:00+00:00\",\"dateModified\":\"2008-07-29T14:54:00+00:00\",\"author\":{\"@id\":\"https:\/\/abrelivros.org.br\/site\/#\/schema\/person\/2b867f13a717bb230f1a3555505f5593\"},\"breadcrumb\":{\"@id\":\"https:\/\/abrelivros.org.br\/site\/literatura-na-escola\/#breadcrumb\"},\"inLanguage\":\"pt-BR\",\"potentialAction\":[{\"@type\":\"ReadAction\",\"target\":[\"https:\/\/abrelivros.org.br\/site\/literatura-na-escola\/\"]}]},{\"@type\":\"BreadcrumbList\",\"@id\":\"https:\/\/abrelivros.org.br\/site\/literatura-na-escola\/#breadcrumb\",\"itemListElement\":[{\"@type\":\"ListItem\",\"position\":1,\"item\":{\"@type\":\"WebPage\",\"@id\":\"https:\/\/abrelivros.org.br\/site\/\",\"url\":\"https:\/\/abrelivros.org.br\/site\/\",\"name\":\"In\\u00edcio\"}},{\"@type\":\"ListItem\",\"position\":2,\"item\":{\"@type\":\"WebPage\",\"@id\":\"https:\/\/abrelivros.org.br\/site\/category\/noticias\/\",\"url\":\"https:\/\/abrelivros.org.br\/site\/category\/noticias\/\",\"name\":\"Not\\u00edcias\"}},{\"@type\":\"ListItem\",\"position\":3,\"item\":{\"@type\":\"WebPage\",\"@id\":\"https:\/\/abrelivros.org.br\/site\/category\/noticias\/noticias-da-imprensa\/\",\"url\":\"https:\/\/abrelivros.org.br\/site\/category\/noticias\/noticias-da-imprensa\/\",\"name\":\"Not\\u00edcias da imprensa\"}},{\"@type\":\"ListItem\",\"position\":4,\"item\":{\"@type\":\"WebPage\",\"@id\":\"https:\/\/abrelivros.org.br\/site\/literatura-na-escola\/\",\"url\":\"https:\/\/abrelivros.org.br\/site\/literatura-na-escola\/\",\"name\":\"Literatura na escola\"}}]},{\"@type\":\"Person\",\"@id\":\"https:\/\/abrelivros.org.br\/site\/#\/schema\/person\/2b867f13a717bb230f1a3555505f5593\",\"name\":\"\\u00a0\",\"image\":{\"@type\":\"ImageObject\",\"@id\":\"https:\/\/abrelivros.org.br\/site\/#personlogo\",\"inLanguage\":\"pt-BR\",\"url\":\"https:\/\/secure.gravatar.com\/avatar\/e80b7f5231be2fff5040a8023da424898002831c5439420df182ae62676d2a6f?s=96&d=mm&r=g\",\"caption\":\"\\u00a0\"}}]}<\/script>\n<!-- \/ Yoast SEO plugin. -->","_links":{"self":[{"href":"https:\/\/abrelivros.org.br\/site\/wp-json\/wp\/v2\/posts\/2318","targetHints":{"allow":["GET"]}}],"collection":[{"href":"https:\/\/abrelivros.org.br\/site\/wp-json\/wp\/v2\/posts"}],"about":[{"href":"https:\/\/abrelivros.org.br\/site\/wp-json\/wp\/v2\/types\/post"}],"author":[{"embeddable":true,"href":"https:\/\/abrelivros.org.br\/site\/wp-json\/wp\/v2\/users\/1"}],"replies":[{"embeddable":true,"href":"https:\/\/abrelivros.org.br\/site\/wp-json\/wp\/v2\/comments?post=2318"}],"version-history":[{"count":0,"href":"https:\/\/abrelivros.org.br\/site\/wp-json\/wp\/v2\/posts\/2318\/revisions"}],"wp:attachment":[{"href":"https:\/\/abrelivros.org.br\/site\/wp-json\/wp\/v2\/media?parent=2318"}],"wp:term":[{"taxonomy":"category","embeddable":true,"href":"https:\/\/abrelivros.org.br\/site\/wp-json\/wp\/v2\/categories?post=2318"},{"taxonomy":"post_tag","embeddable":true,"href":"https:\/\/abrelivros.org.br\/site\/wp-json\/wp\/v2\/tags?post=2318"}],"curies":[{"name":"wp","href":"https:\/\/api.w.org\/{rel}","templated":true}]}}