{"id":2317,"date":"2008-07-30T16:11:00","date_gmt":"2008-07-30T19:11:00","guid":{"rendered":"https:\/\/abrelivros.org.br\/site\/2008\/07\/30\/lula-critica-letrados-que-nao-investiram-em-politicas-de-alfabetizacao\/"},"modified":"2008-07-30T16:11:00","modified_gmt":"2008-07-30T19:11:00","slug":"lula-critica-letrados-que-nao-investiram-em-politicas-de-alfabetizacao","status":"publish","type":"post","link":"https:\/\/abrelivros.org.br\/site\/lula-critica-letrados-que-nao-investiram-em-politicas-de-alfabetizacao\/","title":{"rendered":"Lula critica \u201dletrados\u201d que n\u00e3o investiram em pol\u00edticas de alfabetiza\u00e7\u00e3o"},"content":{"rendered":"<p>O presidente Luiz In\u00e1cio Lula da Silva condicionou nesta ter\u00e7a-feira a aus\u00eancia de pol\u00edticas de alfabetiza\u00e7\u00e3o no Brasil ao um \u201cjeito de ver o pa\u00eds\u201c. Para Lula, isso deu-se por neglig\u00eancia de governantes anteriores que n\u00e3o teriam investido na erradica\u00e7\u00e3o do problema no pa\u00eds. &nbsp;<br \/> &nbsp;<br \/> \u201cUm grande pa\u00eds que h\u00e1 muito tempo j\u00e1 poderia ter sido constru\u00eddo n\u00e3o fosse a falta de vis\u00e3o de muitos dos nossos governantes\u201c, disse Lula durante discurso da cerim\u00f4nia de formatura de alunos do programa \u201cTodos pela alfabetiza\u00e7\u00e3o\u201c, em Salvador (BA). &nbsp;<br \/> &nbsp;<br \/> \u201cTudo isso poderia ter sido resolvido h\u00e1 40 anos, 50 anos, 60 anos&#8230; Afinal de contas esse pa\u00eds foi governado por muita gente letrada. O primeiro que n\u00e3o tem diploma universit\u00e1rio sou eu. Todos foram doutores que governaram esse pa\u00eds. Em uma demonstra\u00e7\u00e3o de que n\u00e3o era ignor\u00e2ncia n\u00e3o, era o jeito de ver o pa\u00eds: \u2019Tem uma parte da sociedade que n\u00e3o sabe ler mesmo, ent\u00e3o deixa para l\u00e1\u2019\u201c, afirmou Lula. &nbsp;<br \/> &nbsp;<br \/> Lula disse ainda que a a\u00e7\u00f5es limitavam-se \u00e0s crian\u00e7as. \u201cPara qu\u00ea alfabetizar adultos? Vamos tentar alfabetizar s\u00f3 as crian\u00e7as\u201c. Como se as pessoas que n\u00e3o tiveram oportunidade e est\u00e3o com vinte, trinta, quarenta anos fossem obrigadas a ficar segregadas na ignor\u00e2ncia porque o estado achava que elas n\u00e3o tinham mais jeito.\u201c &nbsp;<br \/> &nbsp;<br \/> O presidente afirmou ainda que encontrou funcion\u00e1rios analfabetos tanto no Pal\u00e1cio do Planalto e como na Granja do Torto, quando assumiu a Presid\u00eancia. &nbsp;<br \/> &nbsp;<br \/> O programa \u201cTodos pela alfabetiza\u00e7\u00e3o\u201c conta recursos do Minist\u00e9rio da Educa\u00e7\u00e3o e do governo da Bahia. Concentra-se em jovens a partir de 15 anos, adultos e idosos. &nbsp;<\/p>\n","protected":false},"excerpt":{"rendered":"<p>O presidente Luiz In\u00e1cio Lula da Silva condicionou nesta ter\u00e7a-feira a aus\u00eancia de pol\u00edticas de alfabetiza\u00e7\u00e3o no Brasil ao um \u201cjeito de ver o pa\u00eds\u201c. Para Lula, isso deu-se por neglig\u00eancia de governantes anteriores que n\u00e3o teriam investido na erradica\u00e7\u00e3o do problema no pa\u00eds. &nbsp; &nbsp; \u201cUm grande pa\u00eds que h\u00e1 muito tempo j\u00e1 poderia [&hellip;]<\/p>\n","protected":false},"author":1,"featured_media":0,"comment_status":"closed","ping_status":"closed","sticky":false,"template":"","format":"standard","meta":{"footnotes":"","_links_to":"","_links_to_target":""},"categories":[9],"tags":[],"class_list":["post-2317","post","type-post","status-publish","format-standard","hentry","category-noticias-da-imprensa"],"yoast_head":"<!-- This site is optimized with the Yoast SEO plugin v15.1 - https:\/\/yoast.com\/wordpress\/plugins\/seo\/ -->\n<title>Lula critica \u201dletrados\u201d que n\u00e3o investiram em pol\u00edticas de alfabetiza\u00e7\u00e3o &raquo; Abrelivros<\/title>\n<meta name=\"robots\" content=\"index, follow, max-snippet:-1, max-image-preview:large, max-video-preview:-1\" \/>\n<link rel=\"canonical\" href=\"https:\/\/abrelivros.org.br\/site\/lula-critica-letrados-que-nao-investiram-em-politicas-de-alfabetizacao\/\" \/>\n<meta property=\"og:locale\" content=\"pt_BR\" \/>\n<meta property=\"og:type\" content=\"article\" \/>\n<meta property=\"og:title\" content=\"Lula critica \u201dletrados\u201d que n\u00e3o investiram em pol\u00edticas de alfabetiza\u00e7\u00e3o &raquo; Abrelivros\" \/>\n<meta property=\"og:description\" content=\"O presidente Luiz In\u00e1cio Lula da Silva condicionou nesta ter\u00e7a-feira a aus\u00eancia de pol\u00edticas de alfabetiza\u00e7\u00e3o no Brasil ao um \u201cjeito de ver o pa\u00eds\u201c. Para Lula, isso deu-se por neglig\u00eancia de governantes anteriores que n\u00e3o teriam investido na erradica\u00e7\u00e3o do problema no pa\u00eds. &nbsp; &nbsp; \u201cUm grande pa\u00eds que h\u00e1 muito tempo j\u00e1 poderia [&hellip;]\" \/>\n<meta property=\"og:url\" content=\"https:\/\/abrelivros.org.br\/site\/lula-critica-letrados-que-nao-investiram-em-politicas-de-alfabetizacao\/\" \/>\n<meta property=\"og:site_name\" content=\"Abrelivros\" \/>\n<meta property=\"article:published_time\" content=\"2008-07-30T19:11:00+00:00\" \/>\n<meta name=\"twitter:card\" content=\"summary_large_image\" \/>\n<script type=\"application\/ld+json\" class=\"yoast-schema-graph\">{\"@context\":\"https:\/\/schema.org\",\"@graph\":[{\"@type\":\"WebSite\",\"@id\":\"https:\/\/abrelivros.org.br\/site\/#website\",\"url\":\"https:\/\/abrelivros.org.br\/site\/\",\"name\":\"Abrelivros\",\"description\":\"\",\"potentialAction\":[{\"@type\":\"SearchAction\",\"target\":\"https:\/\/abrelivros.org.br\/site\/?s={search_term_string}\",\"query-input\":\"required name=search_term_string\"}],\"inLanguage\":\"pt-BR\"},{\"@type\":\"WebPage\",\"@id\":\"https:\/\/abrelivros.org.br\/site\/lula-critica-letrados-que-nao-investiram-em-politicas-de-alfabetizacao\/#webpage\",\"url\":\"https:\/\/abrelivros.org.br\/site\/lula-critica-letrados-que-nao-investiram-em-politicas-de-alfabetizacao\/\",\"name\":\"Lula critica \\u201dletrados\\u201d que n\\u00e3o investiram em pol\\u00edticas de alfabetiza\\u00e7\\u00e3o &raquo; Abrelivros\",\"isPartOf\":{\"@id\":\"https:\/\/abrelivros.org.br\/site\/#website\"},\"datePublished\":\"2008-07-30T19:11:00+00:00\",\"dateModified\":\"2008-07-30T19:11:00+00:00\",\"author\":{\"@id\":\"https:\/\/abrelivros.org.br\/site\/#\/schema\/person\/2b867f13a717bb230f1a3555505f5593\"},\"breadcrumb\":{\"@id\":\"https:\/\/abrelivros.org.br\/site\/lula-critica-letrados-que-nao-investiram-em-politicas-de-alfabetizacao\/#breadcrumb\"},\"inLanguage\":\"pt-BR\",\"potentialAction\":[{\"@type\":\"ReadAction\",\"target\":[\"https:\/\/abrelivros.org.br\/site\/lula-critica-letrados-que-nao-investiram-em-politicas-de-alfabetizacao\/\"]}]},{\"@type\":\"BreadcrumbList\",\"@id\":\"https:\/\/abrelivros.org.br\/site\/lula-critica-letrados-que-nao-investiram-em-politicas-de-alfabetizacao\/#breadcrumb\",\"itemListElement\":[{\"@type\":\"ListItem\",\"position\":1,\"item\":{\"@type\":\"WebPage\",\"@id\":\"https:\/\/abrelivros.org.br\/site\/\",\"url\":\"https:\/\/abrelivros.org.br\/site\/\",\"name\":\"In\\u00edcio\"}},{\"@type\":\"ListItem\",\"position\":2,\"item\":{\"@type\":\"WebPage\",\"@id\":\"https:\/\/abrelivros.org.br\/site\/category\/noticias\/\",\"url\":\"https:\/\/abrelivros.org.br\/site\/category\/noticias\/\",\"name\":\"Not\\u00edcias\"}},{\"@type\":\"ListItem\",\"position\":3,\"item\":{\"@type\":\"WebPage\",\"@id\":\"https:\/\/abrelivros.org.br\/site\/category\/noticias\/noticias-da-imprensa\/\",\"url\":\"https:\/\/abrelivros.org.br\/site\/category\/noticias\/noticias-da-imprensa\/\",\"name\":\"Not\\u00edcias da imprensa\"}},{\"@type\":\"ListItem\",\"position\":4,\"item\":{\"@type\":\"WebPage\",\"@id\":\"https:\/\/abrelivros.org.br\/site\/lula-critica-letrados-que-nao-investiram-em-politicas-de-alfabetizacao\/\",\"url\":\"https:\/\/abrelivros.org.br\/site\/lula-critica-letrados-que-nao-investiram-em-politicas-de-alfabetizacao\/\",\"name\":\"Lula critica \\u201dletrados\\u201d que n\\u00e3o investiram em pol\\u00edticas de alfabetiza\\u00e7\\u00e3o\"}}]},{\"@type\":\"Person\",\"@id\":\"https:\/\/abrelivros.org.br\/site\/#\/schema\/person\/2b867f13a717bb230f1a3555505f5593\",\"name\":\"\\u00a0\",\"image\":{\"@type\":\"ImageObject\",\"@id\":\"https:\/\/abrelivros.org.br\/site\/#personlogo\",\"inLanguage\":\"pt-BR\",\"url\":\"https:\/\/secure.gravatar.com\/avatar\/e80b7f5231be2fff5040a8023da424898002831c5439420df182ae62676d2a6f?s=96&d=mm&r=g\",\"caption\":\"\\u00a0\"}}]}<\/script>\n<!-- \/ Yoast SEO plugin. -->","_links":{"self":[{"href":"https:\/\/abrelivros.org.br\/site\/wp-json\/wp\/v2\/posts\/2317","targetHints":{"allow":["GET"]}}],"collection":[{"href":"https:\/\/abrelivros.org.br\/site\/wp-json\/wp\/v2\/posts"}],"about":[{"href":"https:\/\/abrelivros.org.br\/site\/wp-json\/wp\/v2\/types\/post"}],"author":[{"embeddable":true,"href":"https:\/\/abrelivros.org.br\/site\/wp-json\/wp\/v2\/users\/1"}],"replies":[{"embeddable":true,"href":"https:\/\/abrelivros.org.br\/site\/wp-json\/wp\/v2\/comments?post=2317"}],"version-history":[{"count":0,"href":"https:\/\/abrelivros.org.br\/site\/wp-json\/wp\/v2\/posts\/2317\/revisions"}],"wp:attachment":[{"href":"https:\/\/abrelivros.org.br\/site\/wp-json\/wp\/v2\/media?parent=2317"}],"wp:term":[{"taxonomy":"category","embeddable":true,"href":"https:\/\/abrelivros.org.br\/site\/wp-json\/wp\/v2\/categories?post=2317"},{"taxonomy":"post_tag","embeddable":true,"href":"https:\/\/abrelivros.org.br\/site\/wp-json\/wp\/v2\/tags?post=2317"}],"curies":[{"name":"wp","href":"https:\/\/api.w.org\/{rel}","templated":true}]}}