{"id":2316,"date":"2008-07-31T14:48:00","date_gmt":"2008-07-31T17:48:00","guid":{"rendered":"https:\/\/abrelivros.org.br\/site\/2008\/07\/31\/um-pais-cada-vez-mais-digital\/"},"modified":"2008-07-31T14:48:00","modified_gmt":"2008-07-31T17:48:00","slug":"um-pais-cada-vez-mais-digital","status":"publish","type":"post","link":"https:\/\/abrelivros.org.br\/site\/um-pais-cada-vez-mais-digital\/","title":{"rendered":"Um pa\u00eds cada vez mais digital"},"content":{"rendered":"<p>O n\u00famero de brasileiros que acessam a internet cresceu seis pontos percentuais em rela\u00e7\u00e3o a 2006, chegando a 34% em 2007. Dos domic\u00edlios no pa\u00eds, 24% j\u00e1 contam com computador.\u00a0<br \/> \u00a0<br \/> Os dados s\u00e3o da Pesquisa sobre o Uso das Tecnologias da Informa\u00e7\u00e3o e da Comunica\u00e7\u00e3o no Brasil 2007, publicada pelo Centro de Estudos sobre as Tecnologias da Informa\u00e7\u00e3o e da Comunica\u00e7\u00e3o (Cetic.br) do Comit\u00ea Gestor da Internet no Brasil (CGI.br).\u00a0<br \/> \u00a0<br \/> Iniciada em 2005, a nova edi\u00e7\u00e3o da pesquisa apontou pela primeira vez que mais da metade (53%) da popula\u00e7\u00e3o consultada disse ter usado computador, dos quais 40% nos \u00faltimos tr\u00eas meses. Foram feitas entrevistas em 17 mil domic\u00edlios em zonas urbanas, com pessoas a partir de 10 anos de idade.\u00a0<br \/> \u00a0<br \/> O crescimento mais expressivo da aquisi\u00e7\u00e3o de computadores ocorreu em domic\u00edlios com renda entre tr\u00eas e cinco sal\u00e1rios m\u00ednimos, nos quais a penetra\u00e7\u00e3o passou de 23% para 40% no per\u00edodo. A propor\u00e7\u00e3o de domic\u00edlios com computador aumentou em todas as regi\u00f5es do pa\u00eds.\u00a0<br \/> \u00a0<br \/> Mais da metade dos domic\u00edlios com acesso \u00e0 internet t\u00eam banda larga, um aumento de 10 pontos percentuais em rela\u00e7\u00e3o ao ano anterior. Mas 42% ainda t\u00eam acesso discado. Das casas com acesso r\u00e1pido, em 12% a conex\u00e3o \u00e9 usada por mais de um computador.\u00a0<br \/> \u00a0<br \/> A pesquisa tamb\u00e9m ressalta o expressivo crescimento no uso de centros de acesso pago, como as lan houses ou internet caf\u00e9s, que pulou de 30% em 2006 para 49% no ano seguinte. Quanto menor a renda da popula\u00e7\u00e3o, maior \u00e9 a utiliza\u00e7\u00e3o desses espa\u00e7os. Dos usu\u00e1rios de internet com renda de at\u00e9 um sal\u00e1rio m\u00ednimo, 78% disseram utilizar a rede por meio desses centros de acesso pago. O acesso no trabalho foi apontado por 24% dos entrevistados.\u00a0<br \/> \u00a0<br \/> \u201cSe por um lado, a aus\u00eancia do computador em casa n\u00e3o impede o uso das tecnologias da informa\u00e7\u00e3o, tamb\u00e9m \u00e9 evidente que a disponibilidade do computador no domic\u00edlio pode influenciar a freq\u00fc\u00eancia e a intensidade de seu uso\u201d, apontou Rog\u00e9rio Santanna dos Santos, secret\u00e1rio de Log\u00edstica e Tecnologia da Informa\u00e7\u00e3o do Minist\u00e9rio do Planejamento e conselheiro do CGI.br, em artigo no relat\u00f3rio.\u00a0<br \/> \u00a0<br \/> O secret\u00e1rio destacou o programa Banda Larga nas Escolas, lan\u00e7ado em abril e que pretende oferecer, at\u00e9 o fim de 2010, acesso r\u00e1pido \u00e0 internet a todos os alunos das escolas p\u00fablicas do ensino fundamental e m\u00e9dio situadas na \u00e1rea urbana das cinco regi\u00f5es do Brasil.\u00a0<br \/> \u00a0<br \/> A publica\u00e7\u00e3o do Cetic.br destaca tamb\u00e9m o elevado uso das tecnologias de informa\u00e7\u00e3o pelo setor privado brasileiro, especialmente entre empresas de grande porte, das quais 95% t\u00eam computadores e 92% t\u00eam acesso \u00e0 internet. Destaque para o crescimento das redes sem fio nas empresas, que passou de 18% em 2006 para 28% no ano seguinte. O n\u00famero de companhias que usou a internet para aquisi\u00e7\u00e3o de bens e servi\u00e7os chegou a 64%.\u00a0<br \/> \u00a0<br \/> Dos entrevistados, 66% disseram ter usado telefone celular nos tr\u00eas meses anteriores. O uso foi alto em todas as faixas de renda, com 48% entre os que ganham menos de R$ 380 por m\u00eas e 84% entre os acima de R$ 3,8 mil.\u00a0<br \/> \u00a0<br \/> A Pesquisa sobre o Uso das Tecnologias da Informa\u00e7\u00e3o e da Comunica\u00e7\u00e3o no Brasil 2007 pode ser baixada em formato pdf no endere\u00e7o <a href=\"http:\/\/www.cetic.br\/tic\/2007\/indicadores-cgibr-2007.pdf\" target=\"_blank\" rel=\"noopener noreferrer\">www.cetic.br\/tic\/2007\/indicadores-cgibr-2007.pdf<\/a>. \u00a0<br \/> \u00a0<\/p>\n<p><\/p>\n","protected":false},"excerpt":{"rendered":"<p>O n\u00famero de brasileiros que acessam a internet cresceu seis pontos percentuais em rela\u00e7\u00e3o a 2006, chegando a 34% em 2007. Dos domic\u00edlios no pa\u00eds, 24% j\u00e1 contam com computador.\u00a0 \u00a0 Os dados s\u00e3o da Pesquisa sobre o Uso das Tecnologias da Informa\u00e7\u00e3o e da Comunica\u00e7\u00e3o no Brasil 2007, publicada pelo Centro de Estudos sobre [&hellip;]<\/p>\n","protected":false},"author":1,"featured_media":0,"comment_status":"closed","ping_status":"closed","sticky":false,"template":"","format":"standard","meta":{"footnotes":"","_links_to":"","_links_to_target":""},"categories":[9],"tags":[],"class_list":["post-2316","post","type-post","status-publish","format-standard","hentry","category-noticias-da-imprensa"],"yoast_head":"<!-- This site is optimized with the Yoast SEO plugin v15.1 - https:\/\/yoast.com\/wordpress\/plugins\/seo\/ -->\n<title>Um pa\u00eds cada vez mais digital &raquo; Abrelivros<\/title>\n<meta name=\"robots\" content=\"index, follow, max-snippet:-1, max-image-preview:large, max-video-preview:-1\" \/>\n<link rel=\"canonical\" href=\"https:\/\/abrelivros.org.br\/site\/um-pais-cada-vez-mais-digital\/\" \/>\n<meta property=\"og:locale\" content=\"pt_BR\" \/>\n<meta property=\"og:type\" content=\"article\" \/>\n<meta property=\"og:title\" content=\"Um pa\u00eds cada vez mais digital &raquo; Abrelivros\" \/>\n<meta property=\"og:description\" content=\"O n\u00famero de brasileiros que acessam a internet cresceu seis pontos percentuais em rela\u00e7\u00e3o a 2006, chegando a 34% em 2007. Dos domic\u00edlios no pa\u00eds, 24% j\u00e1 contam com computador.\u00a0 \u00a0 Os dados s\u00e3o da Pesquisa sobre o Uso das Tecnologias da Informa\u00e7\u00e3o e da Comunica\u00e7\u00e3o no Brasil 2007, publicada pelo Centro de Estudos sobre [&hellip;]\" \/>\n<meta property=\"og:url\" content=\"https:\/\/abrelivros.org.br\/site\/um-pais-cada-vez-mais-digital\/\" \/>\n<meta property=\"og:site_name\" content=\"Abrelivros\" \/>\n<meta property=\"article:published_time\" content=\"2008-07-31T17:48:00+00:00\" \/>\n<meta name=\"twitter:card\" content=\"summary_large_image\" \/>\n<script type=\"application\/ld+json\" class=\"yoast-schema-graph\">{\"@context\":\"https:\/\/schema.org\",\"@graph\":[{\"@type\":\"WebSite\",\"@id\":\"https:\/\/abrelivros.org.br\/site\/#website\",\"url\":\"https:\/\/abrelivros.org.br\/site\/\",\"name\":\"Abrelivros\",\"description\":\"\",\"potentialAction\":[{\"@type\":\"SearchAction\",\"target\":\"https:\/\/abrelivros.org.br\/site\/?s={search_term_string}\",\"query-input\":\"required name=search_term_string\"}],\"inLanguage\":\"pt-BR\"},{\"@type\":\"WebPage\",\"@id\":\"https:\/\/abrelivros.org.br\/site\/um-pais-cada-vez-mais-digital\/#webpage\",\"url\":\"https:\/\/abrelivros.org.br\/site\/um-pais-cada-vez-mais-digital\/\",\"name\":\"Um pa\\u00eds cada vez mais digital &raquo; Abrelivros\",\"isPartOf\":{\"@id\":\"https:\/\/abrelivros.org.br\/site\/#website\"},\"datePublished\":\"2008-07-31T17:48:00+00:00\",\"dateModified\":\"2008-07-31T17:48:00+00:00\",\"author\":{\"@id\":\"https:\/\/abrelivros.org.br\/site\/#\/schema\/person\/2b867f13a717bb230f1a3555505f5593\"},\"breadcrumb\":{\"@id\":\"https:\/\/abrelivros.org.br\/site\/um-pais-cada-vez-mais-digital\/#breadcrumb\"},\"inLanguage\":\"pt-BR\",\"potentialAction\":[{\"@type\":\"ReadAction\",\"target\":[\"https:\/\/abrelivros.org.br\/site\/um-pais-cada-vez-mais-digital\/\"]}]},{\"@type\":\"BreadcrumbList\",\"@id\":\"https:\/\/abrelivros.org.br\/site\/um-pais-cada-vez-mais-digital\/#breadcrumb\",\"itemListElement\":[{\"@type\":\"ListItem\",\"position\":1,\"item\":{\"@type\":\"WebPage\",\"@id\":\"https:\/\/abrelivros.org.br\/site\/\",\"url\":\"https:\/\/abrelivros.org.br\/site\/\",\"name\":\"In\\u00edcio\"}},{\"@type\":\"ListItem\",\"position\":2,\"item\":{\"@type\":\"WebPage\",\"@id\":\"https:\/\/abrelivros.org.br\/site\/category\/noticias\/\",\"url\":\"https:\/\/abrelivros.org.br\/site\/category\/noticias\/\",\"name\":\"Not\\u00edcias\"}},{\"@type\":\"ListItem\",\"position\":3,\"item\":{\"@type\":\"WebPage\",\"@id\":\"https:\/\/abrelivros.org.br\/site\/category\/noticias\/noticias-da-imprensa\/\",\"url\":\"https:\/\/abrelivros.org.br\/site\/category\/noticias\/noticias-da-imprensa\/\",\"name\":\"Not\\u00edcias da imprensa\"}},{\"@type\":\"ListItem\",\"position\":4,\"item\":{\"@type\":\"WebPage\",\"@id\":\"https:\/\/abrelivros.org.br\/site\/um-pais-cada-vez-mais-digital\/\",\"url\":\"https:\/\/abrelivros.org.br\/site\/um-pais-cada-vez-mais-digital\/\",\"name\":\"Um pa\\u00eds cada vez mais digital\"}}]},{\"@type\":\"Person\",\"@id\":\"https:\/\/abrelivros.org.br\/site\/#\/schema\/person\/2b867f13a717bb230f1a3555505f5593\",\"name\":\"\\u00a0\",\"image\":{\"@type\":\"ImageObject\",\"@id\":\"https:\/\/abrelivros.org.br\/site\/#personlogo\",\"inLanguage\":\"pt-BR\",\"url\":\"https:\/\/secure.gravatar.com\/avatar\/e80b7f5231be2fff5040a8023da424898002831c5439420df182ae62676d2a6f?s=96&d=mm&r=g\",\"caption\":\"\\u00a0\"}}]}<\/script>\n<!-- \/ Yoast SEO plugin. -->","_links":{"self":[{"href":"https:\/\/abrelivros.org.br\/site\/wp-json\/wp\/v2\/posts\/2316","targetHints":{"allow":["GET"]}}],"collection":[{"href":"https:\/\/abrelivros.org.br\/site\/wp-json\/wp\/v2\/posts"}],"about":[{"href":"https:\/\/abrelivros.org.br\/site\/wp-json\/wp\/v2\/types\/post"}],"author":[{"embeddable":true,"href":"https:\/\/abrelivros.org.br\/site\/wp-json\/wp\/v2\/users\/1"}],"replies":[{"embeddable":true,"href":"https:\/\/abrelivros.org.br\/site\/wp-json\/wp\/v2\/comments?post=2316"}],"version-history":[{"count":0,"href":"https:\/\/abrelivros.org.br\/site\/wp-json\/wp\/v2\/posts\/2316\/revisions"}],"wp:attachment":[{"href":"https:\/\/abrelivros.org.br\/site\/wp-json\/wp\/v2\/media?parent=2316"}],"wp:term":[{"taxonomy":"category","embeddable":true,"href":"https:\/\/abrelivros.org.br\/site\/wp-json\/wp\/v2\/categories?post=2316"},{"taxonomy":"post_tag","embeddable":true,"href":"https:\/\/abrelivros.org.br\/site\/wp-json\/wp\/v2\/tags?post=2316"}],"curies":[{"name":"wp","href":"https:\/\/api.w.org\/{rel}","templated":true}]}}