{"id":2314,"date":"2008-08-01T11:33:00","date_gmt":"2008-08-01T14:33:00","guid":{"rendered":"https:\/\/abrelivros.org.br\/site\/2008\/08\/01\/pec-aumenta-vinculacao-de-recursos-para-a-educacao\/"},"modified":"2008-08-01T11:33:00","modified_gmt":"2008-08-01T14:33:00","slug":"pec-aumenta-vinculacao-de-recursos-para-a-educacao","status":"publish","type":"post","link":"https:\/\/abrelivros.org.br\/site\/pec-aumenta-vinculacao-de-recursos-para-a-educacao\/","title":{"rendered":"PEC aumenta vincula\u00e7\u00e3o de recursos para a Educa\u00e7\u00e3o"},"content":{"rendered":"<p>A C\u00e2mara analisa a Proposta de Emenda \u00e0 Constitui\u00e7\u00e3o (PEC) 277\/08, da senadora Ideli Salvatti (PT-SC), que aumenta os recursos or\u00e7ament\u00e1rios federais vinculados \u00e0 Educa\u00e7\u00e3o. A PEC reduz anualmente o percentual da Desvincula\u00e7\u00e3o de Receitas da Uni\u00e3o (DRU) que incide sobre os recursos destinados \u00e0 \u00e1rea. Se aprovada a proposta, em 2009 o percentual de desvincula\u00e7\u00e3o cair\u00e1 dos atuais 20% para 10% e, no ano seguinte, passar\u00e1 a ser de 5%. A partir de 2011, de acordo com a PEC, os recursos da educa\u00e7\u00e3o n\u00e3o poder\u00e3o ser desvinculados.\u00a0<br \/> \u00a0<br \/> Hoje, a DRU desvincula 20% da receita tribut\u00e1ria da Uni\u00e3o, dando ao governo federal mais liberdade para distribuir os recursos do Or\u00e7amento entre os programas que julgar priorit\u00e1rios. Segundo o governo, a DRU \u00e9 respons\u00e1vel por cerca de 60% do total dos recursos que a Uni\u00e3o tem liberdade de gastar.\u00a0<br \/> \u00a0<br \/> O governo argumenta que a estrutura or\u00e7ament\u00e1ria e fiscal brasileira se caracteriza por um volume elevado de despesas obrigat\u00f3rias (com pessoal e benef\u00edcios previdenci\u00e1rios, por exemplo) e pela vincula\u00e7\u00e3o constitucional de parcela expressiva das receitas a finalidades espec\u00edficas, como sa\u00fade e educa\u00e7\u00e3o.\u00a0<br \/> \u00a0<br \/> Com a aprova\u00e7\u00e3o da PEC, afirma Ideli, \u201ca \u00e1rea de Educa\u00e7\u00e3o passaria a trabalhar com perspectivas reais de um novo alento \u00e0s suas a\u00e7\u00f5es, al\u00e9m de estabelecer para o governo metas de um ajustamento desej\u00e1vel para um futuro em que a desvincula\u00e7\u00e3o de receitas deixe de ser necess\u00e1ria.\u201c\u00a0<br \/> \u00a0<br \/><B> Tramita\u00e7\u00e3o\u00a0<\/p>\n<p><\/B> A PEC ser\u00e1 analisada pela Comiss\u00e3o de Constitui\u00e7\u00e3o e Justi\u00e7a e de Cidadania (CCJ). Se aprovada a sua admissibilidade pela CCJ, ser\u00e1 analisada por uma comiss\u00e3o especial antes de seguir para vota\u00e7\u00e3o em Plen\u00e1rio.\u00a0<br \/> \u00a0<br \/><B> \u00cdntegra da proposta:\u00a0<br \/> <\/B>&#8211; <a href=\"http:\/\/www2.camara.gov.br\/homeagencia\/materias.html?pk=70049\" target=\"_blank\" rel=\"noopener noreferrer\">admissibilidade<\/a>\u00a0<br \/> \u00a0<\/p>\n<p><\/p>\n","protected":false},"excerpt":{"rendered":"<p>A C\u00e2mara analisa a Proposta de Emenda \u00e0 Constitui\u00e7\u00e3o (PEC) 277\/08, da senadora Ideli Salvatti (PT-SC), que aumenta os recursos or\u00e7ament\u00e1rios federais vinculados \u00e0 Educa\u00e7\u00e3o. A PEC reduz anualmente o percentual da Desvincula\u00e7\u00e3o de Receitas da Uni\u00e3o (DRU) que incide sobre os recursos destinados \u00e0 \u00e1rea. Se aprovada a proposta, em 2009 o percentual de [&hellip;]<\/p>\n","protected":false},"author":1,"featured_media":0,"comment_status":"closed","ping_status":"closed","sticky":false,"template":"","format":"standard","meta":{"footnotes":"","_links_to":"","_links_to_target":""},"categories":[9],"tags":[],"class_list":["post-2314","post","type-post","status-publish","format-standard","hentry","category-noticias-da-imprensa"],"yoast_head":"<!-- This site is optimized with the Yoast SEO plugin v15.1 - https:\/\/yoast.com\/wordpress\/plugins\/seo\/ -->\n<title>PEC aumenta vincula\u00e7\u00e3o de recursos para a Educa\u00e7\u00e3o &raquo; Abrelivros<\/title>\n<meta name=\"robots\" content=\"index, follow, max-snippet:-1, max-image-preview:large, max-video-preview:-1\" \/>\n<link rel=\"canonical\" href=\"https:\/\/abrelivros.org.br\/site\/pec-aumenta-vinculacao-de-recursos-para-a-educacao\/\" \/>\n<meta property=\"og:locale\" content=\"pt_BR\" \/>\n<meta property=\"og:type\" content=\"article\" \/>\n<meta property=\"og:title\" content=\"PEC aumenta vincula\u00e7\u00e3o de recursos para a Educa\u00e7\u00e3o &raquo; Abrelivros\" \/>\n<meta property=\"og:description\" content=\"A C\u00e2mara analisa a Proposta de Emenda \u00e0 Constitui\u00e7\u00e3o (PEC) 277\/08, da senadora Ideli Salvatti (PT-SC), que aumenta os recursos or\u00e7ament\u00e1rios federais vinculados \u00e0 Educa\u00e7\u00e3o. A PEC reduz anualmente o percentual da Desvincula\u00e7\u00e3o de Receitas da Uni\u00e3o (DRU) que incide sobre os recursos destinados \u00e0 \u00e1rea. Se aprovada a proposta, em 2009 o percentual de [&hellip;]\" \/>\n<meta property=\"og:url\" content=\"https:\/\/abrelivros.org.br\/site\/pec-aumenta-vinculacao-de-recursos-para-a-educacao\/\" \/>\n<meta property=\"og:site_name\" content=\"Abrelivros\" \/>\n<meta property=\"article:published_time\" content=\"2008-08-01T14:33:00+00:00\" \/>\n<meta name=\"twitter:card\" content=\"summary_large_image\" \/>\n<script type=\"application\/ld+json\" class=\"yoast-schema-graph\">{\"@context\":\"https:\/\/schema.org\",\"@graph\":[{\"@type\":\"WebSite\",\"@id\":\"https:\/\/abrelivros.org.br\/site\/#website\",\"url\":\"https:\/\/abrelivros.org.br\/site\/\",\"name\":\"Abrelivros\",\"description\":\"\",\"potentialAction\":[{\"@type\":\"SearchAction\",\"target\":\"https:\/\/abrelivros.org.br\/site\/?s={search_term_string}\",\"query-input\":\"required name=search_term_string\"}],\"inLanguage\":\"pt-BR\"},{\"@type\":\"WebPage\",\"@id\":\"https:\/\/abrelivros.org.br\/site\/pec-aumenta-vinculacao-de-recursos-para-a-educacao\/#webpage\",\"url\":\"https:\/\/abrelivros.org.br\/site\/pec-aumenta-vinculacao-de-recursos-para-a-educacao\/\",\"name\":\"PEC aumenta vincula\\u00e7\\u00e3o de recursos para a Educa\\u00e7\\u00e3o &raquo; Abrelivros\",\"isPartOf\":{\"@id\":\"https:\/\/abrelivros.org.br\/site\/#website\"},\"datePublished\":\"2008-08-01T14:33:00+00:00\",\"dateModified\":\"2008-08-01T14:33:00+00:00\",\"author\":{\"@id\":\"https:\/\/abrelivros.org.br\/site\/#\/schema\/person\/2b867f13a717bb230f1a3555505f5593\"},\"breadcrumb\":{\"@id\":\"https:\/\/abrelivros.org.br\/site\/pec-aumenta-vinculacao-de-recursos-para-a-educacao\/#breadcrumb\"},\"inLanguage\":\"pt-BR\",\"potentialAction\":[{\"@type\":\"ReadAction\",\"target\":[\"https:\/\/abrelivros.org.br\/site\/pec-aumenta-vinculacao-de-recursos-para-a-educacao\/\"]}]},{\"@type\":\"BreadcrumbList\",\"@id\":\"https:\/\/abrelivros.org.br\/site\/pec-aumenta-vinculacao-de-recursos-para-a-educacao\/#breadcrumb\",\"itemListElement\":[{\"@type\":\"ListItem\",\"position\":1,\"item\":{\"@type\":\"WebPage\",\"@id\":\"https:\/\/abrelivros.org.br\/site\/\",\"url\":\"https:\/\/abrelivros.org.br\/site\/\",\"name\":\"In\\u00edcio\"}},{\"@type\":\"ListItem\",\"position\":2,\"item\":{\"@type\":\"WebPage\",\"@id\":\"https:\/\/abrelivros.org.br\/site\/category\/noticias\/\",\"url\":\"https:\/\/abrelivros.org.br\/site\/category\/noticias\/\",\"name\":\"Not\\u00edcias\"}},{\"@type\":\"ListItem\",\"position\":3,\"item\":{\"@type\":\"WebPage\",\"@id\":\"https:\/\/abrelivros.org.br\/site\/category\/noticias\/noticias-da-imprensa\/\",\"url\":\"https:\/\/abrelivros.org.br\/site\/category\/noticias\/noticias-da-imprensa\/\",\"name\":\"Not\\u00edcias da imprensa\"}},{\"@type\":\"ListItem\",\"position\":4,\"item\":{\"@type\":\"WebPage\",\"@id\":\"https:\/\/abrelivros.org.br\/site\/pec-aumenta-vinculacao-de-recursos-para-a-educacao\/\",\"url\":\"https:\/\/abrelivros.org.br\/site\/pec-aumenta-vinculacao-de-recursos-para-a-educacao\/\",\"name\":\"PEC aumenta vincula\\u00e7\\u00e3o de recursos para a Educa\\u00e7\\u00e3o\"}}]},{\"@type\":\"Person\",\"@id\":\"https:\/\/abrelivros.org.br\/site\/#\/schema\/person\/2b867f13a717bb230f1a3555505f5593\",\"name\":\"\\u00a0\",\"image\":{\"@type\":\"ImageObject\",\"@id\":\"https:\/\/abrelivros.org.br\/site\/#personlogo\",\"inLanguage\":\"pt-BR\",\"url\":\"https:\/\/secure.gravatar.com\/avatar\/e80b7f5231be2fff5040a8023da424898002831c5439420df182ae62676d2a6f?s=96&d=mm&r=g\",\"caption\":\"\\u00a0\"}}]}<\/script>\n<!-- \/ Yoast SEO plugin. -->","_links":{"self":[{"href":"https:\/\/abrelivros.org.br\/site\/wp-json\/wp\/v2\/posts\/2314","targetHints":{"allow":["GET"]}}],"collection":[{"href":"https:\/\/abrelivros.org.br\/site\/wp-json\/wp\/v2\/posts"}],"about":[{"href":"https:\/\/abrelivros.org.br\/site\/wp-json\/wp\/v2\/types\/post"}],"author":[{"embeddable":true,"href":"https:\/\/abrelivros.org.br\/site\/wp-json\/wp\/v2\/users\/1"}],"replies":[{"embeddable":true,"href":"https:\/\/abrelivros.org.br\/site\/wp-json\/wp\/v2\/comments?post=2314"}],"version-history":[{"count":0,"href":"https:\/\/abrelivros.org.br\/site\/wp-json\/wp\/v2\/posts\/2314\/revisions"}],"wp:attachment":[{"href":"https:\/\/abrelivros.org.br\/site\/wp-json\/wp\/v2\/media?parent=2314"}],"wp:term":[{"taxonomy":"category","embeddable":true,"href":"https:\/\/abrelivros.org.br\/site\/wp-json\/wp\/v2\/categories?post=2314"},{"taxonomy":"post_tag","embeddable":true,"href":"https:\/\/abrelivros.org.br\/site\/wp-json\/wp\/v2\/tags?post=2314"}],"curies":[{"name":"wp","href":"https:\/\/api.w.org\/{rel}","templated":true}]}}