{"id":2312,"date":"2008-08-05T17:42:00","date_gmt":"2008-08-05T20:42:00","guid":{"rendered":"https:\/\/abrelivros.org.br\/site\/2008\/08\/05\/mercado-editorial-brasileiro-faturou-quase-r-3-bilhoes-em-2006\/"},"modified":"2008-08-05T17:42:00","modified_gmt":"2008-08-05T20:42:00","slug":"mercado-editorial-brasileiro-faturou-quase-r-3-bilhoes-em-2006","status":"publish","type":"post","link":"https:\/\/abrelivros.org.br\/site\/mercado-editorial-brasileiro-faturou-quase-r-3-bilhoes-em-2006\/","title":{"rendered":"Mercado editorial brasileiro faturou quase R$ 3 bilh\u00f5es em 2006"},"content":{"rendered":"<p>O mercado editorial brasileiro faturou R$ 2,88 bilh\u00f5es em 2006, o que representa 11,9% a mais do que em 2005. Foram vendidos 310 milh\u00f5es de exemplares, 14,85 a mais do que no ano anterior. O n\u00famero de t\u00edtulos editados em 2006 foi de 46.026, resultado que ficou 10,8% acima do de 2005. \u00a0<br \/> \u00a0<br \/> As informa\u00e7\u00f5es foram divulgadas hoje (29) pela C\u00e2mara Brasileira do Livro (CBL), durante a apresenta\u00e7\u00e3o da 20\u00aa Bienal Internacional do Livro de S\u00e3o Paulo. Segundo a CBL, existem atualmente no pa\u00eds 545 editoras ativas. A CBL divulgar\u00e1 os dados de 2007 durante a feira, que ser\u00e1 realizada de 14 a 24 de agosto em S\u00e3o Paulo. \u00a0<br \/> \u00a0<br \/> Tamb\u00e9m durante a feira, ser\u00e1 lan\u00e7ado o Livro de Todos, obra coletiva escrita durante um m\u00eas na internet por 173 colaboradores, entre autores novos e j\u00e1 conhecidos. Os textos do foram selecionados entre os mais de 300 escritos e resultaram nos 18 cap\u00edtulos do livro. A vers\u00e3o impressa ficar\u00e1 a cargo da Imprensa Oficial do Estado de S\u00e3o Paulo. \u00a0<br \/> \u00a0<br \/> \u201cTodos os autores que participaram desse processo de constru\u00e7\u00e3o do livro ser\u00e3o convidados para uma sess\u00e3o de aut\u00f3grafos\u201d, disse o diretor executivo da CBL, Eduardo Mendes. Segundo ele, os novos autores v\u00e3o crescer mercado quando houver maior procura pelo livro. \u201cOs novos autores s\u00e3o importantes, e h\u00e1 sempre uma nova gera\u00e7\u00e3o de autores interessantes chegando, e esse processo de renova\u00e7\u00e3o \u00e9 natural.\u201d \u00a0<br \/> \u00a0<br \/> Mendes destacou que a bienal \u00e9 uma oportunidade para os novos autores serem apresentados. \u201cOs perfis dos novos autores s\u00e3o os mais variados poss\u00edveis. No Livro de Todos, por exemplo, temos muitos jovens que entraram no livro e temos ainda pessoas mais velhas, como um a\u00e7ougueiro, que entrou e escreveu um peda\u00e7o do livro.\u201d\u00a0<br \/> \u00a0<br \/> Ele disse que, para quem pretende lan\u00e7ar um livro, o primeiro desejo deve ser o de colocar suas id\u00e9ias no papel. Mendes lembrou muitos dos que pensam ou j\u00e1 pensaram em escrever um livro acreditam que, para isso, seja necess\u00e1rio ter uma grande id\u00e9ia, o que nem sempre \u00e9 verdade. \u201cBasta expor seus pensamentos, fazer valer suas id\u00e9ias, se mostrar enquanto pessoa. Isso cria refer\u00eancias e, quanto mais refer\u00eancias as pessoas t\u00eam, mais elas se conhecem e conhecem o outro Se vai ser uma grande obra liter\u00e1ria, ou n\u00e3o, \u00e9 outra quest\u00e3o.\u201d\u00a0<br \/> \u00a0<br \/> Os caminhos para se publicar a obra variam. Segundo Mendes, o interessado deve buscar uma editora, ou um editor, e por meio dessa busca pode despertar o interesse para que algu\u00e9m publique seu livro. \u00a0<br \/> \u00a0<br \/> Outro caminho, j\u00e1 bem explorado pelos novos autores, \u00e9 a publica\u00e7\u00e3o independente do livro. \u201cFelizmente hoje h\u00e1 um novo processo de impress\u00e3o, a impress\u00e3o sob demanda, que faz com que pequenas tiragens tornem-se vi\u00e1veis. Ent\u00e3o hoje \u00e9 poss\u00edvel imprimir 50, 100 livros a um pre\u00e7o relativamente acess\u00edvel\u201d, afirmou o diretor da CBL. Al\u00e9m disso, o autor pode aparecer e publicar seu livro tamb\u00e9m participando de concursos, que viabilizam a publica\u00e7\u00e3o das obras. \u00a0<br \/> \u00a0<br \/> A Bienal Internacional do Livro de S\u00e3o Paulo contar\u00e1 com 350 expositores, representando mais de 900 editoras, com 4.100 lan\u00e7amentos e 210.00 t\u00edtulos expostos. Ser\u00e3o 73 estandes estrangeiros no Pavilh\u00e3o do Anhembi, onde est\u00e3o previstas 822 sess\u00f5es de aut\u00f3grafos. A organiza\u00e7\u00e3o do evento espera receber 800 mil pessoas, das quais 180 mil crian\u00e7as, que poder\u00e3o participar de diversas atividades culturais paralelas \u00e0 exposi\u00e7\u00e3o. \u00a0<br \/> \u00a0<br \/> \u201cA bienal neste ano vem com o mote da comemora\u00e7\u00e3o dos 200 anos da ind\u00fastria do livro no pa\u00eds, introduzida com a chegada da fam\u00edlia real portuguesa ao Brasil. Al\u00e9m disso, homenagear\u00e1 o Jap\u00e3o em comemora\u00e7\u00e3o ao centen\u00e1rio da imigra\u00e7\u00e3o japonesa, e lembrar\u00e1 os 100 anos do nascimento de Guimar\u00e3es Rosa e da morte de Machado de Assis\u201d, disse Eduardo Mendes. \u00a0<br \/>  \u00a0<\/p>\n","protected":false},"excerpt":{"rendered":"<p>O mercado editorial brasileiro faturou R$ 2,88 bilh\u00f5es em 2006, o que representa 11,9% a mais do que em 2005. Foram vendidos 310 milh\u00f5es de exemplares, 14,85 a mais do que no ano anterior. O n\u00famero de t\u00edtulos editados em 2006 foi de 46.026, resultado que ficou 10,8% acima do de 2005. \u00a0 \u00a0 As [&hellip;]<\/p>\n","protected":false},"author":1,"featured_media":0,"comment_status":"closed","ping_status":"closed","sticky":false,"template":"","format":"standard","meta":{"footnotes":"","_links_to":"","_links_to_target":""},"categories":[9],"tags":[],"class_list":["post-2312","post","type-post","status-publish","format-standard","hentry","category-noticias-da-imprensa"],"yoast_head":"<!-- This site is optimized with the Yoast SEO plugin v15.1 - https:\/\/yoast.com\/wordpress\/plugins\/seo\/ -->\n<title>Mercado editorial brasileiro faturou quase R$ 3 bilh\u00f5es em 2006 &raquo; Abrelivros<\/title>\n<meta name=\"robots\" content=\"index, follow, max-snippet:-1, max-image-preview:large, max-video-preview:-1\" \/>\n<link rel=\"canonical\" href=\"https:\/\/abrelivros.org.br\/site\/mercado-editorial-brasileiro-faturou-quase-r-3-bilhoes-em-2006\/\" \/>\n<meta property=\"og:locale\" content=\"pt_BR\" \/>\n<meta property=\"og:type\" content=\"article\" \/>\n<meta property=\"og:title\" content=\"Mercado editorial brasileiro faturou quase R$ 3 bilh\u00f5es em 2006 &raquo; Abrelivros\" \/>\n<meta property=\"og:description\" content=\"O mercado editorial brasileiro faturou R$ 2,88 bilh\u00f5es em 2006, o que representa 11,9% a mais do que em 2005. Foram vendidos 310 milh\u00f5es de exemplares, 14,85 a mais do que no ano anterior. O n\u00famero de t\u00edtulos editados em 2006 foi de 46.026, resultado que ficou 10,8% acima do de 2005. \u00a0 \u00a0 As [&hellip;]\" \/>\n<meta property=\"og:url\" content=\"https:\/\/abrelivros.org.br\/site\/mercado-editorial-brasileiro-faturou-quase-r-3-bilhoes-em-2006\/\" \/>\n<meta property=\"og:site_name\" content=\"Abrelivros\" \/>\n<meta property=\"article:published_time\" content=\"2008-08-05T20:42:00+00:00\" \/>\n<meta name=\"twitter:card\" content=\"summary_large_image\" \/>\n<script type=\"application\/ld+json\" class=\"yoast-schema-graph\">{\"@context\":\"https:\/\/schema.org\",\"@graph\":[{\"@type\":\"WebSite\",\"@id\":\"https:\/\/abrelivros.org.br\/site\/#website\",\"url\":\"https:\/\/abrelivros.org.br\/site\/\",\"name\":\"Abrelivros\",\"description\":\"\",\"potentialAction\":[{\"@type\":\"SearchAction\",\"target\":\"https:\/\/abrelivros.org.br\/site\/?s={search_term_string}\",\"query-input\":\"required name=search_term_string\"}],\"inLanguage\":\"pt-BR\"},{\"@type\":\"WebPage\",\"@id\":\"https:\/\/abrelivros.org.br\/site\/mercado-editorial-brasileiro-faturou-quase-r-3-bilhoes-em-2006\/#webpage\",\"url\":\"https:\/\/abrelivros.org.br\/site\/mercado-editorial-brasileiro-faturou-quase-r-3-bilhoes-em-2006\/\",\"name\":\"Mercado editorial brasileiro faturou quase R$ 3 bilh\\u00f5es em 2006 &raquo; Abrelivros\",\"isPartOf\":{\"@id\":\"https:\/\/abrelivros.org.br\/site\/#website\"},\"datePublished\":\"2008-08-05T20:42:00+00:00\",\"dateModified\":\"2008-08-05T20:42:00+00:00\",\"author\":{\"@id\":\"https:\/\/abrelivros.org.br\/site\/#\/schema\/person\/2b867f13a717bb230f1a3555505f5593\"},\"breadcrumb\":{\"@id\":\"https:\/\/abrelivros.org.br\/site\/mercado-editorial-brasileiro-faturou-quase-r-3-bilhoes-em-2006\/#breadcrumb\"},\"inLanguage\":\"pt-BR\",\"potentialAction\":[{\"@type\":\"ReadAction\",\"target\":[\"https:\/\/abrelivros.org.br\/site\/mercado-editorial-brasileiro-faturou-quase-r-3-bilhoes-em-2006\/\"]}]},{\"@type\":\"BreadcrumbList\",\"@id\":\"https:\/\/abrelivros.org.br\/site\/mercado-editorial-brasileiro-faturou-quase-r-3-bilhoes-em-2006\/#breadcrumb\",\"itemListElement\":[{\"@type\":\"ListItem\",\"position\":1,\"item\":{\"@type\":\"WebPage\",\"@id\":\"https:\/\/abrelivros.org.br\/site\/\",\"url\":\"https:\/\/abrelivros.org.br\/site\/\",\"name\":\"In\\u00edcio\"}},{\"@type\":\"ListItem\",\"position\":2,\"item\":{\"@type\":\"WebPage\",\"@id\":\"https:\/\/abrelivros.org.br\/site\/category\/noticias\/\",\"url\":\"https:\/\/abrelivros.org.br\/site\/category\/noticias\/\",\"name\":\"Not\\u00edcias\"}},{\"@type\":\"ListItem\",\"position\":3,\"item\":{\"@type\":\"WebPage\",\"@id\":\"https:\/\/abrelivros.org.br\/site\/category\/noticias\/noticias-da-imprensa\/\",\"url\":\"https:\/\/abrelivros.org.br\/site\/category\/noticias\/noticias-da-imprensa\/\",\"name\":\"Not\\u00edcias da imprensa\"}},{\"@type\":\"ListItem\",\"position\":4,\"item\":{\"@type\":\"WebPage\",\"@id\":\"https:\/\/abrelivros.org.br\/site\/mercado-editorial-brasileiro-faturou-quase-r-3-bilhoes-em-2006\/\",\"url\":\"https:\/\/abrelivros.org.br\/site\/mercado-editorial-brasileiro-faturou-quase-r-3-bilhoes-em-2006\/\",\"name\":\"Mercado editorial brasileiro faturou quase R$ 3 bilh\\u00f5es em 2006\"}}]},{\"@type\":\"Person\",\"@id\":\"https:\/\/abrelivros.org.br\/site\/#\/schema\/person\/2b867f13a717bb230f1a3555505f5593\",\"name\":\"\\u00a0\",\"image\":{\"@type\":\"ImageObject\",\"@id\":\"https:\/\/abrelivros.org.br\/site\/#personlogo\",\"inLanguage\":\"pt-BR\",\"url\":\"https:\/\/secure.gravatar.com\/avatar\/e80b7f5231be2fff5040a8023da424898002831c5439420df182ae62676d2a6f?s=96&d=mm&r=g\",\"caption\":\"\\u00a0\"}}]}<\/script>\n<!-- \/ Yoast SEO plugin. -->","_links":{"self":[{"href":"https:\/\/abrelivros.org.br\/site\/wp-json\/wp\/v2\/posts\/2312","targetHints":{"allow":["GET"]}}],"collection":[{"href":"https:\/\/abrelivros.org.br\/site\/wp-json\/wp\/v2\/posts"}],"about":[{"href":"https:\/\/abrelivros.org.br\/site\/wp-json\/wp\/v2\/types\/post"}],"author":[{"embeddable":true,"href":"https:\/\/abrelivros.org.br\/site\/wp-json\/wp\/v2\/users\/1"}],"replies":[{"embeddable":true,"href":"https:\/\/abrelivros.org.br\/site\/wp-json\/wp\/v2\/comments?post=2312"}],"version-history":[{"count":0,"href":"https:\/\/abrelivros.org.br\/site\/wp-json\/wp\/v2\/posts\/2312\/revisions"}],"wp:attachment":[{"href":"https:\/\/abrelivros.org.br\/site\/wp-json\/wp\/v2\/media?parent=2312"}],"wp:term":[{"taxonomy":"category","embeddable":true,"href":"https:\/\/abrelivros.org.br\/site\/wp-json\/wp\/v2\/categories?post=2312"},{"taxonomy":"post_tag","embeddable":true,"href":"https:\/\/abrelivros.org.br\/site\/wp-json\/wp\/v2\/tags?post=2312"}],"curies":[{"name":"wp","href":"https:\/\/api.w.org\/{rel}","templated":true}]}}