{"id":2311,"date":"2008-08-07T15:37:00","date_gmt":"2008-08-07T18:37:00","guid":{"rendered":"https:\/\/abrelivros.org.br\/site\/2008\/08\/07\/corrupcao-no-sistema-educacional-nao-e-exclusividade-de-subdesenvolvidos\/"},"modified":"2008-08-07T15:37:00","modified_gmt":"2008-08-07T18:37:00","slug":"corrupcao-no-sistema-educacional-nao-e-exclusividade-de-subdesenvolvidos","status":"publish","type":"post","link":"https:\/\/abrelivros.org.br\/site\/corrupcao-no-sistema-educacional-nao-e-exclusividade-de-subdesenvolvidos\/","title":{"rendered":"Corrup\u00e7\u00e3o no sistema educacional n\u00e3o \u00e9 exclusividade de subdesenvolvidos"},"content":{"rendered":"<p>A corrup\u00e7\u00e3o n\u00e3o \u00e9 exclusividade dos pa\u00edses subdesenvolvidos, segundo as conclus\u00f5es do estudo Escolas corruptas, universidades corruptas: que fazer?, divulgado no Brasil pela Unesco. \u201cOs EUA, por exemplo, s\u00e3o campe\u00f5es da fraude acad\u00eamica, com compra de t\u00edtulos universit\u00e1rios at\u00e9 pela Internet. A Su\u00e9cia tem um \u00edndice significativo de falsos doutores. E na Fran\u00e7a e na It\u00e1lia n\u00e3o s\u00e3o excepcionais casos de desvios em processos de constru\u00e7\u00e3o e manuten\u00e7\u00e3o escolar\u201d, explica a pesquisadora Muriel Poisson, do Instituto Internacional de Planejamento Educacional (IIPE) da Unesco em Paris, uma das autoras do levantamento. \u00a0<br \/> \u00a0<br \/> A equipe da IIPE, em parceria com ONGs, universidades e o governo de 25 pa\u00edses recolheu dados e investigou a corrup\u00e7\u00e3o nos sistemas educacionais durante sete anos. Algumas das realidades encontradas pelos pesquisadores s\u00e3o chocantes. \u00c9 o caso de Uganda, na \u00c1frica, onde a Unesco descobriu que apenas 13% dos recursos destinados \u00e0 Educa\u00e7\u00e3o pelo governo do pa\u00eds chegavam \u00e0s salas de aula. Ainda no continente africano, na Nova Guin\u00e9, 15% dos professores registrados no sistema p\u00fablico de ensino n\u00e3o existiam. No Peru, foram identificadas fraudes nos fundos salariais da Educa\u00e7\u00e3o na ordem de 30%. \u00a0<br \/> \u00a0<br \/> Para minimizar essas realidades, o estudo prop\u00f5e tr\u00eas medidas: a cria\u00e7\u00e3o de uma legisla\u00e7\u00e3o clara de responsabilidade sobre a aplica\u00e7\u00e3o do dinheiro, capacita\u00e7\u00e3o dos gestores e a fiscaliza\u00e7\u00e3o da sociedade civil. \u201cEssas tr\u00eas medidas s\u00e3o o que chamamos do \u2018tri\u00e2ngulo virtuoso do combate \u00e0 corrup\u00e7\u00e3o\u2019. Com regras claras e que sejam de conhecimento de todos os atores do processo educacional, administradores capacitados para lidar com n\u00fameros e auditorias  \u00a0<br \/>  e que estejam submetidos ao controle e a san\u00e7\u00e3o dos governos, e uma sociedade civil informada e fortalecida para fiscalizar conseguimos minimizar bastante o dano que a corrup\u00e7\u00e3o causa nos sistemas educacionais\u201d, diz a pesquisadora da Unesco. \u00a0<br \/> \u00a0<br \/><B> Lei de responsabilidade educacional <\/B>&#8211; A divulga\u00e7\u00e3o do relat\u00f3rio da Unesco aconteceu na C\u00e2mara dos Deputados em Bras\u00edlia. Senadores, deputados e representantes da Unesco e de institui\u00e7\u00f5es ligadas \u00e0 Educa\u00e7\u00e3o discutiram as propostas do estudo e o projeto de lei da deputada e professora Raquel Teixeira, que prop\u00f5e a cria\u00e7\u00e3o de uma legisla\u00e7\u00e3o de responsabilidade fiscal sobre os recursos destinados \u00e0 Educa\u00e7\u00e3o no pa\u00eds. \u00a0<br \/> \u00a0<br \/> O texto do projeto prev\u00ea a cria\u00e7\u00e3o de puni\u00e7\u00f5es para os gestores educacionais que n\u00e3o cumprirem metas de qualidade da Educa\u00e7\u00e3o, baseadas na melhoria de resultados em exames de desempenho como Exame Nacional do Ensino M\u00e9dio (Enem), Prova Brasil ou mesmo no \u00cdndice de Desenvolvimento da Educa\u00e7\u00e3o B\u00e1sica (Ideb). Criado pelo Minist\u00e9rio da Educa\u00e7\u00e3o em 2005, o Ideb \u00e9 calculado para estados, munic\u00edpios e escolas por meio de uma combina\u00e7\u00e3o entre indicadores como evas\u00e3o escolar e o pr\u00f3prio resultado dos exames nacionais. Precisamos pensar na Educa\u00e7\u00e3o como parte de um projeto nacional de desenvolvimento. Neste sentido, uma lei de responsabilidade educacional vem para garantir a execu\u00e7\u00e3o desse projeto e assegurar que as pol\u00edticas p\u00fablicas tenham continuidade, estando, assim, certificada a aprendizagem dos alunos\u201d, explica Raquel. \u00a0<br \/> \u00a0<br \/><B> Sugest\u00f5es <\/B>&#8211; Durante o debate, o senador e ex-ministro da Educa\u00e7\u00e3o Crist\u00f3v\u00e3o Buarque fez suas sugest\u00f5es sobre o texto da  legisla\u00e7\u00e3o. \u201cA san\u00e7\u00e3o para os maus gestores deveria ser a inelegibilidade. Ou seja, aqueles que n\u00e3o souberem cuidar dos recursos da Educa\u00e7\u00e3o n\u00e3o poderiam mais ser eleitos durante um per\u00edodo de quatro a oito anos\u201d, palpitou. presidente executivo do programa Todos pela Educa\u00e7\u00e3o, Mozart Ramos, ressaltou que junto com a legisla\u00e7\u00e3o de responsabilidade \u00e9 preciso ampliar o montante de recursos para a Educa\u00e7\u00e3o. \u201cHoje investimos cerca de nove vezes menos que os EUA, sete vezes menos que a Uni\u00e3o Europ\u00e9ia e a metade do que vizinhos como a Argentina disponibilizam para a Educa\u00e7\u00e3o\u201d, criticou. \u00a0<br \/> \u00a0<br \/> J\u00e1 ministro da Educa\u00e7\u00e3o Fernando Haddad disse que a lei de responsabilidade poderia servir para garantir o cumprimento das diretrizes do Plano de Desenvolvimento da Educa\u00e7\u00e3o (PDE) implementado pelo governo federal e que conta com a ades\u00e3o dos estados e munic\u00edpios brasileiros. \u201cA inten\u00e7\u00e3o da lei n\u00e3o seria a de fazer uma \u2018ca\u00e7a as bruxas\u2019 na Educa\u00e7\u00e3o brasileira, mas sim criar mecanismos de responsabiliza\u00e7\u00e3o dos gestores que garantam a continuidade das pol\u00edticas e a boa aplica\u00e7\u00e3o dos recursos. Mas para definir esses mecanismos ainda precisamos de muita discuss\u00e3o\u201d, ressaltou. \u00a0<br \/> \u00a0<br \/> No final do evento, representantes do MEC, da Uni\u00e3o Nacional dos Dirigentes Municipais de Educa\u00e7\u00e3o (Undime), do Conselho Nacional de Educa\u00e7\u00e3o, do Conselho Nacional de Secret\u00e1rios de Educa\u00e7\u00e3o (Consed) e da Comiss\u00e3o de Educa\u00e7\u00e3o e Cultura da C\u00e2mara assinaram a Declara\u00e7\u00e3o sobre \u00c9tica e Responsabilidade na Educa\u00e7\u00e3o, com propostas para um revis\u00e3o do comportamento \u00e9tico nas escolas do pa\u00eds. \u00a0<br \/>  \u00a0<\/p>\n","protected":false},"excerpt":{"rendered":"<p>A corrup\u00e7\u00e3o n\u00e3o \u00e9 exclusividade dos pa\u00edses subdesenvolvidos, segundo as conclus\u00f5es do estudo Escolas corruptas, universidades corruptas: que fazer?, divulgado no Brasil pela Unesco. \u201cOs EUA, por exemplo, s\u00e3o campe\u00f5es da fraude acad\u00eamica, com compra de t\u00edtulos universit\u00e1rios at\u00e9 pela Internet. A Su\u00e9cia tem um \u00edndice significativo de falsos doutores. E na Fran\u00e7a e na [&hellip;]<\/p>\n","protected":false},"author":1,"featured_media":0,"comment_status":"closed","ping_status":"closed","sticky":false,"template":"","format":"standard","meta":{"footnotes":"","_links_to":"","_links_to_target":""},"categories":[9],"tags":[],"class_list":["post-2311","post","type-post","status-publish","format-standard","hentry","category-noticias-da-imprensa"],"yoast_head":"<!-- This site is optimized with the Yoast SEO plugin v15.1 - https:\/\/yoast.com\/wordpress\/plugins\/seo\/ -->\n<title>Corrup\u00e7\u00e3o no sistema educacional n\u00e3o \u00e9 exclusividade de subdesenvolvidos &raquo; Abrelivros<\/title>\n<meta name=\"robots\" content=\"index, follow, max-snippet:-1, max-image-preview:large, max-video-preview:-1\" \/>\n<link rel=\"canonical\" href=\"https:\/\/abrelivros.org.br\/site\/corrupcao-no-sistema-educacional-nao-e-exclusividade-de-subdesenvolvidos\/\" \/>\n<meta property=\"og:locale\" content=\"pt_BR\" \/>\n<meta property=\"og:type\" content=\"article\" \/>\n<meta property=\"og:title\" content=\"Corrup\u00e7\u00e3o no sistema educacional n\u00e3o \u00e9 exclusividade de subdesenvolvidos &raquo; Abrelivros\" \/>\n<meta property=\"og:description\" content=\"A corrup\u00e7\u00e3o n\u00e3o \u00e9 exclusividade dos pa\u00edses subdesenvolvidos, segundo as conclus\u00f5es do estudo Escolas corruptas, universidades corruptas: que fazer?, divulgado no Brasil pela Unesco. \u201cOs EUA, por exemplo, s\u00e3o campe\u00f5es da fraude acad\u00eamica, com compra de t\u00edtulos universit\u00e1rios at\u00e9 pela Internet. A Su\u00e9cia tem um \u00edndice significativo de falsos doutores. E na Fran\u00e7a e na [&hellip;]\" \/>\n<meta property=\"og:url\" content=\"https:\/\/abrelivros.org.br\/site\/corrupcao-no-sistema-educacional-nao-e-exclusividade-de-subdesenvolvidos\/\" \/>\n<meta property=\"og:site_name\" content=\"Abrelivros\" \/>\n<meta property=\"article:published_time\" content=\"2008-08-07T18:37:00+00:00\" \/>\n<meta name=\"twitter:card\" content=\"summary_large_image\" \/>\n<script type=\"application\/ld+json\" class=\"yoast-schema-graph\">{\"@context\":\"https:\/\/schema.org\",\"@graph\":[{\"@type\":\"WebSite\",\"@id\":\"https:\/\/abrelivros.org.br\/site\/#website\",\"url\":\"https:\/\/abrelivros.org.br\/site\/\",\"name\":\"Abrelivros\",\"description\":\"\",\"potentialAction\":[{\"@type\":\"SearchAction\",\"target\":\"https:\/\/abrelivros.org.br\/site\/?s={search_term_string}\",\"query-input\":\"required name=search_term_string\"}],\"inLanguage\":\"pt-BR\"},{\"@type\":\"WebPage\",\"@id\":\"https:\/\/abrelivros.org.br\/site\/corrupcao-no-sistema-educacional-nao-e-exclusividade-de-subdesenvolvidos\/#webpage\",\"url\":\"https:\/\/abrelivros.org.br\/site\/corrupcao-no-sistema-educacional-nao-e-exclusividade-de-subdesenvolvidos\/\",\"name\":\"Corrup\\u00e7\\u00e3o no sistema educacional n\\u00e3o \\u00e9 exclusividade de subdesenvolvidos &raquo; Abrelivros\",\"isPartOf\":{\"@id\":\"https:\/\/abrelivros.org.br\/site\/#website\"},\"datePublished\":\"2008-08-07T18:37:00+00:00\",\"dateModified\":\"2008-08-07T18:37:00+00:00\",\"author\":{\"@id\":\"https:\/\/abrelivros.org.br\/site\/#\/schema\/person\/2b867f13a717bb230f1a3555505f5593\"},\"breadcrumb\":{\"@id\":\"https:\/\/abrelivros.org.br\/site\/corrupcao-no-sistema-educacional-nao-e-exclusividade-de-subdesenvolvidos\/#breadcrumb\"},\"inLanguage\":\"pt-BR\",\"potentialAction\":[{\"@type\":\"ReadAction\",\"target\":[\"https:\/\/abrelivros.org.br\/site\/corrupcao-no-sistema-educacional-nao-e-exclusividade-de-subdesenvolvidos\/\"]}]},{\"@type\":\"BreadcrumbList\",\"@id\":\"https:\/\/abrelivros.org.br\/site\/corrupcao-no-sistema-educacional-nao-e-exclusividade-de-subdesenvolvidos\/#breadcrumb\",\"itemListElement\":[{\"@type\":\"ListItem\",\"position\":1,\"item\":{\"@type\":\"WebPage\",\"@id\":\"https:\/\/abrelivros.org.br\/site\/\",\"url\":\"https:\/\/abrelivros.org.br\/site\/\",\"name\":\"In\\u00edcio\"}},{\"@type\":\"ListItem\",\"position\":2,\"item\":{\"@type\":\"WebPage\",\"@id\":\"https:\/\/abrelivros.org.br\/site\/category\/noticias\/\",\"url\":\"https:\/\/abrelivros.org.br\/site\/category\/noticias\/\",\"name\":\"Not\\u00edcias\"}},{\"@type\":\"ListItem\",\"position\":3,\"item\":{\"@type\":\"WebPage\",\"@id\":\"https:\/\/abrelivros.org.br\/site\/category\/noticias\/noticias-da-imprensa\/\",\"url\":\"https:\/\/abrelivros.org.br\/site\/category\/noticias\/noticias-da-imprensa\/\",\"name\":\"Not\\u00edcias da imprensa\"}},{\"@type\":\"ListItem\",\"position\":4,\"item\":{\"@type\":\"WebPage\",\"@id\":\"https:\/\/abrelivros.org.br\/site\/corrupcao-no-sistema-educacional-nao-e-exclusividade-de-subdesenvolvidos\/\",\"url\":\"https:\/\/abrelivros.org.br\/site\/corrupcao-no-sistema-educacional-nao-e-exclusividade-de-subdesenvolvidos\/\",\"name\":\"Corrup\\u00e7\\u00e3o no sistema educacional n\\u00e3o \\u00e9 exclusividade de subdesenvolvidos\"}}]},{\"@type\":\"Person\",\"@id\":\"https:\/\/abrelivros.org.br\/site\/#\/schema\/person\/2b867f13a717bb230f1a3555505f5593\",\"name\":\"\\u00a0\",\"image\":{\"@type\":\"ImageObject\",\"@id\":\"https:\/\/abrelivros.org.br\/site\/#personlogo\",\"inLanguage\":\"pt-BR\",\"url\":\"https:\/\/secure.gravatar.com\/avatar\/e80b7f5231be2fff5040a8023da424898002831c5439420df182ae62676d2a6f?s=96&d=mm&r=g\",\"caption\":\"\\u00a0\"}}]}<\/script>\n<!-- \/ Yoast SEO plugin. -->","_links":{"self":[{"href":"https:\/\/abrelivros.org.br\/site\/wp-json\/wp\/v2\/posts\/2311","targetHints":{"allow":["GET"]}}],"collection":[{"href":"https:\/\/abrelivros.org.br\/site\/wp-json\/wp\/v2\/posts"}],"about":[{"href":"https:\/\/abrelivros.org.br\/site\/wp-json\/wp\/v2\/types\/post"}],"author":[{"embeddable":true,"href":"https:\/\/abrelivros.org.br\/site\/wp-json\/wp\/v2\/users\/1"}],"replies":[{"embeddable":true,"href":"https:\/\/abrelivros.org.br\/site\/wp-json\/wp\/v2\/comments?post=2311"}],"version-history":[{"count":0,"href":"https:\/\/abrelivros.org.br\/site\/wp-json\/wp\/v2\/posts\/2311\/revisions"}],"wp:attachment":[{"href":"https:\/\/abrelivros.org.br\/site\/wp-json\/wp\/v2\/media?parent=2311"}],"wp:term":[{"taxonomy":"category","embeddable":true,"href":"https:\/\/abrelivros.org.br\/site\/wp-json\/wp\/v2\/categories?post=2311"},{"taxonomy":"post_tag","embeddable":true,"href":"https:\/\/abrelivros.org.br\/site\/wp-json\/wp\/v2\/tags?post=2311"}],"curies":[{"name":"wp","href":"https:\/\/api.w.org\/{rel}","templated":true}]}}