{"id":2309,"date":"2008-08-07T16:07:00","date_gmt":"2008-08-07T19:07:00","guid":{"rendered":"https:\/\/abrelivros.org.br\/site\/2008\/08\/07\/concurso-literatura-para-todos\/"},"modified":"2008-08-07T16:07:00","modified_gmt":"2008-08-07T19:07:00","slug":"concurso-literatura-para-todos","status":"publish","type":"post","link":"https:\/\/abrelivros.org.br\/site\/concurso-literatura-para-todos\/","title":{"rendered":"Concurso Literatura para todos"},"content":{"rendered":"<p>O Concurso Literatura para Todos foi criado para estimular a produ\u00e7\u00e3o liter\u00e1ria destinada a jovens e adultos em processo de alfabetiza\u00e7\u00e3o. Este ano, o Minist\u00e9rio da Educa\u00e7\u00e3o vai premiar nove escritores com R$ 10 mil cada, e publicar as obras vencedoras, que ser\u00e3o distribu\u00eddas \u00e0s entidades parceiras do Programa Brasil Alfabetizado, universidades da Rede de Forma\u00e7\u00e3o de Alfabetiza\u00e7\u00e3o de Jovens e Adultos, unidades prisionais e n\u00facleos de EJA das universidades. A expectativa \u00e9 que cerca de 1,5 milh\u00e3o de estudantes tenham acesso \u00e0s publica\u00e7\u00f5es.\u00a0<br \/> \u00a0<br \/> Os candidatos concorrem nas categorias prosa (conto, novela ou cr\u00f4nica), poesia, biografia e texto de tradi\u00e7\u00e3o oral (em prosa ou em verso). Em cada uma delas ser\u00e3o premiados dois autores. O MEC recebeu 605 obras, sendo 133 contos, 61 novelas, 30 cr\u00f4nicas, 13 biografias, 29 textos de tradi\u00e7\u00e3o oral e 249 poesias.\u00a0<br \/> \u00a0<br \/> Esta \u00e9 a segunda edi\u00e7\u00e3o do Concurso Literatura para Todos. A novidade \u00e9 que a competi\u00e7\u00e3o vai premiar um escritor africano, natural de um dos pa\u00edses de l\u00edngua portuguesa \u2014 Angola, Cabo Verde, Guin\u00e9 Bissau, Mo\u00e7ambique e S\u00e3o Tom\u00e9 e Pr\u00edncipe. O autor africano ganhar\u00e1 o mesmo pr\u00eamio de R$ 10 mil, independentemente da categoria liter\u00e1ria do texto apresentado. \u00a0<br \/> \u00a0<br \/> Dez especialistas formar\u00e3o a <a href=\"http:\/\/portal.mec.gov.br\/secad\/arquivos\/pdf\/preselecao.pdf\" target=\"_blank\" rel=\"noopener noreferrer\">comiss\u00e3o<\/a> de pr\u00e9-sele\u00e7\u00e3o, que se reunir\u00e1 nos dias 5 e 6 de agosto. O encontro servir\u00e1 para definir os crit\u00e9rios de an\u00e1lise das obras inscritas. A comiss\u00e3o ter\u00e1 um m\u00eas \u2014 entre 18 de agosto e 18 de setembro \u2014 para leitura das obras.\u00a0<br \/> \u00a0<br \/> Em outubro, o material liter\u00e1rio ser\u00e1 analisado pela Comiss\u00e3o Julgadora. \u201cSer\u00e3o convidados cinco autores de renome para compor a comiss\u00e3o\u201d, informa a coordenadora-geral de Forma\u00e7\u00e3o e Leitura da Secad\/MEC, Carmem Gatto. \u00a0<br \/> \u00a0<br \/> A Comiss\u00e3o Julgadora selecionar\u00e1 os nove ganhadores. O resultado provis\u00f3rio ser\u00e1 divulgado no dia 10 de novembro. Haver\u00e1 prazo para recursos entre os dias 10 e 14 do mesmo m\u00eas, e o resultado final ser\u00e1 divulgado no dia 17 de novembro.\u00a0<br \/> \u00a0<br \/> Mais informa\u00e7\u00f5es pelo telefone 0800 616161.\u00a0<\/p>\n<p><\/p>\n","protected":false},"excerpt":{"rendered":"<p>O Concurso Literatura para Todos foi criado para estimular a produ\u00e7\u00e3o liter\u00e1ria destinada a jovens e adultos em processo de alfabetiza\u00e7\u00e3o. Este ano, o Minist\u00e9rio da Educa\u00e7\u00e3o vai premiar nove escritores com R$ 10 mil cada, e publicar as obras vencedoras, que ser\u00e3o distribu\u00eddas \u00e0s entidades parceiras do Programa Brasil Alfabetizado, universidades da Rede de [&hellip;]<\/p>\n","protected":false},"author":1,"featured_media":0,"comment_status":"closed","ping_status":"closed","sticky":false,"template":"","format":"standard","meta":{"footnotes":"","_links_to":"","_links_to_target":""},"categories":[9],"tags":[],"class_list":["post-2309","post","type-post","status-publish","format-standard","hentry","category-noticias-da-imprensa"],"yoast_head":"<!-- This site is optimized with the Yoast SEO plugin v15.1 - https:\/\/yoast.com\/wordpress\/plugins\/seo\/ -->\n<title>Concurso Literatura para todos &raquo; Abrelivros<\/title>\n<meta name=\"robots\" content=\"index, follow, max-snippet:-1, max-image-preview:large, max-video-preview:-1\" \/>\n<link rel=\"canonical\" href=\"https:\/\/abrelivros.org.br\/site\/concurso-literatura-para-todos\/\" \/>\n<meta property=\"og:locale\" content=\"pt_BR\" \/>\n<meta property=\"og:type\" content=\"article\" \/>\n<meta property=\"og:title\" content=\"Concurso Literatura para todos &raquo; Abrelivros\" \/>\n<meta property=\"og:description\" content=\"O Concurso Literatura para Todos foi criado para estimular a produ\u00e7\u00e3o liter\u00e1ria destinada a jovens e adultos em processo de alfabetiza\u00e7\u00e3o. Este ano, o Minist\u00e9rio da Educa\u00e7\u00e3o vai premiar nove escritores com R$ 10 mil cada, e publicar as obras vencedoras, que ser\u00e3o distribu\u00eddas \u00e0s entidades parceiras do Programa Brasil Alfabetizado, universidades da Rede de [&hellip;]\" \/>\n<meta property=\"og:url\" content=\"https:\/\/abrelivros.org.br\/site\/concurso-literatura-para-todos\/\" \/>\n<meta property=\"og:site_name\" content=\"Abrelivros\" \/>\n<meta property=\"article:published_time\" content=\"2008-08-07T19:07:00+00:00\" \/>\n<meta name=\"twitter:card\" content=\"summary_large_image\" \/>\n<script type=\"application\/ld+json\" class=\"yoast-schema-graph\">{\"@context\":\"https:\/\/schema.org\",\"@graph\":[{\"@type\":\"WebSite\",\"@id\":\"https:\/\/abrelivros.org.br\/site\/#website\",\"url\":\"https:\/\/abrelivros.org.br\/site\/\",\"name\":\"Abrelivros\",\"description\":\"\",\"potentialAction\":[{\"@type\":\"SearchAction\",\"target\":\"https:\/\/abrelivros.org.br\/site\/?s={search_term_string}\",\"query-input\":\"required name=search_term_string\"}],\"inLanguage\":\"pt-BR\"},{\"@type\":\"WebPage\",\"@id\":\"https:\/\/abrelivros.org.br\/site\/concurso-literatura-para-todos\/#webpage\",\"url\":\"https:\/\/abrelivros.org.br\/site\/concurso-literatura-para-todos\/\",\"name\":\"Concurso Literatura para todos &raquo; Abrelivros\",\"isPartOf\":{\"@id\":\"https:\/\/abrelivros.org.br\/site\/#website\"},\"datePublished\":\"2008-08-07T19:07:00+00:00\",\"dateModified\":\"2008-08-07T19:07:00+00:00\",\"author\":{\"@id\":\"https:\/\/abrelivros.org.br\/site\/#\/schema\/person\/2b867f13a717bb230f1a3555505f5593\"},\"breadcrumb\":{\"@id\":\"https:\/\/abrelivros.org.br\/site\/concurso-literatura-para-todos\/#breadcrumb\"},\"inLanguage\":\"pt-BR\",\"potentialAction\":[{\"@type\":\"ReadAction\",\"target\":[\"https:\/\/abrelivros.org.br\/site\/concurso-literatura-para-todos\/\"]}]},{\"@type\":\"BreadcrumbList\",\"@id\":\"https:\/\/abrelivros.org.br\/site\/concurso-literatura-para-todos\/#breadcrumb\",\"itemListElement\":[{\"@type\":\"ListItem\",\"position\":1,\"item\":{\"@type\":\"WebPage\",\"@id\":\"https:\/\/abrelivros.org.br\/site\/\",\"url\":\"https:\/\/abrelivros.org.br\/site\/\",\"name\":\"In\\u00edcio\"}},{\"@type\":\"ListItem\",\"position\":2,\"item\":{\"@type\":\"WebPage\",\"@id\":\"https:\/\/abrelivros.org.br\/site\/category\/noticias\/\",\"url\":\"https:\/\/abrelivros.org.br\/site\/category\/noticias\/\",\"name\":\"Not\\u00edcias\"}},{\"@type\":\"ListItem\",\"position\":3,\"item\":{\"@type\":\"WebPage\",\"@id\":\"https:\/\/abrelivros.org.br\/site\/category\/noticias\/noticias-da-imprensa\/\",\"url\":\"https:\/\/abrelivros.org.br\/site\/category\/noticias\/noticias-da-imprensa\/\",\"name\":\"Not\\u00edcias da imprensa\"}},{\"@type\":\"ListItem\",\"position\":4,\"item\":{\"@type\":\"WebPage\",\"@id\":\"https:\/\/abrelivros.org.br\/site\/concurso-literatura-para-todos\/\",\"url\":\"https:\/\/abrelivros.org.br\/site\/concurso-literatura-para-todos\/\",\"name\":\"Concurso Literatura para todos\"}}]},{\"@type\":\"Person\",\"@id\":\"https:\/\/abrelivros.org.br\/site\/#\/schema\/person\/2b867f13a717bb230f1a3555505f5593\",\"name\":\"\\u00a0\",\"image\":{\"@type\":\"ImageObject\",\"@id\":\"https:\/\/abrelivros.org.br\/site\/#personlogo\",\"inLanguage\":\"pt-BR\",\"url\":\"https:\/\/secure.gravatar.com\/avatar\/e80b7f5231be2fff5040a8023da424898002831c5439420df182ae62676d2a6f?s=96&d=mm&r=g\",\"caption\":\"\\u00a0\"}}]}<\/script>\n<!-- \/ Yoast SEO plugin. -->","_links":{"self":[{"href":"https:\/\/abrelivros.org.br\/site\/wp-json\/wp\/v2\/posts\/2309","targetHints":{"allow":["GET"]}}],"collection":[{"href":"https:\/\/abrelivros.org.br\/site\/wp-json\/wp\/v2\/posts"}],"about":[{"href":"https:\/\/abrelivros.org.br\/site\/wp-json\/wp\/v2\/types\/post"}],"author":[{"embeddable":true,"href":"https:\/\/abrelivros.org.br\/site\/wp-json\/wp\/v2\/users\/1"}],"replies":[{"embeddable":true,"href":"https:\/\/abrelivros.org.br\/site\/wp-json\/wp\/v2\/comments?post=2309"}],"version-history":[{"count":0,"href":"https:\/\/abrelivros.org.br\/site\/wp-json\/wp\/v2\/posts\/2309\/revisions"}],"wp:attachment":[{"href":"https:\/\/abrelivros.org.br\/site\/wp-json\/wp\/v2\/media?parent=2309"}],"wp:term":[{"taxonomy":"category","embeddable":true,"href":"https:\/\/abrelivros.org.br\/site\/wp-json\/wp\/v2\/categories?post=2309"},{"taxonomy":"post_tag","embeddable":true,"href":"https:\/\/abrelivros.org.br\/site\/wp-json\/wp\/v2\/tags?post=2309"}],"curies":[{"name":"wp","href":"https:\/\/api.w.org\/{rel}","templated":true}]}}