{"id":2308,"date":"2008-08-07T16:30:00","date_gmt":"2008-08-07T19:30:00","guid":{"rendered":"https:\/\/abrelivros.org.br\/site\/2008\/08\/07\/incentivo-ao-livro-e-leitura\/"},"modified":"2008-08-07T16:30:00","modified_gmt":"2008-08-07T19:30:00","slug":"incentivo-ao-livro-e-leitura","status":"publish","type":"post","link":"https:\/\/abrelivros.org.br\/site\/incentivo-ao-livro-e-leitura\/","title":{"rendered":"Incentivo ao Livro e Leitura"},"content":{"rendered":"<p>Maior incentivo ao Livro e Leitura. Esse foi o principal foco da reuni\u00e3o do F\u00f3rum dos Secret\u00e1rios de Cultura do Nordeste, que aconteceu nos dias 30 e 31 de julho, em Macei\u00f3. Estiveram presentes gestores de cultura dos nove estados da regi\u00e3o, al\u00e9m da chefe da Representa\u00e7\u00e3o Regional Nordeste do Minist\u00e9rio da Cultura (RRNE\/MinC), Tarciana Portella. O encontro teve como objetivo sistematizar propostas para serem encaminhadas ao F\u00f3rum Nacional de Secret\u00e1rios e Dirigentes de Cultura, que ser\u00e1 realizado entre os dias 21 e 22 de agosto, em Santa Catarina.\u00a0<br \/> \u00a0<br \/> Durante o encontro, os secret\u00e1rios trocaram experi\u00eancias e debateram sobre a atual conjuntura cultural do Nordeste, avaliando a intera\u00e7\u00e3o regional e a interface dos estados com a Uni\u00e3o. O encontro resultou na aprova\u00e7\u00e3o da <a href=\"http:\/\/www.cultura.gov.br\/site\/wp-content\/uploads\/2008\/08\/carta-de-maceio.pdf\" target=\"_blank\" rel=\"noopener noreferrer\">Carta de Macei\u00f3<\/a>, que d\u00e1 foco, sobretudo, \u00e0s a\u00e7\u00f5es para democratizar e implementar as pol\u00edticas de incentivo ao livro e leitura. A Carta prev\u00ea o refor\u00e7o ao Plano Nacional do Livro e Leitura (PNLL), desenvolvido pelos minist\u00e9rios da Cultura e da Educa\u00e7\u00e3o, enquanto pol\u00edtica norteadora das a\u00e7\u00f5es voltadas \u00e0 democratiza\u00e7\u00e3o do acesso ao livro e a leitura, com a efetiva\u00e7\u00e3o das a\u00e7\u00f5es do PNLL em todos os estados da regi\u00e3o, em coopera\u00e7\u00e3o com o Minist\u00e9rio da Cultura.\u00a0<br \/> \u00a0<br \/> O documento sugere o repasse de recursos do Governo Federal para o fortalecimento dos sistemas estaduais de bibliotecas, que serviria para financiar os gastos com aquisi\u00e7\u00e3o de publica\u00e7\u00f5es, capacita\u00e7\u00e3o e visitas t\u00e9cnicas, a\u00e7\u00f5es que junto ao Programa Livro Aberto, que vem implantando bibliotecas p\u00fablicas em todos os munic\u00edpios brasileiros, se prop\u00f5em a zerar o n\u00famero de cidades sem esses equipamentos e elevar a qualidade dos existentes.\u00a0<br \/> \u00a0<br \/> Segundo o assessor especial do vice-governador de Pernambuco, Edgar Andrade, o F\u00f3rum vem estabelecendo um momento de integra\u00e7\u00e3o na regi\u00e3o. \u201cO Nordeste vive um momento de sintonia, buscando mecanismos para integrar e fazer circular entre seus estados a cultura produzida na regi\u00e3o.\u201d\u00a0<br \/> \u00a0<br \/> O documento ressalta ainda a import\u00e2ncia do Programa Mais Cultura para a implementa\u00e7\u00e3o do Sistema Nacional de Cultura (SNC). Na carta, os dirigentes alertam para a necessidade do MinC em promover o planejamento do Programa de forma integrada com os estados, possibilitando uma constru\u00e7\u00e3o coletiva e democr\u00e1tica.\u00a0<br \/> \u00a0<br \/> Al\u00e9m da Carta de Macei\u00f3, os dirigentes presentes \u00e0 reuni\u00e3o lan\u00e7aram uma carta endere\u00e7ada tanto ao presidente da Rep\u00fablica, Luiz In\u00e1cio Lula da Silva, quanto ao ministro da Cultura Interino, Juca Ferreira, na qual afirmam que \u201ca pol\u00edtica cultural brasileira se consolida como fruto de uma in\u00e9dita e singular constru\u00e7\u00e3o coletiva, em que o Minist\u00e9rio da Cultura desponta como fiel articulador de um amplo pacto federativo, focado na democracia, na descentraliza\u00e7\u00e3o e no respeito \u00e0 diversidade\u201d. O ex-ministro Gilberto Gil n\u00e3o foi esquecido. Para os gestores nordestinos, o \u201cmaestro\/ministro\u201d Gil demonstrou \u201ccapacidade criativa e genial lideran\u00e7a\u201d \u00e0 frente do MinC, recebendo apoio incondicional de todos os representantes.\u00a0<br \/> \u00a0<br \/> Leia, na \u00edntegra, <a href=\"http:\/\/www.cultura.gov.br\/site\/wp-content\/uploads\/2008\/08\/carta-presidente.pdf\" target=\"_blank\" rel=\"noopener noreferrer\">carta ao Presidente Lula<\/a> e a <a href=\"http:\/\/www.cultura.gov.br\/site\/wp-content\/uploads\/2008\/08\/carta-ministro.pdf\" target=\"_blank\" rel=\"noopener noreferrer\">carta ao ministro interino Juca Ferreira<\/a>.\u00a0<br \/> \u00a0<br \/> Informa\u00e7\u00f5es: (81) 3224-0561 e <a href=mailto:mailto:ascom.minc.ne@gmail.com>ascom.minc.ne@gmail.com<\/a>, na Assessoria de Comunica\u00e7\u00e3o da Representa\u00e7\u00e3o Regional Nordeste do Minist\u00e9rio da Cultura.\u00a0<br \/> \u00a0<\/p>\n<p><\/p>\n","protected":false},"excerpt":{"rendered":"<p>Maior incentivo ao Livro e Leitura. Esse foi o principal foco da reuni\u00e3o do F\u00f3rum dos Secret\u00e1rios de Cultura do Nordeste, que aconteceu nos dias 30 e 31 de julho, em Macei\u00f3. Estiveram presentes gestores de cultura dos nove estados da regi\u00e3o, al\u00e9m da chefe da Representa\u00e7\u00e3o Regional Nordeste do Minist\u00e9rio da Cultura (RRNE\/MinC), Tarciana [&hellip;]<\/p>\n","protected":false},"author":1,"featured_media":0,"comment_status":"closed","ping_status":"closed","sticky":false,"template":"","format":"standard","meta":{"footnotes":"","_links_to":"","_links_to_target":""},"categories":[9],"tags":[],"class_list":["post-2308","post","type-post","status-publish","format-standard","hentry","category-noticias-da-imprensa"],"yoast_head":"<!-- This site is optimized with the Yoast SEO plugin v15.1 - https:\/\/yoast.com\/wordpress\/plugins\/seo\/ -->\n<title>Incentivo ao Livro e Leitura &raquo; Abrelivros<\/title>\n<meta name=\"robots\" content=\"index, follow, max-snippet:-1, max-image-preview:large, max-video-preview:-1\" \/>\n<link rel=\"canonical\" href=\"https:\/\/abrelivros.org.br\/site\/incentivo-ao-livro-e-leitura\/\" \/>\n<meta property=\"og:locale\" content=\"pt_BR\" \/>\n<meta property=\"og:type\" content=\"article\" \/>\n<meta property=\"og:title\" content=\"Incentivo ao Livro e Leitura &raquo; Abrelivros\" \/>\n<meta property=\"og:description\" content=\"Maior incentivo ao Livro e Leitura. Esse foi o principal foco da reuni\u00e3o do F\u00f3rum dos Secret\u00e1rios de Cultura do Nordeste, que aconteceu nos dias 30 e 31 de julho, em Macei\u00f3. Estiveram presentes gestores de cultura dos nove estados da regi\u00e3o, al\u00e9m da chefe da Representa\u00e7\u00e3o Regional Nordeste do Minist\u00e9rio da Cultura (RRNE\/MinC), Tarciana [&hellip;]\" \/>\n<meta property=\"og:url\" content=\"https:\/\/abrelivros.org.br\/site\/incentivo-ao-livro-e-leitura\/\" \/>\n<meta property=\"og:site_name\" content=\"Abrelivros\" \/>\n<meta property=\"article:published_time\" content=\"2008-08-07T19:30:00+00:00\" \/>\n<meta name=\"twitter:card\" content=\"summary_large_image\" \/>\n<script type=\"application\/ld+json\" class=\"yoast-schema-graph\">{\"@context\":\"https:\/\/schema.org\",\"@graph\":[{\"@type\":\"WebSite\",\"@id\":\"https:\/\/abrelivros.org.br\/site\/#website\",\"url\":\"https:\/\/abrelivros.org.br\/site\/\",\"name\":\"Abrelivros\",\"description\":\"\",\"potentialAction\":[{\"@type\":\"SearchAction\",\"target\":\"https:\/\/abrelivros.org.br\/site\/?s={search_term_string}\",\"query-input\":\"required name=search_term_string\"}],\"inLanguage\":\"pt-BR\"},{\"@type\":\"WebPage\",\"@id\":\"https:\/\/abrelivros.org.br\/site\/incentivo-ao-livro-e-leitura\/#webpage\",\"url\":\"https:\/\/abrelivros.org.br\/site\/incentivo-ao-livro-e-leitura\/\",\"name\":\"Incentivo ao Livro e Leitura &raquo; Abrelivros\",\"isPartOf\":{\"@id\":\"https:\/\/abrelivros.org.br\/site\/#website\"},\"datePublished\":\"2008-08-07T19:30:00+00:00\",\"dateModified\":\"2008-08-07T19:30:00+00:00\",\"author\":{\"@id\":\"https:\/\/abrelivros.org.br\/site\/#\/schema\/person\/2b867f13a717bb230f1a3555505f5593\"},\"breadcrumb\":{\"@id\":\"https:\/\/abrelivros.org.br\/site\/incentivo-ao-livro-e-leitura\/#breadcrumb\"},\"inLanguage\":\"pt-BR\",\"potentialAction\":[{\"@type\":\"ReadAction\",\"target\":[\"https:\/\/abrelivros.org.br\/site\/incentivo-ao-livro-e-leitura\/\"]}]},{\"@type\":\"BreadcrumbList\",\"@id\":\"https:\/\/abrelivros.org.br\/site\/incentivo-ao-livro-e-leitura\/#breadcrumb\",\"itemListElement\":[{\"@type\":\"ListItem\",\"position\":1,\"item\":{\"@type\":\"WebPage\",\"@id\":\"https:\/\/abrelivros.org.br\/site\/\",\"url\":\"https:\/\/abrelivros.org.br\/site\/\",\"name\":\"In\\u00edcio\"}},{\"@type\":\"ListItem\",\"position\":2,\"item\":{\"@type\":\"WebPage\",\"@id\":\"https:\/\/abrelivros.org.br\/site\/category\/noticias\/\",\"url\":\"https:\/\/abrelivros.org.br\/site\/category\/noticias\/\",\"name\":\"Not\\u00edcias\"}},{\"@type\":\"ListItem\",\"position\":3,\"item\":{\"@type\":\"WebPage\",\"@id\":\"https:\/\/abrelivros.org.br\/site\/category\/noticias\/noticias-da-imprensa\/\",\"url\":\"https:\/\/abrelivros.org.br\/site\/category\/noticias\/noticias-da-imprensa\/\",\"name\":\"Not\\u00edcias da imprensa\"}},{\"@type\":\"ListItem\",\"position\":4,\"item\":{\"@type\":\"WebPage\",\"@id\":\"https:\/\/abrelivros.org.br\/site\/incentivo-ao-livro-e-leitura\/\",\"url\":\"https:\/\/abrelivros.org.br\/site\/incentivo-ao-livro-e-leitura\/\",\"name\":\"Incentivo ao Livro e Leitura\"}}]},{\"@type\":\"Person\",\"@id\":\"https:\/\/abrelivros.org.br\/site\/#\/schema\/person\/2b867f13a717bb230f1a3555505f5593\",\"name\":\"\\u00a0\",\"image\":{\"@type\":\"ImageObject\",\"@id\":\"https:\/\/abrelivros.org.br\/site\/#personlogo\",\"inLanguage\":\"pt-BR\",\"url\":\"https:\/\/secure.gravatar.com\/avatar\/e80b7f5231be2fff5040a8023da424898002831c5439420df182ae62676d2a6f?s=96&d=mm&r=g\",\"caption\":\"\\u00a0\"}}]}<\/script>\n<!-- \/ Yoast SEO plugin. -->","_links":{"self":[{"href":"https:\/\/abrelivros.org.br\/site\/wp-json\/wp\/v2\/posts\/2308","targetHints":{"allow":["GET"]}}],"collection":[{"href":"https:\/\/abrelivros.org.br\/site\/wp-json\/wp\/v2\/posts"}],"about":[{"href":"https:\/\/abrelivros.org.br\/site\/wp-json\/wp\/v2\/types\/post"}],"author":[{"embeddable":true,"href":"https:\/\/abrelivros.org.br\/site\/wp-json\/wp\/v2\/users\/1"}],"replies":[{"embeddable":true,"href":"https:\/\/abrelivros.org.br\/site\/wp-json\/wp\/v2\/comments?post=2308"}],"version-history":[{"count":0,"href":"https:\/\/abrelivros.org.br\/site\/wp-json\/wp\/v2\/posts\/2308\/revisions"}],"wp:attachment":[{"href":"https:\/\/abrelivros.org.br\/site\/wp-json\/wp\/v2\/media?parent=2308"}],"wp:term":[{"taxonomy":"category","embeddable":true,"href":"https:\/\/abrelivros.org.br\/site\/wp-json\/wp\/v2\/categories?post=2308"},{"taxonomy":"post_tag","embeddable":true,"href":"https:\/\/abrelivros.org.br\/site\/wp-json\/wp\/v2\/tags?post=2308"}],"curies":[{"name":"wp","href":"https:\/\/api.w.org\/{rel}","templated":true}]}}