{"id":2307,"date":"2008-08-08T17:17:00","date_gmt":"2008-08-08T20:17:00","guid":{"rendered":"https:\/\/abrelivros.org.br\/site\/2008\/08\/08\/gestores-devem-fazer-suas-opcoes-para-alfabetizacao-de-jovens-e-adultos\/"},"modified":"2008-08-08T17:17:00","modified_gmt":"2008-08-08T20:17:00","slug":"gestores-devem-fazer-suas-opcoes-para-alfabetizacao-de-jovens-e-adultos","status":"publish","type":"post","link":"https:\/\/abrelivros.org.br\/site\/gestores-devem-fazer-suas-opcoes-para-alfabetizacao-de-jovens-e-adultos\/","title":{"rendered":"Gestores devem fazer suas op\u00e7\u00f5es para alfabetiza\u00e7\u00e3o de jovens e adultos"},"content":{"rendered":"<p>O prazo para a escolha do livro did\u00e1tico para a alfabetiza\u00e7\u00e3o de jovens e adultos vai s\u00f3 at\u00e9 esta segunda-feira, dia 11. Gestores estaduais e municipais de educa\u00e7\u00e3o que aderiram ao programa Brasil Alfabetizado devem acessar a <a href=\"https:\/\/www.fnde.gov.br\/simad\/\" target=\"_blank\" rel=\"noopener noreferrer\">p\u00e1gina eletr\u00f4nica<\/a> do Fundo Nacional de Desenvolvimento da Educa\u00e7\u00e3o para escolher a publica\u00e7\u00e3o que desejam utilizar.\u00a0<br \/> \u00a0<br \/> Das 1.059 entidades que participam do Programa Nacional do Livro Did\u00e1tico para Alfabetiza\u00e7\u00e3o de Jovens e Adultos (PNLA) de 2008, 337 fizeram suas op\u00e7\u00f5es at\u00e9 agora, o que corresponde a 31% do total. Quem n\u00e3o optar vai receber a publica\u00e7\u00e3o mais escolhida em seu estado ou regi\u00e3o.\u00a0<br \/> \u00a0<br \/> Os livros, de leitura e matem\u00e1tica em um \u00fanico volume, podem ser escolhidos entre 19 editoras diferentes. O gestor, junto com o coordenador de turma, deve optar por duas. Caso a primeira op\u00e7\u00e3o j\u00e1 esteja esgotada, ele receber\u00e1 a segunda. Cada entidade recebeu um guia do PNLA, com a resenha de todos os livros ofertados, para orientar na escolha, al\u00e9m de um roteiro passo a passo. Esse material tamb\u00e9m est\u00e1 dispon\u00edvel no s\u00edtio do FNDE.\u00a0<br \/> \u00a0<br \/> A coordenadora-geral de forma\u00e7\u00e3o e leitura da Secretaria de Educa\u00e7\u00e3o Continuada, Diversidade e Alfabetiza\u00e7\u00e3o (Secad), Carmem Gatto, informa que a distribui\u00e7\u00e3o do material \u00e0s secretarias est\u00e1 prevista para outubro. \u00a0<br \/> \u00a0<\/p>\n<p><\/p>\n","protected":false},"excerpt":{"rendered":"<p>O prazo para a escolha do livro did\u00e1tico para a alfabetiza\u00e7\u00e3o de jovens e adultos vai s\u00f3 at\u00e9 esta segunda-feira, dia 11. Gestores estaduais e municipais de educa\u00e7\u00e3o que aderiram ao programa Brasil Alfabetizado devem acessar a p\u00e1gina eletr\u00f4nica do Fundo Nacional de Desenvolvimento da Educa\u00e7\u00e3o para escolher a publica\u00e7\u00e3o que desejam utilizar.\u00a0 \u00a0 Das [&hellip;]<\/p>\n","protected":false},"author":1,"featured_media":0,"comment_status":"closed","ping_status":"closed","sticky":false,"template":"","format":"standard","meta":{"footnotes":"","_links_to":"","_links_to_target":""},"categories":[9],"tags":[],"class_list":["post-2307","post","type-post","status-publish","format-standard","hentry","category-noticias-da-imprensa"],"yoast_head":"<!-- This site is optimized with the Yoast SEO plugin v15.1 - https:\/\/yoast.com\/wordpress\/plugins\/seo\/ -->\n<title>Gestores devem fazer suas op\u00e7\u00f5es para alfabetiza\u00e7\u00e3o de jovens e adultos &raquo; Abrelivros<\/title>\n<meta name=\"robots\" content=\"index, follow, max-snippet:-1, max-image-preview:large, max-video-preview:-1\" \/>\n<link rel=\"canonical\" href=\"https:\/\/abrelivros.org.br\/site\/gestores-devem-fazer-suas-opcoes-para-alfabetizacao-de-jovens-e-adultos\/\" \/>\n<meta property=\"og:locale\" content=\"pt_BR\" \/>\n<meta property=\"og:type\" content=\"article\" \/>\n<meta property=\"og:title\" content=\"Gestores devem fazer suas op\u00e7\u00f5es para alfabetiza\u00e7\u00e3o de jovens e adultos &raquo; Abrelivros\" \/>\n<meta property=\"og:description\" content=\"O prazo para a escolha do livro did\u00e1tico para a alfabetiza\u00e7\u00e3o de jovens e adultos vai s\u00f3 at\u00e9 esta segunda-feira, dia 11. Gestores estaduais e municipais de educa\u00e7\u00e3o que aderiram ao programa Brasil Alfabetizado devem acessar a p\u00e1gina eletr\u00f4nica do Fundo Nacional de Desenvolvimento da Educa\u00e7\u00e3o para escolher a publica\u00e7\u00e3o que desejam utilizar.\u00a0 \u00a0 Das [&hellip;]\" \/>\n<meta property=\"og:url\" content=\"https:\/\/abrelivros.org.br\/site\/gestores-devem-fazer-suas-opcoes-para-alfabetizacao-de-jovens-e-adultos\/\" \/>\n<meta property=\"og:site_name\" content=\"Abrelivros\" \/>\n<meta property=\"article:published_time\" content=\"2008-08-08T20:17:00+00:00\" \/>\n<meta name=\"twitter:card\" content=\"summary_large_image\" \/>\n<script type=\"application\/ld+json\" class=\"yoast-schema-graph\">{\"@context\":\"https:\/\/schema.org\",\"@graph\":[{\"@type\":\"WebSite\",\"@id\":\"https:\/\/abrelivros.org.br\/site\/#website\",\"url\":\"https:\/\/abrelivros.org.br\/site\/\",\"name\":\"Abrelivros\",\"description\":\"\",\"potentialAction\":[{\"@type\":\"SearchAction\",\"target\":\"https:\/\/abrelivros.org.br\/site\/?s={search_term_string}\",\"query-input\":\"required name=search_term_string\"}],\"inLanguage\":\"pt-BR\"},{\"@type\":\"WebPage\",\"@id\":\"https:\/\/abrelivros.org.br\/site\/gestores-devem-fazer-suas-opcoes-para-alfabetizacao-de-jovens-e-adultos\/#webpage\",\"url\":\"https:\/\/abrelivros.org.br\/site\/gestores-devem-fazer-suas-opcoes-para-alfabetizacao-de-jovens-e-adultos\/\",\"name\":\"Gestores devem fazer suas op\\u00e7\\u00f5es para alfabetiza\\u00e7\\u00e3o de jovens e adultos &raquo; Abrelivros\",\"isPartOf\":{\"@id\":\"https:\/\/abrelivros.org.br\/site\/#website\"},\"datePublished\":\"2008-08-08T20:17:00+00:00\",\"dateModified\":\"2008-08-08T20:17:00+00:00\",\"author\":{\"@id\":\"https:\/\/abrelivros.org.br\/site\/#\/schema\/person\/2b867f13a717bb230f1a3555505f5593\"},\"breadcrumb\":{\"@id\":\"https:\/\/abrelivros.org.br\/site\/gestores-devem-fazer-suas-opcoes-para-alfabetizacao-de-jovens-e-adultos\/#breadcrumb\"},\"inLanguage\":\"pt-BR\",\"potentialAction\":[{\"@type\":\"ReadAction\",\"target\":[\"https:\/\/abrelivros.org.br\/site\/gestores-devem-fazer-suas-opcoes-para-alfabetizacao-de-jovens-e-adultos\/\"]}]},{\"@type\":\"BreadcrumbList\",\"@id\":\"https:\/\/abrelivros.org.br\/site\/gestores-devem-fazer-suas-opcoes-para-alfabetizacao-de-jovens-e-adultos\/#breadcrumb\",\"itemListElement\":[{\"@type\":\"ListItem\",\"position\":1,\"item\":{\"@type\":\"WebPage\",\"@id\":\"https:\/\/abrelivros.org.br\/site\/\",\"url\":\"https:\/\/abrelivros.org.br\/site\/\",\"name\":\"In\\u00edcio\"}},{\"@type\":\"ListItem\",\"position\":2,\"item\":{\"@type\":\"WebPage\",\"@id\":\"https:\/\/abrelivros.org.br\/site\/category\/noticias\/\",\"url\":\"https:\/\/abrelivros.org.br\/site\/category\/noticias\/\",\"name\":\"Not\\u00edcias\"}},{\"@type\":\"ListItem\",\"position\":3,\"item\":{\"@type\":\"WebPage\",\"@id\":\"https:\/\/abrelivros.org.br\/site\/category\/noticias\/noticias-da-imprensa\/\",\"url\":\"https:\/\/abrelivros.org.br\/site\/category\/noticias\/noticias-da-imprensa\/\",\"name\":\"Not\\u00edcias da imprensa\"}},{\"@type\":\"ListItem\",\"position\":4,\"item\":{\"@type\":\"WebPage\",\"@id\":\"https:\/\/abrelivros.org.br\/site\/gestores-devem-fazer-suas-opcoes-para-alfabetizacao-de-jovens-e-adultos\/\",\"url\":\"https:\/\/abrelivros.org.br\/site\/gestores-devem-fazer-suas-opcoes-para-alfabetizacao-de-jovens-e-adultos\/\",\"name\":\"Gestores devem fazer suas op\\u00e7\\u00f5es para alfabetiza\\u00e7\\u00e3o de jovens e adultos\"}}]},{\"@type\":\"Person\",\"@id\":\"https:\/\/abrelivros.org.br\/site\/#\/schema\/person\/2b867f13a717bb230f1a3555505f5593\",\"name\":\"\\u00a0\",\"image\":{\"@type\":\"ImageObject\",\"@id\":\"https:\/\/abrelivros.org.br\/site\/#personlogo\",\"inLanguage\":\"pt-BR\",\"url\":\"https:\/\/secure.gravatar.com\/avatar\/e80b7f5231be2fff5040a8023da424898002831c5439420df182ae62676d2a6f?s=96&d=mm&r=g\",\"caption\":\"\\u00a0\"}}]}<\/script>\n<!-- \/ Yoast SEO plugin. -->","_links":{"self":[{"href":"https:\/\/abrelivros.org.br\/site\/wp-json\/wp\/v2\/posts\/2307","targetHints":{"allow":["GET"]}}],"collection":[{"href":"https:\/\/abrelivros.org.br\/site\/wp-json\/wp\/v2\/posts"}],"about":[{"href":"https:\/\/abrelivros.org.br\/site\/wp-json\/wp\/v2\/types\/post"}],"author":[{"embeddable":true,"href":"https:\/\/abrelivros.org.br\/site\/wp-json\/wp\/v2\/users\/1"}],"replies":[{"embeddable":true,"href":"https:\/\/abrelivros.org.br\/site\/wp-json\/wp\/v2\/comments?post=2307"}],"version-history":[{"count":0,"href":"https:\/\/abrelivros.org.br\/site\/wp-json\/wp\/v2\/posts\/2307\/revisions"}],"wp:attachment":[{"href":"https:\/\/abrelivros.org.br\/site\/wp-json\/wp\/v2\/media?parent=2307"}],"wp:term":[{"taxonomy":"category","embeddable":true,"href":"https:\/\/abrelivros.org.br\/site\/wp-json\/wp\/v2\/categories?post=2307"},{"taxonomy":"post_tag","embeddable":true,"href":"https:\/\/abrelivros.org.br\/site\/wp-json\/wp\/v2\/tags?post=2307"}],"curies":[{"name":"wp","href":"https:\/\/api.w.org\/{rel}","templated":true}]}}