{"id":2306,"date":"2008-08-08T17:22:00","date_gmt":"2008-08-08T20:22:00","guid":{"rendered":"https:\/\/abrelivros.org.br\/site\/2008\/08\/08\/fnde-compra-103-milhoes-de-livros-didaticos-em-2008\/"},"modified":"2008-08-08T17:22:00","modified_gmt":"2008-08-08T20:22:00","slug":"fnde-compra-103-milhoes-de-livros-didaticos-em-2008","status":"publish","type":"post","link":"https:\/\/abrelivros.org.br\/site\/fnde-compra-103-milhoes-de-livros-didaticos-em-2008\/","title":{"rendered":"FNDE compra 103 milh\u00f5es de livros did\u00e1ticos em 2008"},"content":{"rendered":"<p>O Fundo Nacional de Desenvolvimento da Educa\u00e7\u00e3o (FNDE) iniciou nesta quinta-feira, 7, as negocia\u00e7\u00f5es para a aquisi\u00e7\u00e3o de mais de 103 milh\u00f5es de livros did\u00e1ticos. No total, 16 grupos editoriais negociam a venda de seus t\u00edtulos, que ser\u00e3o utilizados pelos alunos dos ensinos fundamental e m\u00e9dio, a partir de 2009. &nbsp;<br \/> &nbsp;<br \/> As reuni\u00f5es seguem at\u00e9 a pr\u00f3xima ter\u00e7a-feira, 12. No dia seguinte, a Diretoria de A\u00e7\u00f5es Educacionais do FNDE deve divulgar um balan\u00e7o dos resultados, com os valores e a quantidade de livros negociados com cada editora. &nbsp;<br \/> &nbsp;<br \/> \u201cFeita a escolha pelas escolas, a etapa atual \u00e9 a de ajustar os pre\u00e7os, considerando o custo e as caracter\u00edsticas de cada obra e as tiragens de cada editora\u201d, afirma o diretor de A\u00e7\u00f5es Educacionais, Rafael Torino. No ano passado, o FNDE comprou mais de 128 milh\u00f5es de livros, e cada volume saiu por um pre\u00e7o m\u00e9dio de R$ 5,81. &nbsp;<br \/> &nbsp;<br \/> Neste ano, ser\u00e3o adquiridos t\u00edtulos de portugu\u00eas, matem\u00e1tica, biologia, f\u00edsica e geografia para os 7,2 milh\u00f5es de estudantes do ensino m\u00e9dio, al\u00e9m de livros de hist\u00f3ria e qu\u00edmica para reposi\u00e7\u00e3o, num total de 43 milh\u00f5es de exemplares. &nbsp;<br \/> &nbsp;<br \/> Para o ensino fundamental, ser\u00e3o comprados mais de 60 milh\u00f5es de livros, para todos os alunos da 1\u00aa s\u00e9rie e para complementa\u00e7\u00e3o e reposi\u00e7\u00e3o de todas as disciplinas das demais s\u00e9ries. &nbsp;<br \/> &nbsp;<br \/> Os exemplares adquiridos come\u00e7ar\u00e3o a ser entregues a partir de outubro e estar\u00e3o dispon\u00edveis aos estudantes no in\u00edcio das aulas do ano letivo de 2009, em fevereiro. &nbsp;<br \/> &nbsp;<\/p>\n","protected":false},"excerpt":{"rendered":"<p>O Fundo Nacional de Desenvolvimento da Educa\u00e7\u00e3o (FNDE) iniciou nesta quinta-feira, 7, as negocia\u00e7\u00f5es para a aquisi\u00e7\u00e3o de mais de 103 milh\u00f5es de livros did\u00e1ticos. No total, 16 grupos editoriais negociam a venda de seus t\u00edtulos, que ser\u00e3o utilizados pelos alunos dos ensinos fundamental e m\u00e9dio, a partir de 2009. &nbsp; &nbsp; As reuni\u00f5es seguem [&hellip;]<\/p>\n","protected":false},"author":1,"featured_media":0,"comment_status":"closed","ping_status":"closed","sticky":false,"template":"","format":"standard","meta":{"footnotes":"","_links_to":"","_links_to_target":""},"categories":[9],"tags":[],"class_list":["post-2306","post","type-post","status-publish","format-standard","hentry","category-noticias-da-imprensa"],"yoast_head":"<!-- This site is optimized with the Yoast SEO plugin v15.1 - https:\/\/yoast.com\/wordpress\/plugins\/seo\/ -->\n<title>FNDE compra 103 milh\u00f5es de livros did\u00e1ticos em 2008 &raquo; Abrelivros<\/title>\n<meta name=\"robots\" content=\"index, follow, max-snippet:-1, max-image-preview:large, max-video-preview:-1\" \/>\n<link rel=\"canonical\" href=\"https:\/\/abrelivros.org.br\/site\/fnde-compra-103-milhoes-de-livros-didaticos-em-2008\/\" \/>\n<meta property=\"og:locale\" content=\"pt_BR\" \/>\n<meta property=\"og:type\" content=\"article\" \/>\n<meta property=\"og:title\" content=\"FNDE compra 103 milh\u00f5es de livros did\u00e1ticos em 2008 &raquo; Abrelivros\" \/>\n<meta property=\"og:description\" content=\"O Fundo Nacional de Desenvolvimento da Educa\u00e7\u00e3o (FNDE) iniciou nesta quinta-feira, 7, as negocia\u00e7\u00f5es para a aquisi\u00e7\u00e3o de mais de 103 milh\u00f5es de livros did\u00e1ticos. No total, 16 grupos editoriais negociam a venda de seus t\u00edtulos, que ser\u00e3o utilizados pelos alunos dos ensinos fundamental e m\u00e9dio, a partir de 2009. &nbsp; &nbsp; As reuni\u00f5es seguem [&hellip;]\" \/>\n<meta property=\"og:url\" content=\"https:\/\/abrelivros.org.br\/site\/fnde-compra-103-milhoes-de-livros-didaticos-em-2008\/\" \/>\n<meta property=\"og:site_name\" content=\"Abrelivros\" \/>\n<meta property=\"article:published_time\" content=\"2008-08-08T20:22:00+00:00\" \/>\n<meta name=\"twitter:card\" content=\"summary_large_image\" \/>\n<script type=\"application\/ld+json\" class=\"yoast-schema-graph\">{\"@context\":\"https:\/\/schema.org\",\"@graph\":[{\"@type\":\"WebSite\",\"@id\":\"https:\/\/abrelivros.org.br\/site\/#website\",\"url\":\"https:\/\/abrelivros.org.br\/site\/\",\"name\":\"Abrelivros\",\"description\":\"\",\"potentialAction\":[{\"@type\":\"SearchAction\",\"target\":\"https:\/\/abrelivros.org.br\/site\/?s={search_term_string}\",\"query-input\":\"required name=search_term_string\"}],\"inLanguage\":\"pt-BR\"},{\"@type\":\"WebPage\",\"@id\":\"https:\/\/abrelivros.org.br\/site\/fnde-compra-103-milhoes-de-livros-didaticos-em-2008\/#webpage\",\"url\":\"https:\/\/abrelivros.org.br\/site\/fnde-compra-103-milhoes-de-livros-didaticos-em-2008\/\",\"name\":\"FNDE compra 103 milh\\u00f5es de livros did\\u00e1ticos em 2008 &raquo; Abrelivros\",\"isPartOf\":{\"@id\":\"https:\/\/abrelivros.org.br\/site\/#website\"},\"datePublished\":\"2008-08-08T20:22:00+00:00\",\"dateModified\":\"2008-08-08T20:22:00+00:00\",\"author\":{\"@id\":\"https:\/\/abrelivros.org.br\/site\/#\/schema\/person\/2b867f13a717bb230f1a3555505f5593\"},\"breadcrumb\":{\"@id\":\"https:\/\/abrelivros.org.br\/site\/fnde-compra-103-milhoes-de-livros-didaticos-em-2008\/#breadcrumb\"},\"inLanguage\":\"pt-BR\",\"potentialAction\":[{\"@type\":\"ReadAction\",\"target\":[\"https:\/\/abrelivros.org.br\/site\/fnde-compra-103-milhoes-de-livros-didaticos-em-2008\/\"]}]},{\"@type\":\"BreadcrumbList\",\"@id\":\"https:\/\/abrelivros.org.br\/site\/fnde-compra-103-milhoes-de-livros-didaticos-em-2008\/#breadcrumb\",\"itemListElement\":[{\"@type\":\"ListItem\",\"position\":1,\"item\":{\"@type\":\"WebPage\",\"@id\":\"https:\/\/abrelivros.org.br\/site\/\",\"url\":\"https:\/\/abrelivros.org.br\/site\/\",\"name\":\"In\\u00edcio\"}},{\"@type\":\"ListItem\",\"position\":2,\"item\":{\"@type\":\"WebPage\",\"@id\":\"https:\/\/abrelivros.org.br\/site\/category\/noticias\/\",\"url\":\"https:\/\/abrelivros.org.br\/site\/category\/noticias\/\",\"name\":\"Not\\u00edcias\"}},{\"@type\":\"ListItem\",\"position\":3,\"item\":{\"@type\":\"WebPage\",\"@id\":\"https:\/\/abrelivros.org.br\/site\/category\/noticias\/noticias-da-imprensa\/\",\"url\":\"https:\/\/abrelivros.org.br\/site\/category\/noticias\/noticias-da-imprensa\/\",\"name\":\"Not\\u00edcias da imprensa\"}},{\"@type\":\"ListItem\",\"position\":4,\"item\":{\"@type\":\"WebPage\",\"@id\":\"https:\/\/abrelivros.org.br\/site\/fnde-compra-103-milhoes-de-livros-didaticos-em-2008\/\",\"url\":\"https:\/\/abrelivros.org.br\/site\/fnde-compra-103-milhoes-de-livros-didaticos-em-2008\/\",\"name\":\"FNDE compra 103 milh\\u00f5es de livros did\\u00e1ticos em 2008\"}}]},{\"@type\":\"Person\",\"@id\":\"https:\/\/abrelivros.org.br\/site\/#\/schema\/person\/2b867f13a717bb230f1a3555505f5593\",\"name\":\"\\u00a0\",\"image\":{\"@type\":\"ImageObject\",\"@id\":\"https:\/\/abrelivros.org.br\/site\/#personlogo\",\"inLanguage\":\"pt-BR\",\"url\":\"https:\/\/secure.gravatar.com\/avatar\/e80b7f5231be2fff5040a8023da424898002831c5439420df182ae62676d2a6f?s=96&d=mm&r=g\",\"caption\":\"\\u00a0\"}}]}<\/script>\n<!-- \/ Yoast SEO plugin. -->","_links":{"self":[{"href":"https:\/\/abrelivros.org.br\/site\/wp-json\/wp\/v2\/posts\/2306","targetHints":{"allow":["GET"]}}],"collection":[{"href":"https:\/\/abrelivros.org.br\/site\/wp-json\/wp\/v2\/posts"}],"about":[{"href":"https:\/\/abrelivros.org.br\/site\/wp-json\/wp\/v2\/types\/post"}],"author":[{"embeddable":true,"href":"https:\/\/abrelivros.org.br\/site\/wp-json\/wp\/v2\/users\/1"}],"replies":[{"embeddable":true,"href":"https:\/\/abrelivros.org.br\/site\/wp-json\/wp\/v2\/comments?post=2306"}],"version-history":[{"count":0,"href":"https:\/\/abrelivros.org.br\/site\/wp-json\/wp\/v2\/posts\/2306\/revisions"}],"wp:attachment":[{"href":"https:\/\/abrelivros.org.br\/site\/wp-json\/wp\/v2\/media?parent=2306"}],"wp:term":[{"taxonomy":"category","embeddable":true,"href":"https:\/\/abrelivros.org.br\/site\/wp-json\/wp\/v2\/categories?post=2306"},{"taxonomy":"post_tag","embeddable":true,"href":"https:\/\/abrelivros.org.br\/site\/wp-json\/wp\/v2\/tags?post=2306"}],"curies":[{"name":"wp","href":"https:\/\/api.w.org\/{rel}","templated":true}]}}