{"id":2305,"date":"2008-08-11T11:18:00","date_gmt":"2008-08-11T14:18:00","guid":{"rendered":"https:\/\/abrelivros.org.br\/site\/2008\/08\/11\/fnde-participa-da-bienal-de-sao-paulo\/"},"modified":"2008-08-11T11:18:00","modified_gmt":"2008-08-11T14:18:00","slug":"fnde-participa-da-bienal-de-sao-paulo","status":"publish","type":"post","link":"https:\/\/abrelivros.org.br\/site\/fnde-participa-da-bienal-de-sao-paulo\/","title":{"rendered":"FNDE participa da Bienal de S\u00e3o Paulo"},"content":{"rendered":"<p>O Fundo Nacional de Desenvolvimento da Educa\u00e7\u00e3o (FNDE) participar\u00e1 da 20\u00aa Bienal Internacional do Livro de S\u00e3o Paulo, que come\u00e7a na pr\u00f3xima quinta-feira, 14, e vai at\u00e9 24 de agosto. A feira ocorrer\u00e1 no Pavilh\u00e3o de Exposi\u00e7\u00f5es do Anhembi, na capital paulista. O estande do FNDE ter\u00e1 uma ampla programa\u00e7\u00e3o, com narra\u00e7\u00e3o de hist\u00f3rias para crian\u00e7as, oficinas e encontros com autores. Tamb\u00e9m ser\u00e3o divulgados os programas do livro e de incentivo \u00e0 leitura desenvolvidos pelo \u00f3rg\u00e3o. \u00a0<br \/> \u00a0<br \/> No segundo dia do evento, 15 de agosto, o presidente do fundo, Daniel Balaban, falar\u00e1 sobre o Plano de Desenvolvimento da Educa\u00e7\u00e3o (PDE) e as Pol\u00edticas do Livro e da Leitura. A palestra ser\u00e1 \u00e0s 11h, no Sal\u00e3o de Id\u00e9ias Volkswagen. \u201cVou relembrar qual a pol\u00edtica anterior ao PDE, o que impulsionou o plano e mostrar os resultados depois de um ano de cria\u00e7\u00e3o do plano\u201d diz Balaban. \u201cNa ocasi\u00e3o, mostrarei os reflexos do PDE no incentivo \u00e0 leitura\u201d. \u00a0<br \/> \u00a0<br \/> Realizada pela C\u00e2mara Brasileira do Livro (CBL), a 20\u00aa edi\u00e7\u00e3o da Bienal vai reunir 350 expositores nacionais e estrangeiros em 70 mil m\u00b2 do Pavilh\u00e3o do Anhembi, representando mais de 900 selos editoriais. S\u00e3o esperadas mais de 800 mil pessoas nos onze dias da feira. \u00a0<br \/> \u00a0<br \/> Na programa\u00e7\u00e3o do estande do FNDE, haver\u00e1 encontros com autores como Ign\u00e1cio de Loyola Brand\u00e3o, Daniel Munduruku, Anna Claudia Ramos e Ricardo Azevedo. Um dos seus principais objetivos \u00e9 permitir a integra\u00e7\u00e3o entre autores e estudantes, envolvendo crian\u00e7as e jovens para a cria\u00e7\u00e3o de novos leitores. Tamb\u00e9m ser\u00e3o promovidas oficinas de preserva\u00e7\u00e3o de livros, ilustra\u00e7\u00e3o e xilogravura. \u00a0<br \/> \u00a0<br \/> Confira a <a href=\"ftp:\/\/ftp.fnde.gov.br\/web\/noticias_arquivos\/folder_bienal_2008.pdf\" target=\"_blank\" rel=\"noopener noreferrer\">programa\u00e7\u00e3o<\/a> do estande do FNDE. \u00a0<br \/> \u00a0<\/p>\n","protected":false},"excerpt":{"rendered":"<p>O Fundo Nacional de Desenvolvimento da Educa\u00e7\u00e3o (FNDE) participar\u00e1 da 20\u00aa Bienal Internacional do Livro de S\u00e3o Paulo, que come\u00e7a na pr\u00f3xima quinta-feira, 14, e vai at\u00e9 24 de agosto. A feira ocorrer\u00e1 no Pavilh\u00e3o de Exposi\u00e7\u00f5es do Anhembi, na capital paulista. O estande do FNDE ter\u00e1 uma ampla programa\u00e7\u00e3o, com narra\u00e7\u00e3o de hist\u00f3rias para [&hellip;]<\/p>\n","protected":false},"author":1,"featured_media":0,"comment_status":"closed","ping_status":"closed","sticky":false,"template":"","format":"standard","meta":{"footnotes":"","_links_to":"","_links_to_target":""},"categories":[9],"tags":[],"class_list":["post-2305","post","type-post","status-publish","format-standard","hentry","category-noticias-da-imprensa"],"yoast_head":"<!-- This site is optimized with the Yoast SEO plugin v15.1 - https:\/\/yoast.com\/wordpress\/plugins\/seo\/ -->\n<title>FNDE participa da Bienal de S\u00e3o Paulo &raquo; Abrelivros<\/title>\n<meta name=\"robots\" content=\"index, follow, max-snippet:-1, max-image-preview:large, max-video-preview:-1\" \/>\n<link rel=\"canonical\" href=\"https:\/\/abrelivros.org.br\/site\/fnde-participa-da-bienal-de-sao-paulo\/\" \/>\n<meta property=\"og:locale\" content=\"pt_BR\" \/>\n<meta property=\"og:type\" content=\"article\" \/>\n<meta property=\"og:title\" content=\"FNDE participa da Bienal de S\u00e3o Paulo &raquo; Abrelivros\" \/>\n<meta property=\"og:description\" content=\"O Fundo Nacional de Desenvolvimento da Educa\u00e7\u00e3o (FNDE) participar\u00e1 da 20\u00aa Bienal Internacional do Livro de S\u00e3o Paulo, que come\u00e7a na pr\u00f3xima quinta-feira, 14, e vai at\u00e9 24 de agosto. A feira ocorrer\u00e1 no Pavilh\u00e3o de Exposi\u00e7\u00f5es do Anhembi, na capital paulista. O estande do FNDE ter\u00e1 uma ampla programa\u00e7\u00e3o, com narra\u00e7\u00e3o de hist\u00f3rias para [&hellip;]\" \/>\n<meta property=\"og:url\" content=\"https:\/\/abrelivros.org.br\/site\/fnde-participa-da-bienal-de-sao-paulo\/\" \/>\n<meta property=\"og:site_name\" content=\"Abrelivros\" \/>\n<meta property=\"article:published_time\" content=\"2008-08-11T14:18:00+00:00\" \/>\n<meta name=\"twitter:card\" content=\"summary_large_image\" \/>\n<script type=\"application\/ld+json\" class=\"yoast-schema-graph\">{\"@context\":\"https:\/\/schema.org\",\"@graph\":[{\"@type\":\"WebSite\",\"@id\":\"https:\/\/abrelivros.org.br\/site\/#website\",\"url\":\"https:\/\/abrelivros.org.br\/site\/\",\"name\":\"Abrelivros\",\"description\":\"\",\"potentialAction\":[{\"@type\":\"SearchAction\",\"target\":\"https:\/\/abrelivros.org.br\/site\/?s={search_term_string}\",\"query-input\":\"required name=search_term_string\"}],\"inLanguage\":\"pt-BR\"},{\"@type\":\"WebPage\",\"@id\":\"https:\/\/abrelivros.org.br\/site\/fnde-participa-da-bienal-de-sao-paulo\/#webpage\",\"url\":\"https:\/\/abrelivros.org.br\/site\/fnde-participa-da-bienal-de-sao-paulo\/\",\"name\":\"FNDE participa da Bienal de S\\u00e3o Paulo &raquo; Abrelivros\",\"isPartOf\":{\"@id\":\"https:\/\/abrelivros.org.br\/site\/#website\"},\"datePublished\":\"2008-08-11T14:18:00+00:00\",\"dateModified\":\"2008-08-11T14:18:00+00:00\",\"author\":{\"@id\":\"https:\/\/abrelivros.org.br\/site\/#\/schema\/person\/2b867f13a717bb230f1a3555505f5593\"},\"breadcrumb\":{\"@id\":\"https:\/\/abrelivros.org.br\/site\/fnde-participa-da-bienal-de-sao-paulo\/#breadcrumb\"},\"inLanguage\":\"pt-BR\",\"potentialAction\":[{\"@type\":\"ReadAction\",\"target\":[\"https:\/\/abrelivros.org.br\/site\/fnde-participa-da-bienal-de-sao-paulo\/\"]}]},{\"@type\":\"BreadcrumbList\",\"@id\":\"https:\/\/abrelivros.org.br\/site\/fnde-participa-da-bienal-de-sao-paulo\/#breadcrumb\",\"itemListElement\":[{\"@type\":\"ListItem\",\"position\":1,\"item\":{\"@type\":\"WebPage\",\"@id\":\"https:\/\/abrelivros.org.br\/site\/\",\"url\":\"https:\/\/abrelivros.org.br\/site\/\",\"name\":\"In\\u00edcio\"}},{\"@type\":\"ListItem\",\"position\":2,\"item\":{\"@type\":\"WebPage\",\"@id\":\"https:\/\/abrelivros.org.br\/site\/category\/noticias\/\",\"url\":\"https:\/\/abrelivros.org.br\/site\/category\/noticias\/\",\"name\":\"Not\\u00edcias\"}},{\"@type\":\"ListItem\",\"position\":3,\"item\":{\"@type\":\"WebPage\",\"@id\":\"https:\/\/abrelivros.org.br\/site\/category\/noticias\/noticias-da-imprensa\/\",\"url\":\"https:\/\/abrelivros.org.br\/site\/category\/noticias\/noticias-da-imprensa\/\",\"name\":\"Not\\u00edcias da imprensa\"}},{\"@type\":\"ListItem\",\"position\":4,\"item\":{\"@type\":\"WebPage\",\"@id\":\"https:\/\/abrelivros.org.br\/site\/fnde-participa-da-bienal-de-sao-paulo\/\",\"url\":\"https:\/\/abrelivros.org.br\/site\/fnde-participa-da-bienal-de-sao-paulo\/\",\"name\":\"FNDE participa da Bienal de S\\u00e3o Paulo\"}}]},{\"@type\":\"Person\",\"@id\":\"https:\/\/abrelivros.org.br\/site\/#\/schema\/person\/2b867f13a717bb230f1a3555505f5593\",\"name\":\"\\u00a0\",\"image\":{\"@type\":\"ImageObject\",\"@id\":\"https:\/\/abrelivros.org.br\/site\/#personlogo\",\"inLanguage\":\"pt-BR\",\"url\":\"https:\/\/secure.gravatar.com\/avatar\/e80b7f5231be2fff5040a8023da424898002831c5439420df182ae62676d2a6f?s=96&d=mm&r=g\",\"caption\":\"\\u00a0\"}}]}<\/script>\n<!-- \/ Yoast SEO plugin. -->","_links":{"self":[{"href":"https:\/\/abrelivros.org.br\/site\/wp-json\/wp\/v2\/posts\/2305","targetHints":{"allow":["GET"]}}],"collection":[{"href":"https:\/\/abrelivros.org.br\/site\/wp-json\/wp\/v2\/posts"}],"about":[{"href":"https:\/\/abrelivros.org.br\/site\/wp-json\/wp\/v2\/types\/post"}],"author":[{"embeddable":true,"href":"https:\/\/abrelivros.org.br\/site\/wp-json\/wp\/v2\/users\/1"}],"replies":[{"embeddable":true,"href":"https:\/\/abrelivros.org.br\/site\/wp-json\/wp\/v2\/comments?post=2305"}],"version-history":[{"count":0,"href":"https:\/\/abrelivros.org.br\/site\/wp-json\/wp\/v2\/posts\/2305\/revisions"}],"wp:attachment":[{"href":"https:\/\/abrelivros.org.br\/site\/wp-json\/wp\/v2\/media?parent=2305"}],"wp:term":[{"taxonomy":"category","embeddable":true,"href":"https:\/\/abrelivros.org.br\/site\/wp-json\/wp\/v2\/categories?post=2305"},{"taxonomy":"post_tag","embeddable":true,"href":"https:\/\/abrelivros.org.br\/site\/wp-json\/wp\/v2\/tags?post=2305"}],"curies":[{"name":"wp","href":"https:\/\/api.w.org\/{rel}","templated":true}]}}