{"id":2303,"date":"2008-08-11T16:32:00","date_gmt":"2008-08-11T19:32:00","guid":{"rendered":"https:\/\/abrelivros.org.br\/site\/2008\/08\/11\/para-todos-2\/"},"modified":"2008-08-11T16:32:00","modified_gmt":"2008-08-11T19:32:00","slug":"para-todos-2","status":"publish","type":"post","link":"https:\/\/abrelivros.org.br\/site\/para-todos-2\/","title":{"rendered":"PARA TODOS"},"content":{"rendered":"<p>O Instituto Pr\u00f3-Livro uniu-se \u00e0 Funda\u00e7\u00e3o Dorina Nowill para garantir a inclus\u00e3o social de crian\u00e7as e adolescentes com defici\u00eancias f\u00edsica, visual e auditiva durante a Bienal do Livro. No estande da institui\u00e7\u00e3o ser\u00e3o disponibilizados dois t\u00f3tens com \u00e1udiolivros e cerca de 20 t\u00edtulos em braile, entre eles \u201cMoby Dick\u201c, de Hermann Melville, \u201cO Ca\u00e7ador de Pipas\u201c, de Khaled Hosseini, e \u201cMem\u00f3rias de uma Gueixa\u201c, de Arthur Golden. Coordenadoras especializadas na linguagem de sinais tamb\u00e9m estar\u00e3o a postos para acompanhar as pessoas durante todo o trajeto.\u00a0<br \/>  \u00a0<br \/> Segundo pesquisa do Instituto, 2,9 milh\u00f5es de brasileiros utilizam \u00e1udiolivros para ler, e 409 mil t\u00eam livros em braile.\u00a0<\/p>\n<p><\/p>\n","protected":false},"excerpt":{"rendered":"<p>O Instituto Pr\u00f3-Livro uniu-se \u00e0 Funda\u00e7\u00e3o Dorina Nowill para garantir a inclus\u00e3o social de crian\u00e7as e adolescentes com defici\u00eancias f\u00edsica, visual e auditiva durante a Bienal do Livro. No estande da institui\u00e7\u00e3o ser\u00e3o disponibilizados dois t\u00f3tens com \u00e1udiolivros e cerca de 20 t\u00edtulos em braile, entre eles \u201cMoby Dick\u201c, de Hermann Melville, \u201cO Ca\u00e7ador de [&hellip;]<\/p>\n","protected":false},"author":1,"featured_media":0,"comment_status":"closed","ping_status":"closed","sticky":false,"template":"","format":"standard","meta":{"footnotes":"","_links_to":"","_links_to_target":""},"categories":[9],"tags":[],"class_list":["post-2303","post","type-post","status-publish","format-standard","hentry","category-noticias-da-imprensa"],"yoast_head":"<!-- This site is optimized with the Yoast SEO plugin v15.1 - https:\/\/yoast.com\/wordpress\/plugins\/seo\/ -->\n<title>PARA TODOS &raquo; Abrelivros<\/title>\n<meta name=\"robots\" content=\"index, follow, max-snippet:-1, max-image-preview:large, max-video-preview:-1\" \/>\n<link rel=\"canonical\" href=\"https:\/\/abrelivros.org.br\/site\/para-todos-2\/\" \/>\n<meta property=\"og:locale\" content=\"pt_BR\" \/>\n<meta property=\"og:type\" content=\"article\" \/>\n<meta property=\"og:title\" content=\"PARA TODOS &raquo; Abrelivros\" \/>\n<meta property=\"og:description\" content=\"O Instituto Pr\u00f3-Livro uniu-se \u00e0 Funda\u00e7\u00e3o Dorina Nowill para garantir a inclus\u00e3o social de crian\u00e7as e adolescentes com defici\u00eancias f\u00edsica, visual e auditiva durante a Bienal do Livro. No estande da institui\u00e7\u00e3o ser\u00e3o disponibilizados dois t\u00f3tens com \u00e1udiolivros e cerca de 20 t\u00edtulos em braile, entre eles \u201cMoby Dick\u201c, de Hermann Melville, \u201cO Ca\u00e7ador de [&hellip;]\" \/>\n<meta property=\"og:url\" content=\"https:\/\/abrelivros.org.br\/site\/para-todos-2\/\" \/>\n<meta property=\"og:site_name\" content=\"Abrelivros\" \/>\n<meta property=\"article:published_time\" content=\"2008-08-11T19:32:00+00:00\" \/>\n<meta name=\"twitter:card\" content=\"summary_large_image\" \/>\n<script type=\"application\/ld+json\" class=\"yoast-schema-graph\">{\"@context\":\"https:\/\/schema.org\",\"@graph\":[{\"@type\":\"WebSite\",\"@id\":\"https:\/\/abrelivros.org.br\/site\/#website\",\"url\":\"https:\/\/abrelivros.org.br\/site\/\",\"name\":\"Abrelivros\",\"description\":\"\",\"potentialAction\":[{\"@type\":\"SearchAction\",\"target\":\"https:\/\/abrelivros.org.br\/site\/?s={search_term_string}\",\"query-input\":\"required name=search_term_string\"}],\"inLanguage\":\"pt-BR\"},{\"@type\":\"WebPage\",\"@id\":\"https:\/\/abrelivros.org.br\/site\/para-todos-2\/#webpage\",\"url\":\"https:\/\/abrelivros.org.br\/site\/para-todos-2\/\",\"name\":\"PARA TODOS &raquo; Abrelivros\",\"isPartOf\":{\"@id\":\"https:\/\/abrelivros.org.br\/site\/#website\"},\"datePublished\":\"2008-08-11T19:32:00+00:00\",\"dateModified\":\"2008-08-11T19:32:00+00:00\",\"author\":{\"@id\":\"https:\/\/abrelivros.org.br\/site\/#\/schema\/person\/2b867f13a717bb230f1a3555505f5593\"},\"breadcrumb\":{\"@id\":\"https:\/\/abrelivros.org.br\/site\/para-todos-2\/#breadcrumb\"},\"inLanguage\":\"pt-BR\",\"potentialAction\":[{\"@type\":\"ReadAction\",\"target\":[\"https:\/\/abrelivros.org.br\/site\/para-todos-2\/\"]}]},{\"@type\":\"BreadcrumbList\",\"@id\":\"https:\/\/abrelivros.org.br\/site\/para-todos-2\/#breadcrumb\",\"itemListElement\":[{\"@type\":\"ListItem\",\"position\":1,\"item\":{\"@type\":\"WebPage\",\"@id\":\"https:\/\/abrelivros.org.br\/site\/\",\"url\":\"https:\/\/abrelivros.org.br\/site\/\",\"name\":\"In\\u00edcio\"}},{\"@type\":\"ListItem\",\"position\":2,\"item\":{\"@type\":\"WebPage\",\"@id\":\"https:\/\/abrelivros.org.br\/site\/category\/noticias\/\",\"url\":\"https:\/\/abrelivros.org.br\/site\/category\/noticias\/\",\"name\":\"Not\\u00edcias\"}},{\"@type\":\"ListItem\",\"position\":3,\"item\":{\"@type\":\"WebPage\",\"@id\":\"https:\/\/abrelivros.org.br\/site\/category\/noticias\/noticias-da-imprensa\/\",\"url\":\"https:\/\/abrelivros.org.br\/site\/category\/noticias\/noticias-da-imprensa\/\",\"name\":\"Not\\u00edcias da imprensa\"}},{\"@type\":\"ListItem\",\"position\":4,\"item\":{\"@type\":\"WebPage\",\"@id\":\"https:\/\/abrelivros.org.br\/site\/para-todos-2\/\",\"url\":\"https:\/\/abrelivros.org.br\/site\/para-todos-2\/\",\"name\":\"PARA TODOS\"}}]},{\"@type\":\"Person\",\"@id\":\"https:\/\/abrelivros.org.br\/site\/#\/schema\/person\/2b867f13a717bb230f1a3555505f5593\",\"name\":\"\\u00a0\",\"image\":{\"@type\":\"ImageObject\",\"@id\":\"https:\/\/abrelivros.org.br\/site\/#personlogo\",\"inLanguage\":\"pt-BR\",\"url\":\"https:\/\/secure.gravatar.com\/avatar\/e80b7f5231be2fff5040a8023da424898002831c5439420df182ae62676d2a6f?s=96&d=mm&r=g\",\"caption\":\"\\u00a0\"}}]}<\/script>\n<!-- \/ Yoast SEO plugin. -->","_links":{"self":[{"href":"https:\/\/abrelivros.org.br\/site\/wp-json\/wp\/v2\/posts\/2303","targetHints":{"allow":["GET"]}}],"collection":[{"href":"https:\/\/abrelivros.org.br\/site\/wp-json\/wp\/v2\/posts"}],"about":[{"href":"https:\/\/abrelivros.org.br\/site\/wp-json\/wp\/v2\/types\/post"}],"author":[{"embeddable":true,"href":"https:\/\/abrelivros.org.br\/site\/wp-json\/wp\/v2\/users\/1"}],"replies":[{"embeddable":true,"href":"https:\/\/abrelivros.org.br\/site\/wp-json\/wp\/v2\/comments?post=2303"}],"version-history":[{"count":0,"href":"https:\/\/abrelivros.org.br\/site\/wp-json\/wp\/v2\/posts\/2303\/revisions"}],"wp:attachment":[{"href":"https:\/\/abrelivros.org.br\/site\/wp-json\/wp\/v2\/media?parent=2303"}],"wp:term":[{"taxonomy":"category","embeddable":true,"href":"https:\/\/abrelivros.org.br\/site\/wp-json\/wp\/v2\/categories?post=2303"},{"taxonomy":"post_tag","embeddable":true,"href":"https:\/\/abrelivros.org.br\/site\/wp-json\/wp\/v2\/tags?post=2303"}],"curies":[{"name":"wp","href":"https:\/\/api.w.org\/{rel}","templated":true}]}}