{"id":2302,"date":"2008-08-12T16:18:00","date_gmt":"2008-08-12T19:18:00","guid":{"rendered":"https:\/\/abrelivros.org.br\/site\/2008\/08\/12\/versao-mini-chega-com-nova-ortografia\/"},"modified":"2008-08-12T16:18:00","modified_gmt":"2008-08-12T19:18:00","slug":"versao-mini-chega-com-nova-ortografia","status":"publish","type":"post","link":"https:\/\/abrelivros.org.br\/site\/versao-mini-chega-com-nova-ortografia\/","title":{"rendered":"Vers\u00e3o \u2019mini\u2019 chega com nova ortografia"},"content":{"rendered":"<p>Al\u00e9m dos convidados internacionais e das publica\u00e7\u00f5es infantis, a 20\u00ba Bienal Internacional do Livro de S\u00e3o Paulo promete receber tamb\u00e9m uma avalanche de lan\u00e7amentos de minidicion\u00e1rios atualizados com as mudan\u00e7as da Reforma Ortogr\u00e1fica da L\u00edngua Portuguesa. \u00a0<br \/> \u00a0<br \/> As editoras Melhoramentos, Positivo e Objetiva\/Moderna &#8211; donas das marcas Michaelis, Aur\u00e9lio e Houaiss, respectivamente &#8211; apresentar\u00e3o as publica\u00e7\u00f5es no evento, que come\u00e7a na quinta-feira, dia 14. \u201cO investimento para atualizar todo o banco de dados do Michaelis para o acordo ortogr\u00e1fico soma R$ 1 milh\u00e3o\u201c, diz Breno Lerner, presidente da Melhoramentos. \u00a0<br \/> \u00a0<br \/> Al\u00e9m dessas tr\u00eas editoras, a Ibep-Nacional e a FTD est\u00e3o preparando para o pr\u00f3ximo m\u00eas novas vers\u00f5es de dicion\u00e1rios. \u201cA id\u00e9ia inicial era lan\u00e7ar na Bienal, mas n\u00e3o deu tempo\u201c, explicou Antonio Nicolau Youssef, diretor-editorial da Ibep-Nacional, que colocar\u00e1 no mercado dois novos dicion\u00e1rios. \u00a0<br \/> \u00a0<br \/> <a href=\"http:\/\/www.valoronline.com.br\/compra_online\/login.aspx?ReturnUrl=%2fvaloreconomico%2f285%2fempresasetecnologia%2fempresas%2fVersao%2bmini%2b%2b%2bchega%2b%2bcom%2bnova%2bortografia%2bna%2bBienal%2c%2c%2c51%2c5089659.html%3fhighlight%3d%26newsid%3d5089659%\" target=\"_blank\" rel=\"noopener noreferrer\">leia mais&#8230;<\/a><br \/> \u00a0<\/p>\n<p><\/p>\n","protected":false},"excerpt":{"rendered":"<p>Al\u00e9m dos convidados internacionais e das publica\u00e7\u00f5es infantis, a 20\u00ba Bienal Internacional do Livro de S\u00e3o Paulo promete receber tamb\u00e9m uma avalanche de lan\u00e7amentos de minidicion\u00e1rios atualizados com as mudan\u00e7as da Reforma Ortogr\u00e1fica da L\u00edngua Portuguesa. \u00a0 \u00a0 As editoras Melhoramentos, Positivo e Objetiva\/Moderna &#8211; donas das marcas Michaelis, Aur\u00e9lio e Houaiss, respectivamente &#8211; apresentar\u00e3o [&hellip;]<\/p>\n","protected":false},"author":1,"featured_media":0,"comment_status":"closed","ping_status":"closed","sticky":false,"template":"","format":"standard","meta":{"footnotes":"","_links_to":"","_links_to_target":""},"categories":[9],"tags":[],"class_list":["post-2302","post","type-post","status-publish","format-standard","hentry","category-noticias-da-imprensa"],"yoast_head":"<!-- This site is optimized with the Yoast SEO plugin v15.1 - https:\/\/yoast.com\/wordpress\/plugins\/seo\/ -->\n<title>Vers\u00e3o \u2019mini\u2019 chega com nova ortografia &raquo; Abrelivros<\/title>\n<meta name=\"robots\" content=\"index, follow, max-snippet:-1, max-image-preview:large, max-video-preview:-1\" \/>\n<link rel=\"canonical\" href=\"https:\/\/abrelivros.org.br\/site\/versao-mini-chega-com-nova-ortografia\/\" \/>\n<meta property=\"og:locale\" content=\"pt_BR\" \/>\n<meta property=\"og:type\" content=\"article\" \/>\n<meta property=\"og:title\" content=\"Vers\u00e3o \u2019mini\u2019 chega com nova ortografia &raquo; Abrelivros\" \/>\n<meta property=\"og:description\" content=\"Al\u00e9m dos convidados internacionais e das publica\u00e7\u00f5es infantis, a 20\u00ba Bienal Internacional do Livro de S\u00e3o Paulo promete receber tamb\u00e9m uma avalanche de lan\u00e7amentos de minidicion\u00e1rios atualizados com as mudan\u00e7as da Reforma Ortogr\u00e1fica da L\u00edngua Portuguesa. \u00a0 \u00a0 As editoras Melhoramentos, Positivo e Objetiva\/Moderna &#8211; donas das marcas Michaelis, Aur\u00e9lio e Houaiss, respectivamente &#8211; apresentar\u00e3o [&hellip;]\" \/>\n<meta property=\"og:url\" content=\"https:\/\/abrelivros.org.br\/site\/versao-mini-chega-com-nova-ortografia\/\" \/>\n<meta property=\"og:site_name\" content=\"Abrelivros\" \/>\n<meta property=\"article:published_time\" content=\"2008-08-12T19:18:00+00:00\" \/>\n<meta name=\"twitter:card\" content=\"summary_large_image\" \/>\n<script type=\"application\/ld+json\" class=\"yoast-schema-graph\">{\"@context\":\"https:\/\/schema.org\",\"@graph\":[{\"@type\":\"WebSite\",\"@id\":\"https:\/\/abrelivros.org.br\/site\/#website\",\"url\":\"https:\/\/abrelivros.org.br\/site\/\",\"name\":\"Abrelivros\",\"description\":\"\",\"potentialAction\":[{\"@type\":\"SearchAction\",\"target\":\"https:\/\/abrelivros.org.br\/site\/?s={search_term_string}\",\"query-input\":\"required name=search_term_string\"}],\"inLanguage\":\"pt-BR\"},{\"@type\":\"WebPage\",\"@id\":\"https:\/\/abrelivros.org.br\/site\/versao-mini-chega-com-nova-ortografia\/#webpage\",\"url\":\"https:\/\/abrelivros.org.br\/site\/versao-mini-chega-com-nova-ortografia\/\",\"name\":\"Vers\\u00e3o \\u2019mini\\u2019 chega com nova ortografia &raquo; Abrelivros\",\"isPartOf\":{\"@id\":\"https:\/\/abrelivros.org.br\/site\/#website\"},\"datePublished\":\"2008-08-12T19:18:00+00:00\",\"dateModified\":\"2008-08-12T19:18:00+00:00\",\"author\":{\"@id\":\"https:\/\/abrelivros.org.br\/site\/#\/schema\/person\/2b867f13a717bb230f1a3555505f5593\"},\"breadcrumb\":{\"@id\":\"https:\/\/abrelivros.org.br\/site\/versao-mini-chega-com-nova-ortografia\/#breadcrumb\"},\"inLanguage\":\"pt-BR\",\"potentialAction\":[{\"@type\":\"ReadAction\",\"target\":[\"https:\/\/abrelivros.org.br\/site\/versao-mini-chega-com-nova-ortografia\/\"]}]},{\"@type\":\"BreadcrumbList\",\"@id\":\"https:\/\/abrelivros.org.br\/site\/versao-mini-chega-com-nova-ortografia\/#breadcrumb\",\"itemListElement\":[{\"@type\":\"ListItem\",\"position\":1,\"item\":{\"@type\":\"WebPage\",\"@id\":\"https:\/\/abrelivros.org.br\/site\/\",\"url\":\"https:\/\/abrelivros.org.br\/site\/\",\"name\":\"In\\u00edcio\"}},{\"@type\":\"ListItem\",\"position\":2,\"item\":{\"@type\":\"WebPage\",\"@id\":\"https:\/\/abrelivros.org.br\/site\/category\/noticias\/\",\"url\":\"https:\/\/abrelivros.org.br\/site\/category\/noticias\/\",\"name\":\"Not\\u00edcias\"}},{\"@type\":\"ListItem\",\"position\":3,\"item\":{\"@type\":\"WebPage\",\"@id\":\"https:\/\/abrelivros.org.br\/site\/category\/noticias\/noticias-da-imprensa\/\",\"url\":\"https:\/\/abrelivros.org.br\/site\/category\/noticias\/noticias-da-imprensa\/\",\"name\":\"Not\\u00edcias da imprensa\"}},{\"@type\":\"ListItem\",\"position\":4,\"item\":{\"@type\":\"WebPage\",\"@id\":\"https:\/\/abrelivros.org.br\/site\/versao-mini-chega-com-nova-ortografia\/\",\"url\":\"https:\/\/abrelivros.org.br\/site\/versao-mini-chega-com-nova-ortografia\/\",\"name\":\"Vers\\u00e3o \\u2019mini\\u2019 chega com nova ortografia\"}}]},{\"@type\":\"Person\",\"@id\":\"https:\/\/abrelivros.org.br\/site\/#\/schema\/person\/2b867f13a717bb230f1a3555505f5593\",\"name\":\"\\u00a0\",\"image\":{\"@type\":\"ImageObject\",\"@id\":\"https:\/\/abrelivros.org.br\/site\/#personlogo\",\"inLanguage\":\"pt-BR\",\"url\":\"https:\/\/secure.gravatar.com\/avatar\/e80b7f5231be2fff5040a8023da424898002831c5439420df182ae62676d2a6f?s=96&d=mm&r=g\",\"caption\":\"\\u00a0\"}}]}<\/script>\n<!-- \/ Yoast SEO plugin. -->","_links":{"self":[{"href":"https:\/\/abrelivros.org.br\/site\/wp-json\/wp\/v2\/posts\/2302","targetHints":{"allow":["GET"]}}],"collection":[{"href":"https:\/\/abrelivros.org.br\/site\/wp-json\/wp\/v2\/posts"}],"about":[{"href":"https:\/\/abrelivros.org.br\/site\/wp-json\/wp\/v2\/types\/post"}],"author":[{"embeddable":true,"href":"https:\/\/abrelivros.org.br\/site\/wp-json\/wp\/v2\/users\/1"}],"replies":[{"embeddable":true,"href":"https:\/\/abrelivros.org.br\/site\/wp-json\/wp\/v2\/comments?post=2302"}],"version-history":[{"count":0,"href":"https:\/\/abrelivros.org.br\/site\/wp-json\/wp\/v2\/posts\/2302\/revisions"}],"wp:attachment":[{"href":"https:\/\/abrelivros.org.br\/site\/wp-json\/wp\/v2\/media?parent=2302"}],"wp:term":[{"taxonomy":"category","embeddable":true,"href":"https:\/\/abrelivros.org.br\/site\/wp-json\/wp\/v2\/categories?post=2302"},{"taxonomy":"post_tag","embeddable":true,"href":"https:\/\/abrelivros.org.br\/site\/wp-json\/wp\/v2\/tags?post=2302"}],"curies":[{"name":"wp","href":"https:\/\/api.w.org\/{rel}","templated":true}]}}