{"id":2300,"date":"2008-08-12T17:05:00","date_gmt":"2008-08-12T20:05:00","guid":{"rendered":"https:\/\/abrelivros.org.br\/site\/2008\/08\/12\/livro-didatico-para-jovens-e-adultos-66-fizeram-escolha\/"},"modified":"2008-08-12T17:05:00","modified_gmt":"2008-08-12T20:05:00","slug":"livro-didatico-para-jovens-e-adultos-66-fizeram-escolha","status":"publish","type":"post","link":"https:\/\/abrelivros.org.br\/site\/livro-didatico-para-jovens-e-adultos-66-fizeram-escolha\/","title":{"rendered":"Livro did\u00e1tico para jovens e adultos: 66% fizeram escolha"},"content":{"rendered":"<p>Foi encerrado no fim da noite de segunda-feira, 11, o prazo para a escolha do material did\u00e1tico para a alfabetiza\u00e7\u00e3o de jovens e adultos. No total, 66% das entidades parceiras do programa Brasil Alfabetizado e que aderiram ao Programa Nacional do Livro Did\u00e1tico para a Alfabetiza\u00e7\u00e3o de Jovens e Adultos (PNLA) fizeram suas op\u00e7\u00f5es.\u00a0<br \/> \u00a0<br \/> Gestores municipais e estaduais do Brasil Alfabetizado tiveram 15 dias para indicar os livros mais adaptados ao seu p\u00fablico, por meio da p\u00e1gina eletr\u00f4nica do Fundo Nacional de Desenvolvimento da Educa\u00e7\u00e3o (FNDE). De um total de 1.059 entidades que participam do PNLA neste ano, 704 fizeram a op\u00e7\u00e3o e devem receber os t\u00edtulos a partir de outubro. Quem n\u00e3o optou receber\u00e1 a publica\u00e7\u00e3o mais escolhida em seu estado ou regi\u00e3o.\u00a0<br \/> \u00a0<br \/> Em volume \u00fanico, contendo as disciplinas de l\u00edngua portuguesa e matem\u00e1tica, os livros ofertados \u00e0s entidades parceiras s\u00e3o voltados exclusivamente para a alfabetiza\u00e7\u00e3o de jovens e adultos, segmento que carecia de material did\u00e1tico espec\u00edfico. \u00a0<br \/> \u00a0<br \/> \u00a0<\/p>\n","protected":false},"excerpt":{"rendered":"<p>Foi encerrado no fim da noite de segunda-feira, 11, o prazo para a escolha do material did\u00e1tico para a alfabetiza\u00e7\u00e3o de jovens e adultos. No total, 66% das entidades parceiras do programa Brasil Alfabetizado e que aderiram ao Programa Nacional do Livro Did\u00e1tico para a Alfabetiza\u00e7\u00e3o de Jovens e Adultos (PNLA) fizeram suas op\u00e7\u00f5es.\u00a0 \u00a0 [&hellip;]<\/p>\n","protected":false},"author":1,"featured_media":0,"comment_status":"closed","ping_status":"closed","sticky":false,"template":"","format":"standard","meta":{"footnotes":"","_links_to":"","_links_to_target":""},"categories":[9],"tags":[],"class_list":["post-2300","post","type-post","status-publish","format-standard","hentry","category-noticias-da-imprensa"],"yoast_head":"<!-- This site is optimized with the Yoast SEO plugin v15.1 - https:\/\/yoast.com\/wordpress\/plugins\/seo\/ -->\n<title>Livro did\u00e1tico para jovens e adultos: 66% fizeram escolha &raquo; Abrelivros<\/title>\n<meta name=\"robots\" content=\"index, follow, max-snippet:-1, max-image-preview:large, max-video-preview:-1\" \/>\n<link rel=\"canonical\" href=\"https:\/\/abrelivros.org.br\/site\/livro-didatico-para-jovens-e-adultos-66-fizeram-escolha\/\" \/>\n<meta property=\"og:locale\" content=\"pt_BR\" \/>\n<meta property=\"og:type\" content=\"article\" \/>\n<meta property=\"og:title\" content=\"Livro did\u00e1tico para jovens e adultos: 66% fizeram escolha &raquo; Abrelivros\" \/>\n<meta property=\"og:description\" content=\"Foi encerrado no fim da noite de segunda-feira, 11, o prazo para a escolha do material did\u00e1tico para a alfabetiza\u00e7\u00e3o de jovens e adultos. No total, 66% das entidades parceiras do programa Brasil Alfabetizado e que aderiram ao Programa Nacional do Livro Did\u00e1tico para a Alfabetiza\u00e7\u00e3o de Jovens e Adultos (PNLA) fizeram suas op\u00e7\u00f5es.\u00a0 \u00a0 [&hellip;]\" \/>\n<meta property=\"og:url\" content=\"https:\/\/abrelivros.org.br\/site\/livro-didatico-para-jovens-e-adultos-66-fizeram-escolha\/\" \/>\n<meta property=\"og:site_name\" content=\"Abrelivros\" \/>\n<meta property=\"article:published_time\" content=\"2008-08-12T20:05:00+00:00\" \/>\n<meta name=\"twitter:card\" content=\"summary_large_image\" \/>\n<script type=\"application\/ld+json\" class=\"yoast-schema-graph\">{\"@context\":\"https:\/\/schema.org\",\"@graph\":[{\"@type\":\"WebSite\",\"@id\":\"https:\/\/abrelivros.org.br\/site\/#website\",\"url\":\"https:\/\/abrelivros.org.br\/site\/\",\"name\":\"Abrelivros\",\"description\":\"\",\"potentialAction\":[{\"@type\":\"SearchAction\",\"target\":\"https:\/\/abrelivros.org.br\/site\/?s={search_term_string}\",\"query-input\":\"required name=search_term_string\"}],\"inLanguage\":\"pt-BR\"},{\"@type\":\"WebPage\",\"@id\":\"https:\/\/abrelivros.org.br\/site\/livro-didatico-para-jovens-e-adultos-66-fizeram-escolha\/#webpage\",\"url\":\"https:\/\/abrelivros.org.br\/site\/livro-didatico-para-jovens-e-adultos-66-fizeram-escolha\/\",\"name\":\"Livro did\\u00e1tico para jovens e adultos: 66% fizeram escolha &raquo; Abrelivros\",\"isPartOf\":{\"@id\":\"https:\/\/abrelivros.org.br\/site\/#website\"},\"datePublished\":\"2008-08-12T20:05:00+00:00\",\"dateModified\":\"2008-08-12T20:05:00+00:00\",\"author\":{\"@id\":\"https:\/\/abrelivros.org.br\/site\/#\/schema\/person\/2b867f13a717bb230f1a3555505f5593\"},\"breadcrumb\":{\"@id\":\"https:\/\/abrelivros.org.br\/site\/livro-didatico-para-jovens-e-adultos-66-fizeram-escolha\/#breadcrumb\"},\"inLanguage\":\"pt-BR\",\"potentialAction\":[{\"@type\":\"ReadAction\",\"target\":[\"https:\/\/abrelivros.org.br\/site\/livro-didatico-para-jovens-e-adultos-66-fizeram-escolha\/\"]}]},{\"@type\":\"BreadcrumbList\",\"@id\":\"https:\/\/abrelivros.org.br\/site\/livro-didatico-para-jovens-e-adultos-66-fizeram-escolha\/#breadcrumb\",\"itemListElement\":[{\"@type\":\"ListItem\",\"position\":1,\"item\":{\"@type\":\"WebPage\",\"@id\":\"https:\/\/abrelivros.org.br\/site\/\",\"url\":\"https:\/\/abrelivros.org.br\/site\/\",\"name\":\"In\\u00edcio\"}},{\"@type\":\"ListItem\",\"position\":2,\"item\":{\"@type\":\"WebPage\",\"@id\":\"https:\/\/abrelivros.org.br\/site\/category\/noticias\/\",\"url\":\"https:\/\/abrelivros.org.br\/site\/category\/noticias\/\",\"name\":\"Not\\u00edcias\"}},{\"@type\":\"ListItem\",\"position\":3,\"item\":{\"@type\":\"WebPage\",\"@id\":\"https:\/\/abrelivros.org.br\/site\/category\/noticias\/noticias-da-imprensa\/\",\"url\":\"https:\/\/abrelivros.org.br\/site\/category\/noticias\/noticias-da-imprensa\/\",\"name\":\"Not\\u00edcias da imprensa\"}},{\"@type\":\"ListItem\",\"position\":4,\"item\":{\"@type\":\"WebPage\",\"@id\":\"https:\/\/abrelivros.org.br\/site\/livro-didatico-para-jovens-e-adultos-66-fizeram-escolha\/\",\"url\":\"https:\/\/abrelivros.org.br\/site\/livro-didatico-para-jovens-e-adultos-66-fizeram-escolha\/\",\"name\":\"Livro did\\u00e1tico para jovens e adultos: 66% fizeram escolha\"}}]},{\"@type\":\"Person\",\"@id\":\"https:\/\/abrelivros.org.br\/site\/#\/schema\/person\/2b867f13a717bb230f1a3555505f5593\",\"name\":\"\\u00a0\",\"image\":{\"@type\":\"ImageObject\",\"@id\":\"https:\/\/abrelivros.org.br\/site\/#personlogo\",\"inLanguage\":\"pt-BR\",\"url\":\"https:\/\/secure.gravatar.com\/avatar\/e80b7f5231be2fff5040a8023da424898002831c5439420df182ae62676d2a6f?s=96&d=mm&r=g\",\"caption\":\"\\u00a0\"}}]}<\/script>\n<!-- \/ Yoast SEO plugin. -->","_links":{"self":[{"href":"https:\/\/abrelivros.org.br\/site\/wp-json\/wp\/v2\/posts\/2300","targetHints":{"allow":["GET"]}}],"collection":[{"href":"https:\/\/abrelivros.org.br\/site\/wp-json\/wp\/v2\/posts"}],"about":[{"href":"https:\/\/abrelivros.org.br\/site\/wp-json\/wp\/v2\/types\/post"}],"author":[{"embeddable":true,"href":"https:\/\/abrelivros.org.br\/site\/wp-json\/wp\/v2\/users\/1"}],"replies":[{"embeddable":true,"href":"https:\/\/abrelivros.org.br\/site\/wp-json\/wp\/v2\/comments?post=2300"}],"version-history":[{"count":0,"href":"https:\/\/abrelivros.org.br\/site\/wp-json\/wp\/v2\/posts\/2300\/revisions"}],"wp:attachment":[{"href":"https:\/\/abrelivros.org.br\/site\/wp-json\/wp\/v2\/media?parent=2300"}],"wp:term":[{"taxonomy":"category","embeddable":true,"href":"https:\/\/abrelivros.org.br\/site\/wp-json\/wp\/v2\/categories?post=2300"},{"taxonomy":"post_tag","embeddable":true,"href":"https:\/\/abrelivros.org.br\/site\/wp-json\/wp\/v2\/tags?post=2300"}],"curies":[{"name":"wp","href":"https:\/\/api.w.org\/{rel}","templated":true}]}}