{"id":2299,"date":"2008-08-13T09:45:00","date_gmt":"2008-08-13T12:45:00","guid":{"rendered":"https:\/\/abrelivros.org.br\/site\/2008\/08\/13\/alfabetizacao-de-adultos-recebera-livros\/"},"modified":"2008-08-13T09:45:00","modified_gmt":"2008-08-13T12:45:00","slug":"alfabetizacao-de-adultos-recebera-livros","status":"publish","type":"post","link":"https:\/\/abrelivros.org.br\/site\/alfabetizacao-de-adultos-recebera-livros\/","title":{"rendered":"Alfabetiza\u00e7\u00e3o de adultos receber\u00e1 livros"},"content":{"rendered":"<p>As entidades parceiras do programa Brasil Alfabetizado que fizeram a escolha do material did\u00e1tico para a alfabetiza\u00e7\u00e3o de jovens e adultos receber\u00e3o os livros a partir de outubro. A distribui\u00e7\u00e3o das publica\u00e7\u00f5es corrige uma car\u00eancia desse segmento, para o qual n\u00e3o havia material did\u00e1tico espec\u00edfico. As disciplinas de l\u00edngua portuguesa e matem\u00e1tica est\u00e3o reunidas em volume \u00fanico, e s\u00e3o dirigidas exclusivamente para a alfabetiza\u00e7\u00e3o de jovens e adultos. &nbsp;<br \/> &nbsp;<br \/> O prazo para a escolha do material foi encerrado na noite da segunda-feira, 11. Gestores municipais e estaduais do Brasil Alfabetizado tiveram 15 dias para indicar os livros mais adaptados ao seu p\u00fablico, o que foi feito por meio da p\u00e1gina eletr\u00f4nica do Fundo Nacional de Desenvolvimento da Educa\u00e7\u00e3o (FNDE). &nbsp;<br \/> &nbsp;<br \/> De um total de 1.059 entidades que aderiram ao Programa Nacional do Livro Did\u00e1tico para a Alfabetiza\u00e7\u00e3o de Jovens e Adultos (PNLA), 704 fizeram a escolha, o que equivale a aproximadamente 66% do total. As entidades que n\u00e3o optaram receber\u00e3o a publica\u00e7\u00e3o mais escolhida em seu estado ou regi\u00e3o. &nbsp;<br \/> &nbsp;<br \/> &nbsp;<\/p>\n","protected":false},"excerpt":{"rendered":"<p>As entidades parceiras do programa Brasil Alfabetizado que fizeram a escolha do material did\u00e1tico para a alfabetiza\u00e7\u00e3o de jovens e adultos receber\u00e3o os livros a partir de outubro. A distribui\u00e7\u00e3o das publica\u00e7\u00f5es corrige uma car\u00eancia desse segmento, para o qual n\u00e3o havia material did\u00e1tico espec\u00edfico. As disciplinas de l\u00edngua portuguesa e matem\u00e1tica est\u00e3o reunidas em [&hellip;]<\/p>\n","protected":false},"author":1,"featured_media":0,"comment_status":"closed","ping_status":"closed","sticky":false,"template":"","format":"standard","meta":{"footnotes":"","_links_to":"","_links_to_target":""},"categories":[9],"tags":[],"class_list":["post-2299","post","type-post","status-publish","format-standard","hentry","category-noticias-da-imprensa"],"yoast_head":"<!-- This site is optimized with the Yoast SEO plugin v15.1 - https:\/\/yoast.com\/wordpress\/plugins\/seo\/ -->\n<title>Alfabetiza\u00e7\u00e3o de adultos receber\u00e1 livros &raquo; Abrelivros<\/title>\n<meta name=\"robots\" content=\"index, follow, max-snippet:-1, max-image-preview:large, max-video-preview:-1\" \/>\n<link rel=\"canonical\" href=\"https:\/\/abrelivros.org.br\/site\/alfabetizacao-de-adultos-recebera-livros\/\" \/>\n<meta property=\"og:locale\" content=\"pt_BR\" \/>\n<meta property=\"og:type\" content=\"article\" \/>\n<meta property=\"og:title\" content=\"Alfabetiza\u00e7\u00e3o de adultos receber\u00e1 livros &raquo; Abrelivros\" \/>\n<meta property=\"og:description\" content=\"As entidades parceiras do programa Brasil Alfabetizado que fizeram a escolha do material did\u00e1tico para a alfabetiza\u00e7\u00e3o de jovens e adultos receber\u00e3o os livros a partir de outubro. A distribui\u00e7\u00e3o das publica\u00e7\u00f5es corrige uma car\u00eancia desse segmento, para o qual n\u00e3o havia material did\u00e1tico espec\u00edfico. As disciplinas de l\u00edngua portuguesa e matem\u00e1tica est\u00e3o reunidas em [&hellip;]\" \/>\n<meta property=\"og:url\" content=\"https:\/\/abrelivros.org.br\/site\/alfabetizacao-de-adultos-recebera-livros\/\" \/>\n<meta property=\"og:site_name\" content=\"Abrelivros\" \/>\n<meta property=\"article:published_time\" content=\"2008-08-13T12:45:00+00:00\" \/>\n<meta name=\"twitter:card\" content=\"summary_large_image\" \/>\n<script type=\"application\/ld+json\" class=\"yoast-schema-graph\">{\"@context\":\"https:\/\/schema.org\",\"@graph\":[{\"@type\":\"WebSite\",\"@id\":\"https:\/\/abrelivros.org.br\/site\/#website\",\"url\":\"https:\/\/abrelivros.org.br\/site\/\",\"name\":\"Abrelivros\",\"description\":\"\",\"potentialAction\":[{\"@type\":\"SearchAction\",\"target\":\"https:\/\/abrelivros.org.br\/site\/?s={search_term_string}\",\"query-input\":\"required name=search_term_string\"}],\"inLanguage\":\"pt-BR\"},{\"@type\":\"WebPage\",\"@id\":\"https:\/\/abrelivros.org.br\/site\/alfabetizacao-de-adultos-recebera-livros\/#webpage\",\"url\":\"https:\/\/abrelivros.org.br\/site\/alfabetizacao-de-adultos-recebera-livros\/\",\"name\":\"Alfabetiza\\u00e7\\u00e3o de adultos receber\\u00e1 livros &raquo; Abrelivros\",\"isPartOf\":{\"@id\":\"https:\/\/abrelivros.org.br\/site\/#website\"},\"datePublished\":\"2008-08-13T12:45:00+00:00\",\"dateModified\":\"2008-08-13T12:45:00+00:00\",\"author\":{\"@id\":\"https:\/\/abrelivros.org.br\/site\/#\/schema\/person\/2b867f13a717bb230f1a3555505f5593\"},\"breadcrumb\":{\"@id\":\"https:\/\/abrelivros.org.br\/site\/alfabetizacao-de-adultos-recebera-livros\/#breadcrumb\"},\"inLanguage\":\"pt-BR\",\"potentialAction\":[{\"@type\":\"ReadAction\",\"target\":[\"https:\/\/abrelivros.org.br\/site\/alfabetizacao-de-adultos-recebera-livros\/\"]}]},{\"@type\":\"BreadcrumbList\",\"@id\":\"https:\/\/abrelivros.org.br\/site\/alfabetizacao-de-adultos-recebera-livros\/#breadcrumb\",\"itemListElement\":[{\"@type\":\"ListItem\",\"position\":1,\"item\":{\"@type\":\"WebPage\",\"@id\":\"https:\/\/abrelivros.org.br\/site\/\",\"url\":\"https:\/\/abrelivros.org.br\/site\/\",\"name\":\"In\\u00edcio\"}},{\"@type\":\"ListItem\",\"position\":2,\"item\":{\"@type\":\"WebPage\",\"@id\":\"https:\/\/abrelivros.org.br\/site\/category\/noticias\/\",\"url\":\"https:\/\/abrelivros.org.br\/site\/category\/noticias\/\",\"name\":\"Not\\u00edcias\"}},{\"@type\":\"ListItem\",\"position\":3,\"item\":{\"@type\":\"WebPage\",\"@id\":\"https:\/\/abrelivros.org.br\/site\/category\/noticias\/noticias-da-imprensa\/\",\"url\":\"https:\/\/abrelivros.org.br\/site\/category\/noticias\/noticias-da-imprensa\/\",\"name\":\"Not\\u00edcias da imprensa\"}},{\"@type\":\"ListItem\",\"position\":4,\"item\":{\"@type\":\"WebPage\",\"@id\":\"https:\/\/abrelivros.org.br\/site\/alfabetizacao-de-adultos-recebera-livros\/\",\"url\":\"https:\/\/abrelivros.org.br\/site\/alfabetizacao-de-adultos-recebera-livros\/\",\"name\":\"Alfabetiza\\u00e7\\u00e3o de adultos receber\\u00e1 livros\"}}]},{\"@type\":\"Person\",\"@id\":\"https:\/\/abrelivros.org.br\/site\/#\/schema\/person\/2b867f13a717bb230f1a3555505f5593\",\"name\":\"\\u00a0\",\"image\":{\"@type\":\"ImageObject\",\"@id\":\"https:\/\/abrelivros.org.br\/site\/#personlogo\",\"inLanguage\":\"pt-BR\",\"url\":\"https:\/\/secure.gravatar.com\/avatar\/e80b7f5231be2fff5040a8023da424898002831c5439420df182ae62676d2a6f?s=96&d=mm&r=g\",\"caption\":\"\\u00a0\"}}]}<\/script>\n<!-- \/ Yoast SEO plugin. -->","_links":{"self":[{"href":"https:\/\/abrelivros.org.br\/site\/wp-json\/wp\/v2\/posts\/2299","targetHints":{"allow":["GET"]}}],"collection":[{"href":"https:\/\/abrelivros.org.br\/site\/wp-json\/wp\/v2\/posts"}],"about":[{"href":"https:\/\/abrelivros.org.br\/site\/wp-json\/wp\/v2\/types\/post"}],"author":[{"embeddable":true,"href":"https:\/\/abrelivros.org.br\/site\/wp-json\/wp\/v2\/users\/1"}],"replies":[{"embeddable":true,"href":"https:\/\/abrelivros.org.br\/site\/wp-json\/wp\/v2\/comments?post=2299"}],"version-history":[{"count":0,"href":"https:\/\/abrelivros.org.br\/site\/wp-json\/wp\/v2\/posts\/2299\/revisions"}],"wp:attachment":[{"href":"https:\/\/abrelivros.org.br\/site\/wp-json\/wp\/v2\/media?parent=2299"}],"wp:term":[{"taxonomy":"category","embeddable":true,"href":"https:\/\/abrelivros.org.br\/site\/wp-json\/wp\/v2\/categories?post=2299"},{"taxonomy":"post_tag","embeddable":true,"href":"https:\/\/abrelivros.org.br\/site\/wp-json\/wp\/v2\/tags?post=2299"}],"curies":[{"name":"wp","href":"https:\/\/api.w.org\/{rel}","templated":true}]}}