{"id":2298,"date":"2008-08-13T17:25:00","date_gmt":"2008-08-13T20:25:00","guid":{"rendered":"https:\/\/abrelivros.org.br\/site\/2008\/08\/13\/qualidade-do-ensino-depende-de-formacao\/"},"modified":"2008-08-13T17:25:00","modified_gmt":"2008-08-13T20:25:00","slug":"qualidade-do-ensino-depende-de-formacao","status":"publish","type":"post","link":"https:\/\/abrelivros.org.br\/site\/qualidade-do-ensino-depende-de-formacao\/","title":{"rendered":"Qualidade do ensino depende de forma\u00e7\u00e3o"},"content":{"rendered":"<p>\u201cPrecisamos formar 100 mil professores por ano\u201d, disse o ministro da Educa\u00e7\u00e3o, Fernando Haddad, durante a 72\u00aa Reuni\u00e3o Ordin\u00e1ria do Conselho Pleno da Associa\u00e7\u00e3o Nacional dos Dirigentes das Institui\u00e7\u00f5es de Ensino Superior (Andifes), nesta quarta-feira, 13, na sede da institui\u00e7\u00e3o em Bras\u00edlia.\u00a0<br \/> \u00a0<br \/> Em reuni\u00e3o com reitores de universidades federais, o ministro defendeu a cria\u00e7\u00e3o de um sistema nacional de forma\u00e7\u00e3o de professores para a educa\u00e7\u00e3o b\u00e1sica. Para Haddad, \u00e9 preciso aumentar o percentual de profissionais, que d\u00e3o aula em escolas p\u00fablicas, formados pelas universidades federais. \u201cPelo menos 70 mil professores por ano devem ser formados pela rede p\u00fablica\u201d, afirmou referindo-se tamb\u00e9m \u00e0s universidades estaduais e municipais.\u00a0<br \/> \u00a0<br \/> A qualidade do ensino, disse Haddad, depende da qualidade dos professores. Na vis\u00e3o do ministro, para que a forma\u00e7\u00e3o dos profissionais seja de qualidade, \u00e9 preciso que o governo federal assuma a tarefa e trate o magist\u00e9rio como carreira de estado. \u201cA cada censo escolar, o n\u00famero de professores formados aumenta. Mas, isso n\u00e3o repercute no aprendizado. A Uni\u00e3o deve assumir a tarefa de formar a maioria dos professores por meio de sua rede de educa\u00e7\u00e3o superior e profissional\u201d, enfatizou. \u00a0<br \/> \u00a0<br \/> O ministro destacou que a cria\u00e7\u00e3o dos institutos federais de educa\u00e7\u00e3o, ci\u00eancia e tecnologia (Ifets), da Nova Capes e das bolsas de inicia\u00e7\u00e3o \u00e0 doc\u00eancia, assim como o Programa de Apoio a Planos de Reestrutura\u00e7\u00e3o e Expans\u00e3o das Universidades Federais (Reuni) e a Universidade Aberta do Brasil (UAB) s\u00e3o medidas que ajudam a tornar poss\u00edvel a cria\u00e7\u00e3o do sistema. \u201cTemos recursos e instrumentos legais. Agora, \u00e9 assumir o compromisso de aumentar a propor\u00e7\u00e3o de professores formados pela rede p\u00fablica\u201d, prop\u00f4s Haddad. \u00a0<br \/> \u00a0<br \/> De acordo com o ministro, a forma\u00e7\u00e3o dos professores ficou relegada exclusivamente a estados e munic\u00edpios, mas, na vis\u00e3o dele, cabe \u00e0 Uni\u00e3o a compet\u00eancia priorit\u00e1ria pela tarefa, em parceria com estados e munic\u00edpios, para os quais a compet\u00eancia pela forma\u00e7\u00e3o deve ser subsidi\u00e1ria. \u201cA cria\u00e7\u00e3o do sistema exige um regime de colabora\u00e7\u00e3o\u201d, atestou.\u00a0<br \/> \u00a0<br \/> Segundo Haddad, a educa\u00e7\u00e3o j\u00e1 demonstrou uma melhora consider\u00e1vel, como revelou a \u00faltima medi\u00e7\u00e3o do \u00cdndice de Desenvolvimento da Educa\u00e7\u00e3o B\u00e1sica (Ideb) de 2007. \u201cO pa\u00eds atingiu as metas para 2009\u201d, comemorou. De outro lado, o ministro fez um alerta: para que o ciclo de desenvolvimento da educa\u00e7\u00e3o se sustente, \u00e9 preciso investir em professores bem qualificados.\u00a0<br \/> \u00a0<br \/> Para isso, Haddad defendeu tr\u00eas a\u00e7\u00f5es: a ado\u00e7\u00e3o do piso nacional do magist\u00e9rio de R$ 950, a cria\u00e7\u00e3o de uma carreira atrativa para que o jovem se interesse pela profiss\u00e3o e a forma\u00e7\u00e3o do professor. \u201cN\u00e3o adianta remunerar bem sem se preocupar com a qualidade\u201d, destacou. Sobre a carreira do magist\u00e9rio, o ministro adiantou que diretrizes sobre o assunto est\u00e3o em discuss\u00e3o.\u00a0<br \/> \u00a0<br \/><B> Piso<\/B> \u2014 Em rela\u00e7\u00e3o \u00e0 ado\u00e7\u00e3o do piso do magist\u00e9rio, o presidente da Andifes, reitor Amaro Lins, da Universidade Federal de Pernambuco (UFPE), defendeu um processo permanente de valoriza\u00e7\u00e3o do professor. \u201cPor isso, \u00e9 fundamental que o piso seja implementado imediatamente\u201d, enfatizou. \u00a0<br \/> \u00a0<\/p>\n","protected":false},"excerpt":{"rendered":"<p>\u201cPrecisamos formar 100 mil professores por ano\u201d, disse o ministro da Educa\u00e7\u00e3o, Fernando Haddad, durante a 72\u00aa Reuni\u00e3o Ordin\u00e1ria do Conselho Pleno da Associa\u00e7\u00e3o Nacional dos Dirigentes das Institui\u00e7\u00f5es de Ensino Superior (Andifes), nesta quarta-feira, 13, na sede da institui\u00e7\u00e3o em Bras\u00edlia.\u00a0 \u00a0 Em reuni\u00e3o com reitores de universidades federais, o ministro defendeu a cria\u00e7\u00e3o [&hellip;]<\/p>\n","protected":false},"author":1,"featured_media":0,"comment_status":"closed","ping_status":"closed","sticky":false,"template":"","format":"standard","meta":{"footnotes":"","_links_to":"","_links_to_target":""},"categories":[9],"tags":[],"class_list":["post-2298","post","type-post","status-publish","format-standard","hentry","category-noticias-da-imprensa"],"yoast_head":"<!-- This site is optimized with the Yoast SEO plugin v15.1 - https:\/\/yoast.com\/wordpress\/plugins\/seo\/ -->\n<title>Qualidade do ensino depende de forma\u00e7\u00e3o &raquo; Abrelivros<\/title>\n<meta name=\"robots\" content=\"index, follow, max-snippet:-1, max-image-preview:large, max-video-preview:-1\" \/>\n<link rel=\"canonical\" href=\"https:\/\/abrelivros.org.br\/site\/qualidade-do-ensino-depende-de-formacao\/\" \/>\n<meta property=\"og:locale\" content=\"pt_BR\" \/>\n<meta property=\"og:type\" content=\"article\" \/>\n<meta property=\"og:title\" content=\"Qualidade do ensino depende de forma\u00e7\u00e3o &raquo; Abrelivros\" \/>\n<meta property=\"og:description\" content=\"\u201cPrecisamos formar 100 mil professores por ano\u201d, disse o ministro da Educa\u00e7\u00e3o, Fernando Haddad, durante a 72\u00aa Reuni\u00e3o Ordin\u00e1ria do Conselho Pleno da Associa\u00e7\u00e3o Nacional dos Dirigentes das Institui\u00e7\u00f5es de Ensino Superior (Andifes), nesta quarta-feira, 13, na sede da institui\u00e7\u00e3o em Bras\u00edlia.\u00a0 \u00a0 Em reuni\u00e3o com reitores de universidades federais, o ministro defendeu a cria\u00e7\u00e3o [&hellip;]\" \/>\n<meta property=\"og:url\" content=\"https:\/\/abrelivros.org.br\/site\/qualidade-do-ensino-depende-de-formacao\/\" \/>\n<meta property=\"og:site_name\" content=\"Abrelivros\" \/>\n<meta property=\"article:published_time\" content=\"2008-08-13T20:25:00+00:00\" \/>\n<meta name=\"twitter:card\" content=\"summary_large_image\" \/>\n<script type=\"application\/ld+json\" class=\"yoast-schema-graph\">{\"@context\":\"https:\/\/schema.org\",\"@graph\":[{\"@type\":\"WebSite\",\"@id\":\"https:\/\/abrelivros.org.br\/site\/#website\",\"url\":\"https:\/\/abrelivros.org.br\/site\/\",\"name\":\"Abrelivros\",\"description\":\"\",\"potentialAction\":[{\"@type\":\"SearchAction\",\"target\":\"https:\/\/abrelivros.org.br\/site\/?s={search_term_string}\",\"query-input\":\"required name=search_term_string\"}],\"inLanguage\":\"pt-BR\"},{\"@type\":\"WebPage\",\"@id\":\"https:\/\/abrelivros.org.br\/site\/qualidade-do-ensino-depende-de-formacao\/#webpage\",\"url\":\"https:\/\/abrelivros.org.br\/site\/qualidade-do-ensino-depende-de-formacao\/\",\"name\":\"Qualidade do ensino depende de forma\\u00e7\\u00e3o &raquo; Abrelivros\",\"isPartOf\":{\"@id\":\"https:\/\/abrelivros.org.br\/site\/#website\"},\"datePublished\":\"2008-08-13T20:25:00+00:00\",\"dateModified\":\"2008-08-13T20:25:00+00:00\",\"author\":{\"@id\":\"https:\/\/abrelivros.org.br\/site\/#\/schema\/person\/2b867f13a717bb230f1a3555505f5593\"},\"breadcrumb\":{\"@id\":\"https:\/\/abrelivros.org.br\/site\/qualidade-do-ensino-depende-de-formacao\/#breadcrumb\"},\"inLanguage\":\"pt-BR\",\"potentialAction\":[{\"@type\":\"ReadAction\",\"target\":[\"https:\/\/abrelivros.org.br\/site\/qualidade-do-ensino-depende-de-formacao\/\"]}]},{\"@type\":\"BreadcrumbList\",\"@id\":\"https:\/\/abrelivros.org.br\/site\/qualidade-do-ensino-depende-de-formacao\/#breadcrumb\",\"itemListElement\":[{\"@type\":\"ListItem\",\"position\":1,\"item\":{\"@type\":\"WebPage\",\"@id\":\"https:\/\/abrelivros.org.br\/site\/\",\"url\":\"https:\/\/abrelivros.org.br\/site\/\",\"name\":\"In\\u00edcio\"}},{\"@type\":\"ListItem\",\"position\":2,\"item\":{\"@type\":\"WebPage\",\"@id\":\"https:\/\/abrelivros.org.br\/site\/category\/noticias\/\",\"url\":\"https:\/\/abrelivros.org.br\/site\/category\/noticias\/\",\"name\":\"Not\\u00edcias\"}},{\"@type\":\"ListItem\",\"position\":3,\"item\":{\"@type\":\"WebPage\",\"@id\":\"https:\/\/abrelivros.org.br\/site\/category\/noticias\/noticias-da-imprensa\/\",\"url\":\"https:\/\/abrelivros.org.br\/site\/category\/noticias\/noticias-da-imprensa\/\",\"name\":\"Not\\u00edcias da imprensa\"}},{\"@type\":\"ListItem\",\"position\":4,\"item\":{\"@type\":\"WebPage\",\"@id\":\"https:\/\/abrelivros.org.br\/site\/qualidade-do-ensino-depende-de-formacao\/\",\"url\":\"https:\/\/abrelivros.org.br\/site\/qualidade-do-ensino-depende-de-formacao\/\",\"name\":\"Qualidade do ensino depende de forma\\u00e7\\u00e3o\"}}]},{\"@type\":\"Person\",\"@id\":\"https:\/\/abrelivros.org.br\/site\/#\/schema\/person\/2b867f13a717bb230f1a3555505f5593\",\"name\":\"\\u00a0\",\"image\":{\"@type\":\"ImageObject\",\"@id\":\"https:\/\/abrelivros.org.br\/site\/#personlogo\",\"inLanguage\":\"pt-BR\",\"url\":\"https:\/\/secure.gravatar.com\/avatar\/e80b7f5231be2fff5040a8023da424898002831c5439420df182ae62676d2a6f?s=96&d=mm&r=g\",\"caption\":\"\\u00a0\"}}]}<\/script>\n<!-- \/ Yoast SEO plugin. -->","_links":{"self":[{"href":"https:\/\/abrelivros.org.br\/site\/wp-json\/wp\/v2\/posts\/2298","targetHints":{"allow":["GET"]}}],"collection":[{"href":"https:\/\/abrelivros.org.br\/site\/wp-json\/wp\/v2\/posts"}],"about":[{"href":"https:\/\/abrelivros.org.br\/site\/wp-json\/wp\/v2\/types\/post"}],"author":[{"embeddable":true,"href":"https:\/\/abrelivros.org.br\/site\/wp-json\/wp\/v2\/users\/1"}],"replies":[{"embeddable":true,"href":"https:\/\/abrelivros.org.br\/site\/wp-json\/wp\/v2\/comments?post=2298"}],"version-history":[{"count":0,"href":"https:\/\/abrelivros.org.br\/site\/wp-json\/wp\/v2\/posts\/2298\/revisions"}],"wp:attachment":[{"href":"https:\/\/abrelivros.org.br\/site\/wp-json\/wp\/v2\/media?parent=2298"}],"wp:term":[{"taxonomy":"category","embeddable":true,"href":"https:\/\/abrelivros.org.br\/site\/wp-json\/wp\/v2\/categories?post=2298"},{"taxonomy":"post_tag","embeddable":true,"href":"https:\/\/abrelivros.org.br\/site\/wp-json\/wp\/v2\/tags?post=2298"}],"curies":[{"name":"wp","href":"https:\/\/api.w.org\/{rel}","templated":true}]}}