{"id":2297,"date":"2008-08-13T17:27:00","date_gmt":"2008-08-13T20:27:00","guid":{"rendered":"https:\/\/abrelivros.org.br\/site\/2008\/08\/13\/termina-negociacao-da-compra-de-livros-didaticos-para-2009\/"},"modified":"2008-08-13T17:27:00","modified_gmt":"2008-08-13T20:27:00","slug":"termina-negociacao-da-compra-de-livros-didaticos-para-2009","status":"publish","type":"post","link":"https:\/\/abrelivros.org.br\/site\/termina-negociacao-da-compra-de-livros-didaticos-para-2009\/","title":{"rendered":"Termina negocia\u00e7\u00e3o da compra de livros did\u00e1ticos para 2009"},"content":{"rendered":"<p>O Fundo Nacional de Desenvolvimento da Educa\u00e7\u00e3o (FNDE) encerrou, na noite de ontem, as negocia\u00e7\u00f5es para a aquisi\u00e7\u00e3o de 103,65 milh\u00f5es de livros did\u00e1ticos para atender alunos dos ensinos fundamental e m\u00e9dio, a partir do pr\u00f3ximo ano. As negocia\u00e7\u00f5es com 16 editoras duraram quatro dias. O pre\u00e7o m\u00e9dio do livro did\u00e1tico para o ensino fundamental ficou em R$ 5,00 e para o ensino m\u00e9dio, em R$ 9,67. No total, o FNDE vai investir R$ 719,53 milh\u00f5es na compra do material did\u00e1tico.\u00a0<br \/> \u00a0<br \/> Os exemplares s\u00e3o negociados com base no valor do caderno tipogr\u00e1fico (miolo do livro que cont\u00e9m 16 p\u00e1ginas), que teve pre\u00e7o m\u00e9dio de R$ 0,3432. As editoras que fecharam acordo com o FNDE foram: Moderna, FTD, \u00c1tica, Saraiva, Positivo, Scipione, Escala, do Brasil, Ibep, Base, Sarandi, Dimens\u00e3o, Nova Gera\u00e7\u00e3o, Casa Publicadora, Educarte e Cia da Escola.\u00a0<br \/> \u00a0<br \/> Para o ensino m\u00e9dio, o FNDE acertou a compra de 43,11 milh\u00f5es de livros por R$ 416,91 milh\u00f5es. S\u00e3o 250 t\u00edtulos diferentes de portugu\u00eas, matem\u00e1tica, biologia, f\u00edsica e geografia que v\u00e3o beneficiar todos os 7,2 milh\u00f5es de estudantes do ensino m\u00e9dio.\u00a0<br \/> \u00a0<br \/> No ensino fundamental, os livros ser\u00e3o distribu\u00eddos a todos os alunos da 1\u00aa s\u00e9rie e servir\u00e3o tamb\u00e9m para reposi\u00e7\u00e3o e complementa\u00e7\u00e3o de todas as disciplinas das demais s\u00e9ries, num total de 2.072 t\u00edtulos. Foram adquiridos 60,54 milh\u00f5es de exemplares por R$ 302,62 milh\u00f5es.\u00a0<br \/> \u00a0<br \/> O material did\u00e1tico come\u00e7a a ser entregue em outubro e estar\u00e1 dispon\u00edvel aos estudantes no in\u00edcio das aulas do ano letivo de 2009. Cada exemplar tem durabilidade prevista de tr\u00eas anos, ou seja, deve beneficiar tr\u00eas estudantes em tr\u00eas anos consecutivos. A exce\u00e7\u00e3o fica por conta do material did\u00e1tico da 1\u00aa s\u00e9rie, classificado como consum\u00edvel, que \u00e9 utilizado apenas por um aluno.\u00a0<br \/> \u00a0<br \/> \u00a0<br \/> * Programa Nacional do Livro Did\u00e1tico (<a href=\"ftp:\/\/ftp.fnde.gov.br\/web\/livro_didatico\/valores_negociados_editoras_pnld_2009.pdf\" target=\"_blank\" rel=\"noopener noreferrer\">PNLD 2009<\/a>) \u2013 Valores negociados\u00a0<br \/> \u00a0<br \/> * Programa Nacional do Livro Did\u00e1tico para o Ensino M\u00e9dio (<a href=\"ftp:\/\/ftp.fnde.gov.br\/web\/livro_didatico\/valores_negociados_editoras_pnlem_2009.pdf\" target=\"_blank\" rel=\"noopener noreferrer\">PNLEM 2009<\/a>) \u2013 Valores negociados\u00a0<br \/> \u00a0<\/p>\n","protected":false},"excerpt":{"rendered":"<p>O Fundo Nacional de Desenvolvimento da Educa\u00e7\u00e3o (FNDE) encerrou, na noite de ontem, as negocia\u00e7\u00f5es para a aquisi\u00e7\u00e3o de 103,65 milh\u00f5es de livros did\u00e1ticos para atender alunos dos ensinos fundamental e m\u00e9dio, a partir do pr\u00f3ximo ano. As negocia\u00e7\u00f5es com 16 editoras duraram quatro dias. O pre\u00e7o m\u00e9dio do livro did\u00e1tico para o ensino fundamental [&hellip;]<\/p>\n","protected":false},"author":1,"featured_media":0,"comment_status":"closed","ping_status":"closed","sticky":false,"template":"","format":"standard","meta":{"footnotes":"","_links_to":"","_links_to_target":""},"categories":[9],"tags":[],"class_list":["post-2297","post","type-post","status-publish","format-standard","hentry","category-noticias-da-imprensa"],"yoast_head":"<!-- This site is optimized with the Yoast SEO plugin v15.1 - https:\/\/yoast.com\/wordpress\/plugins\/seo\/ -->\n<title>Termina negocia\u00e7\u00e3o da compra de livros did\u00e1ticos para 2009 &raquo; Abrelivros<\/title>\n<meta name=\"robots\" content=\"index, follow, max-snippet:-1, max-image-preview:large, max-video-preview:-1\" \/>\n<link rel=\"canonical\" href=\"https:\/\/abrelivros.org.br\/site\/termina-negociacao-da-compra-de-livros-didaticos-para-2009\/\" \/>\n<meta property=\"og:locale\" content=\"pt_BR\" \/>\n<meta property=\"og:type\" content=\"article\" \/>\n<meta property=\"og:title\" content=\"Termina negocia\u00e7\u00e3o da compra de livros did\u00e1ticos para 2009 &raquo; Abrelivros\" \/>\n<meta property=\"og:description\" content=\"O Fundo Nacional de Desenvolvimento da Educa\u00e7\u00e3o (FNDE) encerrou, na noite de ontem, as negocia\u00e7\u00f5es para a aquisi\u00e7\u00e3o de 103,65 milh\u00f5es de livros did\u00e1ticos para atender alunos dos ensinos fundamental e m\u00e9dio, a partir do pr\u00f3ximo ano. As negocia\u00e7\u00f5es com 16 editoras duraram quatro dias. O pre\u00e7o m\u00e9dio do livro did\u00e1tico para o ensino fundamental [&hellip;]\" \/>\n<meta property=\"og:url\" content=\"https:\/\/abrelivros.org.br\/site\/termina-negociacao-da-compra-de-livros-didaticos-para-2009\/\" \/>\n<meta property=\"og:site_name\" content=\"Abrelivros\" \/>\n<meta property=\"article:published_time\" content=\"2008-08-13T20:27:00+00:00\" \/>\n<meta name=\"twitter:card\" content=\"summary_large_image\" \/>\n<script type=\"application\/ld+json\" class=\"yoast-schema-graph\">{\"@context\":\"https:\/\/schema.org\",\"@graph\":[{\"@type\":\"WebSite\",\"@id\":\"https:\/\/abrelivros.org.br\/site\/#website\",\"url\":\"https:\/\/abrelivros.org.br\/site\/\",\"name\":\"Abrelivros\",\"description\":\"\",\"potentialAction\":[{\"@type\":\"SearchAction\",\"target\":\"https:\/\/abrelivros.org.br\/site\/?s={search_term_string}\",\"query-input\":\"required name=search_term_string\"}],\"inLanguage\":\"pt-BR\"},{\"@type\":\"WebPage\",\"@id\":\"https:\/\/abrelivros.org.br\/site\/termina-negociacao-da-compra-de-livros-didaticos-para-2009\/#webpage\",\"url\":\"https:\/\/abrelivros.org.br\/site\/termina-negociacao-da-compra-de-livros-didaticos-para-2009\/\",\"name\":\"Termina negocia\\u00e7\\u00e3o da compra de livros did\\u00e1ticos para 2009 &raquo; Abrelivros\",\"isPartOf\":{\"@id\":\"https:\/\/abrelivros.org.br\/site\/#website\"},\"datePublished\":\"2008-08-13T20:27:00+00:00\",\"dateModified\":\"2008-08-13T20:27:00+00:00\",\"author\":{\"@id\":\"https:\/\/abrelivros.org.br\/site\/#\/schema\/person\/2b867f13a717bb230f1a3555505f5593\"},\"breadcrumb\":{\"@id\":\"https:\/\/abrelivros.org.br\/site\/termina-negociacao-da-compra-de-livros-didaticos-para-2009\/#breadcrumb\"},\"inLanguage\":\"pt-BR\",\"potentialAction\":[{\"@type\":\"ReadAction\",\"target\":[\"https:\/\/abrelivros.org.br\/site\/termina-negociacao-da-compra-de-livros-didaticos-para-2009\/\"]}]},{\"@type\":\"BreadcrumbList\",\"@id\":\"https:\/\/abrelivros.org.br\/site\/termina-negociacao-da-compra-de-livros-didaticos-para-2009\/#breadcrumb\",\"itemListElement\":[{\"@type\":\"ListItem\",\"position\":1,\"item\":{\"@type\":\"WebPage\",\"@id\":\"https:\/\/abrelivros.org.br\/site\/\",\"url\":\"https:\/\/abrelivros.org.br\/site\/\",\"name\":\"In\\u00edcio\"}},{\"@type\":\"ListItem\",\"position\":2,\"item\":{\"@type\":\"WebPage\",\"@id\":\"https:\/\/abrelivros.org.br\/site\/category\/noticias\/\",\"url\":\"https:\/\/abrelivros.org.br\/site\/category\/noticias\/\",\"name\":\"Not\\u00edcias\"}},{\"@type\":\"ListItem\",\"position\":3,\"item\":{\"@type\":\"WebPage\",\"@id\":\"https:\/\/abrelivros.org.br\/site\/category\/noticias\/noticias-da-imprensa\/\",\"url\":\"https:\/\/abrelivros.org.br\/site\/category\/noticias\/noticias-da-imprensa\/\",\"name\":\"Not\\u00edcias da imprensa\"}},{\"@type\":\"ListItem\",\"position\":4,\"item\":{\"@type\":\"WebPage\",\"@id\":\"https:\/\/abrelivros.org.br\/site\/termina-negociacao-da-compra-de-livros-didaticos-para-2009\/\",\"url\":\"https:\/\/abrelivros.org.br\/site\/termina-negociacao-da-compra-de-livros-didaticos-para-2009\/\",\"name\":\"Termina negocia\\u00e7\\u00e3o da compra de livros did\\u00e1ticos para 2009\"}}]},{\"@type\":\"Person\",\"@id\":\"https:\/\/abrelivros.org.br\/site\/#\/schema\/person\/2b867f13a717bb230f1a3555505f5593\",\"name\":\"\\u00a0\",\"image\":{\"@type\":\"ImageObject\",\"@id\":\"https:\/\/abrelivros.org.br\/site\/#personlogo\",\"inLanguage\":\"pt-BR\",\"url\":\"https:\/\/secure.gravatar.com\/avatar\/e80b7f5231be2fff5040a8023da424898002831c5439420df182ae62676d2a6f?s=96&d=mm&r=g\",\"caption\":\"\\u00a0\"}}]}<\/script>\n<!-- \/ Yoast SEO plugin. -->","_links":{"self":[{"href":"https:\/\/abrelivros.org.br\/site\/wp-json\/wp\/v2\/posts\/2297","targetHints":{"allow":["GET"]}}],"collection":[{"href":"https:\/\/abrelivros.org.br\/site\/wp-json\/wp\/v2\/posts"}],"about":[{"href":"https:\/\/abrelivros.org.br\/site\/wp-json\/wp\/v2\/types\/post"}],"author":[{"embeddable":true,"href":"https:\/\/abrelivros.org.br\/site\/wp-json\/wp\/v2\/users\/1"}],"replies":[{"embeddable":true,"href":"https:\/\/abrelivros.org.br\/site\/wp-json\/wp\/v2\/comments?post=2297"}],"version-history":[{"count":0,"href":"https:\/\/abrelivros.org.br\/site\/wp-json\/wp\/v2\/posts\/2297\/revisions"}],"wp:attachment":[{"href":"https:\/\/abrelivros.org.br\/site\/wp-json\/wp\/v2\/media?parent=2297"}],"wp:term":[{"taxonomy":"category","embeddable":true,"href":"https:\/\/abrelivros.org.br\/site\/wp-json\/wp\/v2\/categories?post=2297"},{"taxonomy":"post_tag","embeddable":true,"href":"https:\/\/abrelivros.org.br\/site\/wp-json\/wp\/v2\/tags?post=2297"}],"curies":[{"name":"wp","href":"https:\/\/api.w.org\/{rel}","templated":true}]}}