{"id":2296,"date":"2008-08-14T10:34:00","date_gmt":"2008-08-14T13:34:00","guid":{"rendered":"https:\/\/abrelivros.org.br\/site\/2008\/08\/14\/grafia-deve-ser-padronizada-em-oito-paises-de-lingua-portuguesa\/"},"modified":"2008-08-14T10:34:00","modified_gmt":"2008-08-14T13:34:00","slug":"grafia-deve-ser-padronizada-em-oito-paises-de-lingua-portuguesa","status":"publish","type":"post","link":"https:\/\/abrelivros.org.br\/site\/grafia-deve-ser-padronizada-em-oito-paises-de-lingua-portuguesa\/","title":{"rendered":"Grafia deve ser padronizada em oito pa\u00edses de l\u00edngua portuguesa"},"content":{"rendered":"<p>As normas estabelecidas pelo Acordo Ortogr\u00e1fico da L\u00edngua Portuguesa entrar\u00e3o em vigor, no Brasil, no pr\u00f3ximo ano. Para estabelecer as regras do per\u00edodo de transi\u00e7\u00e3o para a nova grafia, previsto para durar tr\u00eas anos, ser\u00e1 assinado um decreto. Os minist\u00e9rios da Educa\u00e7\u00e3o, da Cultura e das Rela\u00e7\u00f5es Exteriores ir\u00e3o fixar orienta\u00e7\u00f5es para que a sociedade se adapte \u00e0s mudan\u00e7as previstas pelo novo acordo. Est\u00e1 aberta uma consulta p\u00fablica para que os interessados encaminhem d\u00favidas ou sugest\u00f5es sobre o processo de transi\u00e7\u00e3o da norma ortogr\u00e1fica atual para a nova. O contato com o Minist\u00e9rio da Educa\u00e7\u00e3o pode ser feito at\u00e9 o dia 1\u00ba de setembro pelo endere\u00e7o eletr\u00f4nico <a href=mailto:acordoortografico@mec.gov.br>mailto:acordoortografico@mec.gov.br<\/a>.\u00a0<br \/> \u00a0<br \/> As sugest\u00f5es encaminhadas ao MEC podem ser incorporadas ao decreto que regulamentar\u00e1 o per\u00edodo de transi\u00e7\u00e3o. A l\u00edngua portuguesa \u00e9 falada por cerca de 220 milh\u00f5es de pessoas em todo o mundo &#8211; aproximadamente 190 milh\u00f5es no Brasil. O acordo \u00e9 considerado um marco de unifica\u00e7\u00e3o entre os pa\u00edses de l\u00edngua portuguesa &#8211;  Angola, Mo\u00e7ambique, Cabo Verde, Guin\u00e9-Bissau, S\u00e3o Tom\u00e9 e Pr\u00edncipe, Timor Leste, Brasil e Portugal. O acordo foi assinado, inicialmente, em 1990 pelos sete pa\u00edses que tinham o portugu\u00eas como idioma oficial &#8211; o Timor Leste ainda n\u00e3o era na\u00e7\u00e3o independente.\u00a0<br \/> \u00a0<br \/> Em raz\u00e3o das diferen\u00e7as entre as grafias desses pa\u00edses, \u00e9 grande a  dificuldade na difus\u00e3o da l\u00edngua. A inten\u00e7\u00e3o do acordo \u00e9 facilitar o processo de interc\u00e2mbio cultural e cient\u00edfico entre as na\u00e7\u00f5es e ampliar a divulga\u00e7\u00e3o do idioma e da literatura em l\u00edngua portuguesa.\u00a0<br \/> \u00a0<br \/><B> Livro did\u00e1tico<\/B> &#8211; O Brasil tem o maior programa de distribui\u00e7\u00e3o gratuita de livros did\u00e1ticos do mundo. Este ano, j\u00e1 foram apresentadas ao Minist\u00e9rio da Educa\u00e7\u00e3o propostas de obras com a nova grafia. S\u00e3o mudan\u00e7as como o fim do uso do trema e do acento em algumas palavras, como enj\u00f4o, id\u00e9ia, her\u00f3ico e outras.\u00a0<br \/> \u00a0<br \/> No primeiro semestre de 2009, o Guia do Livro Did\u00e1tico ser\u00e1 enviado \u00e0s escolas j\u00e1 com todas op\u00e7\u00f5es de obras impressas segundo as novas regras ortogr\u00e1ficas. Os livros ser\u00e3o destinados aos estudantes do primeiro ao quinto ano do ensino fundamental. Escolhidos pelas escolas, como de costume, estar\u00e3o nas salas-de-aula em 2010.\u00a0<br \/> \u00a0<br \/> Em 2011, os estudantes do sexto ao nono ano tamb\u00e9m ter\u00e3o livros  publicados conforme as regras previstas pelo acordo. Em 2012, ser\u00e1 vez do ensino m\u00e9dio.\u00a0<br \/> \u00a0<br \/> \u00a0<\/p>\n<p><\/p>\n","protected":false},"excerpt":{"rendered":"<p>As normas estabelecidas pelo Acordo Ortogr\u00e1fico da L\u00edngua Portuguesa entrar\u00e3o em vigor, no Brasil, no pr\u00f3ximo ano. Para estabelecer as regras do per\u00edodo de transi\u00e7\u00e3o para a nova grafia, previsto para durar tr\u00eas anos, ser\u00e1 assinado um decreto. Os minist\u00e9rios da Educa\u00e7\u00e3o, da Cultura e das Rela\u00e7\u00f5es Exteriores ir\u00e3o fixar orienta\u00e7\u00f5es para que a sociedade [&hellip;]<\/p>\n","protected":false},"author":1,"featured_media":0,"comment_status":"closed","ping_status":"closed","sticky":false,"template":"","format":"standard","meta":{"footnotes":"","_links_to":"","_links_to_target":""},"categories":[9],"tags":[],"class_list":["post-2296","post","type-post","status-publish","format-standard","hentry","category-noticias-da-imprensa"],"yoast_head":"<!-- This site is optimized with the Yoast SEO plugin v15.1 - https:\/\/yoast.com\/wordpress\/plugins\/seo\/ -->\n<title>Grafia deve ser padronizada em oito pa\u00edses de l\u00edngua portuguesa &raquo; Abrelivros<\/title>\n<meta name=\"robots\" content=\"index, follow, max-snippet:-1, max-image-preview:large, max-video-preview:-1\" \/>\n<link rel=\"canonical\" href=\"https:\/\/abrelivros.org.br\/site\/grafia-deve-ser-padronizada-em-oito-paises-de-lingua-portuguesa\/\" \/>\n<meta property=\"og:locale\" content=\"pt_BR\" \/>\n<meta property=\"og:type\" content=\"article\" \/>\n<meta property=\"og:title\" content=\"Grafia deve ser padronizada em oito pa\u00edses de l\u00edngua portuguesa &raquo; Abrelivros\" \/>\n<meta property=\"og:description\" content=\"As normas estabelecidas pelo Acordo Ortogr\u00e1fico da L\u00edngua Portuguesa entrar\u00e3o em vigor, no Brasil, no pr\u00f3ximo ano. Para estabelecer as regras do per\u00edodo de transi\u00e7\u00e3o para a nova grafia, previsto para durar tr\u00eas anos, ser\u00e1 assinado um decreto. Os minist\u00e9rios da Educa\u00e7\u00e3o, da Cultura e das Rela\u00e7\u00f5es Exteriores ir\u00e3o fixar orienta\u00e7\u00f5es para que a sociedade [&hellip;]\" \/>\n<meta property=\"og:url\" content=\"https:\/\/abrelivros.org.br\/site\/grafia-deve-ser-padronizada-em-oito-paises-de-lingua-portuguesa\/\" \/>\n<meta property=\"og:site_name\" content=\"Abrelivros\" \/>\n<meta property=\"article:published_time\" content=\"2008-08-14T13:34:00+00:00\" \/>\n<meta name=\"twitter:card\" content=\"summary_large_image\" \/>\n<script type=\"application\/ld+json\" class=\"yoast-schema-graph\">{\"@context\":\"https:\/\/schema.org\",\"@graph\":[{\"@type\":\"WebSite\",\"@id\":\"https:\/\/abrelivros.org.br\/site\/#website\",\"url\":\"https:\/\/abrelivros.org.br\/site\/\",\"name\":\"Abrelivros\",\"description\":\"\",\"potentialAction\":[{\"@type\":\"SearchAction\",\"target\":\"https:\/\/abrelivros.org.br\/site\/?s={search_term_string}\",\"query-input\":\"required name=search_term_string\"}],\"inLanguage\":\"pt-BR\"},{\"@type\":\"WebPage\",\"@id\":\"https:\/\/abrelivros.org.br\/site\/grafia-deve-ser-padronizada-em-oito-paises-de-lingua-portuguesa\/#webpage\",\"url\":\"https:\/\/abrelivros.org.br\/site\/grafia-deve-ser-padronizada-em-oito-paises-de-lingua-portuguesa\/\",\"name\":\"Grafia deve ser padronizada em oito pa\\u00edses de l\\u00edngua portuguesa &raquo; Abrelivros\",\"isPartOf\":{\"@id\":\"https:\/\/abrelivros.org.br\/site\/#website\"},\"datePublished\":\"2008-08-14T13:34:00+00:00\",\"dateModified\":\"2008-08-14T13:34:00+00:00\",\"author\":{\"@id\":\"https:\/\/abrelivros.org.br\/site\/#\/schema\/person\/2b867f13a717bb230f1a3555505f5593\"},\"breadcrumb\":{\"@id\":\"https:\/\/abrelivros.org.br\/site\/grafia-deve-ser-padronizada-em-oito-paises-de-lingua-portuguesa\/#breadcrumb\"},\"inLanguage\":\"pt-BR\",\"potentialAction\":[{\"@type\":\"ReadAction\",\"target\":[\"https:\/\/abrelivros.org.br\/site\/grafia-deve-ser-padronizada-em-oito-paises-de-lingua-portuguesa\/\"]}]},{\"@type\":\"BreadcrumbList\",\"@id\":\"https:\/\/abrelivros.org.br\/site\/grafia-deve-ser-padronizada-em-oito-paises-de-lingua-portuguesa\/#breadcrumb\",\"itemListElement\":[{\"@type\":\"ListItem\",\"position\":1,\"item\":{\"@type\":\"WebPage\",\"@id\":\"https:\/\/abrelivros.org.br\/site\/\",\"url\":\"https:\/\/abrelivros.org.br\/site\/\",\"name\":\"In\\u00edcio\"}},{\"@type\":\"ListItem\",\"position\":2,\"item\":{\"@type\":\"WebPage\",\"@id\":\"https:\/\/abrelivros.org.br\/site\/category\/noticias\/\",\"url\":\"https:\/\/abrelivros.org.br\/site\/category\/noticias\/\",\"name\":\"Not\\u00edcias\"}},{\"@type\":\"ListItem\",\"position\":3,\"item\":{\"@type\":\"WebPage\",\"@id\":\"https:\/\/abrelivros.org.br\/site\/category\/noticias\/noticias-da-imprensa\/\",\"url\":\"https:\/\/abrelivros.org.br\/site\/category\/noticias\/noticias-da-imprensa\/\",\"name\":\"Not\\u00edcias da imprensa\"}},{\"@type\":\"ListItem\",\"position\":4,\"item\":{\"@type\":\"WebPage\",\"@id\":\"https:\/\/abrelivros.org.br\/site\/grafia-deve-ser-padronizada-em-oito-paises-de-lingua-portuguesa\/\",\"url\":\"https:\/\/abrelivros.org.br\/site\/grafia-deve-ser-padronizada-em-oito-paises-de-lingua-portuguesa\/\",\"name\":\"Grafia deve ser padronizada em oito pa\\u00edses de l\\u00edngua portuguesa\"}}]},{\"@type\":\"Person\",\"@id\":\"https:\/\/abrelivros.org.br\/site\/#\/schema\/person\/2b867f13a717bb230f1a3555505f5593\",\"name\":\"\\u00a0\",\"image\":{\"@type\":\"ImageObject\",\"@id\":\"https:\/\/abrelivros.org.br\/site\/#personlogo\",\"inLanguage\":\"pt-BR\",\"url\":\"https:\/\/secure.gravatar.com\/avatar\/e80b7f5231be2fff5040a8023da424898002831c5439420df182ae62676d2a6f?s=96&d=mm&r=g\",\"caption\":\"\\u00a0\"}}]}<\/script>\n<!-- \/ Yoast SEO plugin. -->","_links":{"self":[{"href":"https:\/\/abrelivros.org.br\/site\/wp-json\/wp\/v2\/posts\/2296","targetHints":{"allow":["GET"]}}],"collection":[{"href":"https:\/\/abrelivros.org.br\/site\/wp-json\/wp\/v2\/posts"}],"about":[{"href":"https:\/\/abrelivros.org.br\/site\/wp-json\/wp\/v2\/types\/post"}],"author":[{"embeddable":true,"href":"https:\/\/abrelivros.org.br\/site\/wp-json\/wp\/v2\/users\/1"}],"replies":[{"embeddable":true,"href":"https:\/\/abrelivros.org.br\/site\/wp-json\/wp\/v2\/comments?post=2296"}],"version-history":[{"count":0,"href":"https:\/\/abrelivros.org.br\/site\/wp-json\/wp\/v2\/posts\/2296\/revisions"}],"wp:attachment":[{"href":"https:\/\/abrelivros.org.br\/site\/wp-json\/wp\/v2\/media?parent=2296"}],"wp:term":[{"taxonomy":"category","embeddable":true,"href":"https:\/\/abrelivros.org.br\/site\/wp-json\/wp\/v2\/categories?post=2296"},{"taxonomy":"post_tag","embeddable":true,"href":"https:\/\/abrelivros.org.br\/site\/wp-json\/wp\/v2\/tags?post=2296"}],"curies":[{"name":"wp","href":"https:\/\/api.w.org\/{rel}","templated":true}]}}