{"id":2295,"date":"2008-08-14T10:57:00","date_gmt":"2008-08-14T13:57:00","guid":{"rendered":"https:\/\/abrelivros.org.br\/site\/2008\/08\/14\/programas-do-livro-didatico-serao-apresentados-na-bienal-de-sao-paulo\/"},"modified":"2008-08-14T10:57:00","modified_gmt":"2008-08-14T13:57:00","slug":"programas-do-livro-didatico-serao-apresentados-na-bienal-de-sao-paulo","status":"publish","type":"post","link":"https:\/\/abrelivros.org.br\/site\/programas-do-livro-didatico-serao-apresentados-na-bienal-de-sao-paulo\/","title":{"rendered":"Programas  do  livro  did\u00e1tico  ser\u00e3o  apresentados na Bienal de S\u00e3o Paulo"},"content":{"rendered":"<p>Maior comprador de livros do mundo, o Fundo Nacional de Desenvolvimento da Educa\u00e7\u00e3o (FNDE) vai aproveitar seu estande na Bienal Internacional do Livro de S\u00e3o Paulo, que come\u00e7a hoje, 14, e vai at\u00e9 24 de agosto, no Pavilh\u00e3o de Exposi\u00e7\u00f5es do Anhembi, para apresentar o trabalho realizado na \u00e1rea de material did\u00e1tico e de incentivo \u00e0 leitura. \u00a0<br \/> \u00a0<br \/> Al\u00e9m dos programas que fornecem livros did\u00e1ticos para todos os alunos da educa\u00e7\u00e3o b\u00e1sica p\u00fablica (ensinos m\u00e9dio e fundamental), o FNDE vai mostrar como funciona o Programa Nacional Biblioteca da Escola, que encaminha \u00e0s institui\u00e7\u00f5es de ensino acervos com obras de literatura, de pesquisa e de refer\u00eancia. Somente este ano, foram enviados \u00e0s escolas p\u00fablicas mais de oito milh\u00f5es de exemplares, divididos em 282 mil acervos, em benef\u00edcio de 29 milh\u00f5es de estudantes da educa\u00e7\u00e3o b\u00e1sica e infantil. Alguns dos t\u00edtulos estar\u00e3o em exposi\u00e7\u00e3o no estande do FNDE. \u00a0<br \/> \u00a0<br \/> Em rela\u00e7\u00e3o aos livros did\u00e1ticos, os n\u00fameros s\u00e3o ainda maiores. Nesta semana, o FNDE fechou a compra de 103 milh\u00f5es obras, que beneficiar\u00e3o os cerca de 36 milh\u00f5es de alunos do ensino fundamental e m\u00e9dio a partir de 2009. No ano passado, foram adquiridos mais de 128 milh\u00f5es de exemplares.  \u00a0<br \/> \u00a0<br \/> O Plano de Desenvolvimento da Educa\u00e7\u00e3o (PDE) e as pol\u00edticas federais do livro e de incentivo \u00e0 leitura ser\u00e3o abordados durante palestra do presidente do FNDE, Daniel Balaban, no dia 15, no Sal\u00e3o de Id\u00e9ias Volkswagen, durante a Bienal. \u201cTodas as a\u00e7\u00f5es do PDE s\u00e3o importantes e acabam tendo rela\u00e7\u00e3o com o tema livro e literatura. A educa\u00e7\u00e3o \u00e9 sist\u00eamica. Professores mais bem preparados se interessam mais pela literatura e podem passar esse interesse para seus alunos, formando novos leitores\u201d, afirma Balaban. \u00a0<br \/> \u00a0<br \/><B> Aspecto l\u00fadico<\/B> \u2013 O estande do FNDE na Bienal tamb\u00e9m pretende envolver crian\u00e7as e adultos no mundo m\u00e1gico dos livros, com destaque para as diversas formas de comunica\u00e7\u00e3o e linguagem, passeando por obras em Braille, Libras (L\u00edngua Brasileira de Sinais) e em \u00e1udio. Haver\u00e1 encontros com autores renomados, como Ign\u00e1cio de Loyola Brand\u00e3o; oficinas de ilustra\u00e7\u00e3o, confec\u00e7\u00e3o e conserva\u00e7\u00e3o de livros; al\u00e9m da narra\u00e7\u00e3o de hist\u00f3rias, onde contadores experientes levar\u00e3o crian\u00e7as, jovens e adultos a entrar nas hist\u00f3rias fant\u00e1sticas desse mundo l\u00fadico. \u00a0<br \/> \u00a0<br \/> Realizada pela C\u00e2mara Brasileira do Livro (CBL), a 20\u00aa edi\u00e7\u00e3o da Bienal vai reunir 350 expositores nacionais e estrangeiros em 70 mil m\u00b2 do pavilh\u00e3o do Anhembi, representando mais de 900 selos editoriais. A expectativa \u00e9 de que mais de 800 mil pessoas visitem os onze dias da feira. \u00a0<br \/> \u00a0<\/p>\n<p><\/p>\n","protected":false},"excerpt":{"rendered":"<p>Maior comprador de livros do mundo, o Fundo Nacional de Desenvolvimento da Educa\u00e7\u00e3o (FNDE) vai aproveitar seu estande na Bienal Internacional do Livro de S\u00e3o Paulo, que come\u00e7a hoje, 14, e vai at\u00e9 24 de agosto, no Pavilh\u00e3o de Exposi\u00e7\u00f5es do Anhembi, para apresentar o trabalho realizado na \u00e1rea de material did\u00e1tico e de incentivo [&hellip;]<\/p>\n","protected":false},"author":1,"featured_media":0,"comment_status":"closed","ping_status":"closed","sticky":false,"template":"","format":"standard","meta":{"footnotes":"","_links_to":"","_links_to_target":""},"categories":[9],"tags":[],"class_list":["post-2295","post","type-post","status-publish","format-standard","hentry","category-noticias-da-imprensa"],"yoast_head":"<!-- This site is optimized with the Yoast SEO plugin v15.1 - https:\/\/yoast.com\/wordpress\/plugins\/seo\/ -->\n<title>Programas do livro did\u00e1tico ser\u00e3o apresentados na Bienal de S\u00e3o Paulo &raquo; Abrelivros<\/title>\n<meta name=\"robots\" content=\"index, follow, max-snippet:-1, max-image-preview:large, max-video-preview:-1\" \/>\n<link rel=\"canonical\" href=\"https:\/\/abrelivros.org.br\/site\/programas-do-livro-didatico-serao-apresentados-na-bienal-de-sao-paulo\/\" \/>\n<meta property=\"og:locale\" content=\"pt_BR\" \/>\n<meta property=\"og:type\" content=\"article\" \/>\n<meta property=\"og:title\" content=\"Programas do livro did\u00e1tico ser\u00e3o apresentados na Bienal de S\u00e3o Paulo &raquo; Abrelivros\" \/>\n<meta property=\"og:description\" content=\"Maior comprador de livros do mundo, o Fundo Nacional de Desenvolvimento da Educa\u00e7\u00e3o (FNDE) vai aproveitar seu estande na Bienal Internacional do Livro de S\u00e3o Paulo, que come\u00e7a hoje, 14, e vai at\u00e9 24 de agosto, no Pavilh\u00e3o de Exposi\u00e7\u00f5es do Anhembi, para apresentar o trabalho realizado na \u00e1rea de material did\u00e1tico e de incentivo [&hellip;]\" \/>\n<meta property=\"og:url\" content=\"https:\/\/abrelivros.org.br\/site\/programas-do-livro-didatico-serao-apresentados-na-bienal-de-sao-paulo\/\" \/>\n<meta property=\"og:site_name\" content=\"Abrelivros\" \/>\n<meta property=\"article:published_time\" content=\"2008-08-14T13:57:00+00:00\" \/>\n<meta name=\"twitter:card\" content=\"summary_large_image\" \/>\n<script type=\"application\/ld+json\" class=\"yoast-schema-graph\">{\"@context\":\"https:\/\/schema.org\",\"@graph\":[{\"@type\":\"WebSite\",\"@id\":\"https:\/\/abrelivros.org.br\/site\/#website\",\"url\":\"https:\/\/abrelivros.org.br\/site\/\",\"name\":\"Abrelivros\",\"description\":\"\",\"potentialAction\":[{\"@type\":\"SearchAction\",\"target\":\"https:\/\/abrelivros.org.br\/site\/?s={search_term_string}\",\"query-input\":\"required name=search_term_string\"}],\"inLanguage\":\"pt-BR\"},{\"@type\":\"WebPage\",\"@id\":\"https:\/\/abrelivros.org.br\/site\/programas-do-livro-didatico-serao-apresentados-na-bienal-de-sao-paulo\/#webpage\",\"url\":\"https:\/\/abrelivros.org.br\/site\/programas-do-livro-didatico-serao-apresentados-na-bienal-de-sao-paulo\/\",\"name\":\"Programas do livro did\\u00e1tico ser\\u00e3o apresentados na Bienal de S\\u00e3o Paulo &raquo; Abrelivros\",\"isPartOf\":{\"@id\":\"https:\/\/abrelivros.org.br\/site\/#website\"},\"datePublished\":\"2008-08-14T13:57:00+00:00\",\"dateModified\":\"2008-08-14T13:57:00+00:00\",\"author\":{\"@id\":\"https:\/\/abrelivros.org.br\/site\/#\/schema\/person\/2b867f13a717bb230f1a3555505f5593\"},\"breadcrumb\":{\"@id\":\"https:\/\/abrelivros.org.br\/site\/programas-do-livro-didatico-serao-apresentados-na-bienal-de-sao-paulo\/#breadcrumb\"},\"inLanguage\":\"pt-BR\",\"potentialAction\":[{\"@type\":\"ReadAction\",\"target\":[\"https:\/\/abrelivros.org.br\/site\/programas-do-livro-didatico-serao-apresentados-na-bienal-de-sao-paulo\/\"]}]},{\"@type\":\"BreadcrumbList\",\"@id\":\"https:\/\/abrelivros.org.br\/site\/programas-do-livro-didatico-serao-apresentados-na-bienal-de-sao-paulo\/#breadcrumb\",\"itemListElement\":[{\"@type\":\"ListItem\",\"position\":1,\"item\":{\"@type\":\"WebPage\",\"@id\":\"https:\/\/abrelivros.org.br\/site\/\",\"url\":\"https:\/\/abrelivros.org.br\/site\/\",\"name\":\"In\\u00edcio\"}},{\"@type\":\"ListItem\",\"position\":2,\"item\":{\"@type\":\"WebPage\",\"@id\":\"https:\/\/abrelivros.org.br\/site\/category\/noticias\/\",\"url\":\"https:\/\/abrelivros.org.br\/site\/category\/noticias\/\",\"name\":\"Not\\u00edcias\"}},{\"@type\":\"ListItem\",\"position\":3,\"item\":{\"@type\":\"WebPage\",\"@id\":\"https:\/\/abrelivros.org.br\/site\/category\/noticias\/noticias-da-imprensa\/\",\"url\":\"https:\/\/abrelivros.org.br\/site\/category\/noticias\/noticias-da-imprensa\/\",\"name\":\"Not\\u00edcias da imprensa\"}},{\"@type\":\"ListItem\",\"position\":4,\"item\":{\"@type\":\"WebPage\",\"@id\":\"https:\/\/abrelivros.org.br\/site\/programas-do-livro-didatico-serao-apresentados-na-bienal-de-sao-paulo\/\",\"url\":\"https:\/\/abrelivros.org.br\/site\/programas-do-livro-didatico-serao-apresentados-na-bienal-de-sao-paulo\/\",\"name\":\"Programas do livro did\\u00e1tico ser\\u00e3o apresentados na Bienal de S\\u00e3o Paulo\"}}]},{\"@type\":\"Person\",\"@id\":\"https:\/\/abrelivros.org.br\/site\/#\/schema\/person\/2b867f13a717bb230f1a3555505f5593\",\"name\":\"\\u00a0\",\"image\":{\"@type\":\"ImageObject\",\"@id\":\"https:\/\/abrelivros.org.br\/site\/#personlogo\",\"inLanguage\":\"pt-BR\",\"url\":\"https:\/\/secure.gravatar.com\/avatar\/e80b7f5231be2fff5040a8023da424898002831c5439420df182ae62676d2a6f?s=96&d=mm&r=g\",\"caption\":\"\\u00a0\"}}]}<\/script>\n<!-- \/ Yoast SEO plugin. -->","_links":{"self":[{"href":"https:\/\/abrelivros.org.br\/site\/wp-json\/wp\/v2\/posts\/2295","targetHints":{"allow":["GET"]}}],"collection":[{"href":"https:\/\/abrelivros.org.br\/site\/wp-json\/wp\/v2\/posts"}],"about":[{"href":"https:\/\/abrelivros.org.br\/site\/wp-json\/wp\/v2\/types\/post"}],"author":[{"embeddable":true,"href":"https:\/\/abrelivros.org.br\/site\/wp-json\/wp\/v2\/users\/1"}],"replies":[{"embeddable":true,"href":"https:\/\/abrelivros.org.br\/site\/wp-json\/wp\/v2\/comments?post=2295"}],"version-history":[{"count":0,"href":"https:\/\/abrelivros.org.br\/site\/wp-json\/wp\/v2\/posts\/2295\/revisions"}],"wp:attachment":[{"href":"https:\/\/abrelivros.org.br\/site\/wp-json\/wp\/v2\/media?parent=2295"}],"wp:term":[{"taxonomy":"category","embeddable":true,"href":"https:\/\/abrelivros.org.br\/site\/wp-json\/wp\/v2\/categories?post=2295"},{"taxonomy":"post_tag","embeddable":true,"href":"https:\/\/abrelivros.org.br\/site\/wp-json\/wp\/v2\/tags?post=2295"}],"curies":[{"name":"wp","href":"https:\/\/api.w.org\/{rel}","templated":true}]}}