{"id":2294,"date":"2008-08-14T12:23:00","date_gmt":"2008-08-14T15:23:00","guid":{"rendered":"https:\/\/abrelivros.org.br\/site\/2008\/08\/14\/governo-compra-103-milhoes-de-livros\/"},"modified":"2008-08-14T12:23:00","modified_gmt":"2008-08-14T15:23:00","slug":"governo-compra-103-milhoes-de-livros","status":"publish","type":"post","link":"https:\/\/abrelivros.org.br\/site\/governo-compra-103-milhoes-de-livros\/","title":{"rendered":"Governo compra 103 milh\u00f5es de livros"},"content":{"rendered":"<p>O programa de distribui\u00e7\u00e3o de livros did\u00e1ticos para alunos de escolas p\u00fablicas do Fundo Nacional de Desenvolvimento da Educa\u00e7\u00e3o (FNDE), mantido pelo governo federal, fechou negocia\u00e7\u00e3o com 16 editoras para a aquisi\u00e7\u00e3o de 103 milh\u00f5es de livros escolares, O valor total negociado \u00e9 de R$ 719,5 milh\u00f5es. <\/p>\n<p> As editoras que venderam seus livros para o FNDE foram Moderna, FTD, \u00c1tica, Saraiva, Positivo, Scipione, Escala, do Brasil, Ibep, Base, Sarandi, Dimens\u00e3o, Nova Gera\u00e7\u00e3o, Casa Publicadora, Educarte e Cia da Escola.<\/p>\n<p> Como ocorreu no programa anterior, a Moderna liderou novamente o ranking de vendas de livros, com um contrato de R$ 150 milh\u00f5es, seguida pela editora Saraiva, que fechou compras de R$ 140 milh\u00f5es. Pertencente ao grupo espanhol Santillana desde 2001, a Moderna det\u00e9m atualmente cerca de 30% do mercado de livros did\u00e1ticos. <\/p>\n<p> O FNDE comprou para os alunos do ensino m\u00e9dio 43,1 milh\u00f5es de livros, sendo que cada exemplar foi negociado a R$ 9,67. Para o ensino fundamental foram comprados 60,5 milh\u00f5es de livros, por R$ 5 a unidade, para crian\u00e7as da 1\u00aa s\u00e9rie e tamb\u00e9m para reposi\u00e7\u00e3o das demais s\u00e9ries. <\/p>\n<p> O programa brasileiro de distribui\u00e7\u00e3o de livros em escolas p\u00fablicas tem despertado especial interesse das editoras estrangeiras por se tratar do maior projeto do g\u00eanero no mundo. A unidade brasileira da espanhola Santillana, por exemplo, conseguiu no ano passado ultrapassar o desempenho da sua matriz, na Espanha, e do M\u00e9xico, que tamb\u00e9m possui um programa de livros gratuitos, gra\u00e7as \u00e0s vendas da editora Moderna para o governo federal. <\/p>\n<p> O material did\u00e1tico, que \u00e9 usado por tr\u00eas anos pelos alunos, contempla livros das disciplinas de portugu\u00eas, matem\u00e1tica, biologia, f\u00edsica e geografia. <\/p>\n<p> Outra oportunidade que se abre para o mercado editorial nesse segundo semestre \u00e9 a licita\u00e7\u00e3o do FNDE para livros de ingl\u00eas e espanhol. A partir de 2010 o idioma espanhol ser\u00e1 obrigat\u00f3rio nas escolas privadas e da rede p\u00fablica. <\/p>\n<p> \u00c9 a primeira vez que o Minist\u00e9rio da Educa\u00e7\u00e3o (MEC) abre um edital de livros para os dois idiomas. O governo comprar\u00e1 de uma s\u00f3 vez um total de 40,4 milh\u00f5es de livros de ingl\u00eas e espanhol. Com isso, editoras especializadas em l\u00ednguas estrangeiras t\u00eam chances de participarem do projeto que atender\u00e1 crian\u00e7as do 5\u00ba ao 9\u00ba anos e do ensino m\u00e9dio das escolas p\u00fablicas.<\/p>\n","protected":false},"excerpt":{"rendered":"<p>O programa de distribui\u00e7\u00e3o de livros did\u00e1ticos para alunos de escolas p\u00fablicas do Fundo Nacional de Desenvolvimento da Educa\u00e7\u00e3o (FNDE), mantido pelo governo federal, fechou negocia\u00e7\u00e3o com 16 editoras para a aquisi\u00e7\u00e3o de 103 milh\u00f5es de livros escolares, O valor total negociado \u00e9 de R$ 719,5 milh\u00f5es. As editoras que venderam seus livros para o [&hellip;]<\/p>\n","protected":false},"author":1,"featured_media":0,"comment_status":"closed","ping_status":"closed","sticky":false,"template":"","format":"standard","meta":{"footnotes":"","_links_to":"","_links_to_target":""},"categories":[9],"tags":[],"class_list":["post-2294","post","type-post","status-publish","format-standard","hentry","category-noticias-da-imprensa"],"yoast_head":"<!-- This site is optimized with the Yoast SEO plugin v15.1 - https:\/\/yoast.com\/wordpress\/plugins\/seo\/ -->\n<title>Governo compra 103 milh\u00f5es de livros &raquo; Abrelivros<\/title>\n<meta name=\"robots\" content=\"index, follow, max-snippet:-1, max-image-preview:large, max-video-preview:-1\" \/>\n<link rel=\"canonical\" href=\"https:\/\/abrelivros.org.br\/site\/governo-compra-103-milhoes-de-livros\/\" \/>\n<meta property=\"og:locale\" content=\"pt_BR\" \/>\n<meta property=\"og:type\" content=\"article\" \/>\n<meta property=\"og:title\" content=\"Governo compra 103 milh\u00f5es de livros &raquo; Abrelivros\" \/>\n<meta property=\"og:description\" content=\"O programa de distribui\u00e7\u00e3o de livros did\u00e1ticos para alunos de escolas p\u00fablicas do Fundo Nacional de Desenvolvimento da Educa\u00e7\u00e3o (FNDE), mantido pelo governo federal, fechou negocia\u00e7\u00e3o com 16 editoras para a aquisi\u00e7\u00e3o de 103 milh\u00f5es de livros escolares, O valor total negociado \u00e9 de R$ 719,5 milh\u00f5es. As editoras que venderam seus livros para o [&hellip;]\" \/>\n<meta property=\"og:url\" content=\"https:\/\/abrelivros.org.br\/site\/governo-compra-103-milhoes-de-livros\/\" \/>\n<meta property=\"og:site_name\" content=\"Abrelivros\" \/>\n<meta property=\"article:published_time\" content=\"2008-08-14T15:23:00+00:00\" \/>\n<meta name=\"twitter:card\" content=\"summary_large_image\" \/>\n<script type=\"application\/ld+json\" class=\"yoast-schema-graph\">{\"@context\":\"https:\/\/schema.org\",\"@graph\":[{\"@type\":\"WebSite\",\"@id\":\"https:\/\/abrelivros.org.br\/site\/#website\",\"url\":\"https:\/\/abrelivros.org.br\/site\/\",\"name\":\"Abrelivros\",\"description\":\"\",\"potentialAction\":[{\"@type\":\"SearchAction\",\"target\":\"https:\/\/abrelivros.org.br\/site\/?s={search_term_string}\",\"query-input\":\"required name=search_term_string\"}],\"inLanguage\":\"pt-BR\"},{\"@type\":\"WebPage\",\"@id\":\"https:\/\/abrelivros.org.br\/site\/governo-compra-103-milhoes-de-livros\/#webpage\",\"url\":\"https:\/\/abrelivros.org.br\/site\/governo-compra-103-milhoes-de-livros\/\",\"name\":\"Governo compra 103 milh\\u00f5es de livros &raquo; Abrelivros\",\"isPartOf\":{\"@id\":\"https:\/\/abrelivros.org.br\/site\/#website\"},\"datePublished\":\"2008-08-14T15:23:00+00:00\",\"dateModified\":\"2008-08-14T15:23:00+00:00\",\"author\":{\"@id\":\"https:\/\/abrelivros.org.br\/site\/#\/schema\/person\/2b867f13a717bb230f1a3555505f5593\"},\"breadcrumb\":{\"@id\":\"https:\/\/abrelivros.org.br\/site\/governo-compra-103-milhoes-de-livros\/#breadcrumb\"},\"inLanguage\":\"pt-BR\",\"potentialAction\":[{\"@type\":\"ReadAction\",\"target\":[\"https:\/\/abrelivros.org.br\/site\/governo-compra-103-milhoes-de-livros\/\"]}]},{\"@type\":\"BreadcrumbList\",\"@id\":\"https:\/\/abrelivros.org.br\/site\/governo-compra-103-milhoes-de-livros\/#breadcrumb\",\"itemListElement\":[{\"@type\":\"ListItem\",\"position\":1,\"item\":{\"@type\":\"WebPage\",\"@id\":\"https:\/\/abrelivros.org.br\/site\/\",\"url\":\"https:\/\/abrelivros.org.br\/site\/\",\"name\":\"In\\u00edcio\"}},{\"@type\":\"ListItem\",\"position\":2,\"item\":{\"@type\":\"WebPage\",\"@id\":\"https:\/\/abrelivros.org.br\/site\/category\/noticias\/\",\"url\":\"https:\/\/abrelivros.org.br\/site\/category\/noticias\/\",\"name\":\"Not\\u00edcias\"}},{\"@type\":\"ListItem\",\"position\":3,\"item\":{\"@type\":\"WebPage\",\"@id\":\"https:\/\/abrelivros.org.br\/site\/category\/noticias\/noticias-da-imprensa\/\",\"url\":\"https:\/\/abrelivros.org.br\/site\/category\/noticias\/noticias-da-imprensa\/\",\"name\":\"Not\\u00edcias da imprensa\"}},{\"@type\":\"ListItem\",\"position\":4,\"item\":{\"@type\":\"WebPage\",\"@id\":\"https:\/\/abrelivros.org.br\/site\/governo-compra-103-milhoes-de-livros\/\",\"url\":\"https:\/\/abrelivros.org.br\/site\/governo-compra-103-milhoes-de-livros\/\",\"name\":\"Governo compra 103 milh\\u00f5es de livros\"}}]},{\"@type\":\"Person\",\"@id\":\"https:\/\/abrelivros.org.br\/site\/#\/schema\/person\/2b867f13a717bb230f1a3555505f5593\",\"name\":\"\\u00a0\",\"image\":{\"@type\":\"ImageObject\",\"@id\":\"https:\/\/abrelivros.org.br\/site\/#personlogo\",\"inLanguage\":\"pt-BR\",\"url\":\"https:\/\/secure.gravatar.com\/avatar\/e80b7f5231be2fff5040a8023da424898002831c5439420df182ae62676d2a6f?s=96&d=mm&r=g\",\"caption\":\"\\u00a0\"}}]}<\/script>\n<!-- \/ Yoast SEO plugin. -->","_links":{"self":[{"href":"https:\/\/abrelivros.org.br\/site\/wp-json\/wp\/v2\/posts\/2294","targetHints":{"allow":["GET"]}}],"collection":[{"href":"https:\/\/abrelivros.org.br\/site\/wp-json\/wp\/v2\/posts"}],"about":[{"href":"https:\/\/abrelivros.org.br\/site\/wp-json\/wp\/v2\/types\/post"}],"author":[{"embeddable":true,"href":"https:\/\/abrelivros.org.br\/site\/wp-json\/wp\/v2\/users\/1"}],"replies":[{"embeddable":true,"href":"https:\/\/abrelivros.org.br\/site\/wp-json\/wp\/v2\/comments?post=2294"}],"version-history":[{"count":0,"href":"https:\/\/abrelivros.org.br\/site\/wp-json\/wp\/v2\/posts\/2294\/revisions"}],"wp:attachment":[{"href":"https:\/\/abrelivros.org.br\/site\/wp-json\/wp\/v2\/media?parent=2294"}],"wp:term":[{"taxonomy":"category","embeddable":true,"href":"https:\/\/abrelivros.org.br\/site\/wp-json\/wp\/v2\/categories?post=2294"},{"taxonomy":"post_tag","embeddable":true,"href":"https:\/\/abrelivros.org.br\/site\/wp-json\/wp\/v2\/tags?post=2294"}],"curies":[{"name":"wp","href":"https:\/\/api.w.org\/{rel}","templated":true}]}}