{"id":2290,"date":"2008-08-15T10:42:00","date_gmt":"2008-08-15T13:42:00","guid":{"rendered":"https:\/\/abrelivros.org.br\/site\/2008\/08\/15\/bienal-pede-volta-da-secretaria-nacional-do-livro\/"},"modified":"2008-08-15T10:42:00","modified_gmt":"2008-08-15T13:42:00","slug":"bienal-pede-volta-da-secretaria-nacional-do-livro","status":"publish","type":"post","link":"https:\/\/abrelivros.org.br\/site\/bienal-pede-volta-da-secretaria-nacional-do-livro\/","title":{"rendered":"Bienal pede volta da Secretaria Nacional do Livro"},"content":{"rendered":"<p>A 20\u00aa Bienal Internacional do Livro de S\u00e3o Paulo come\u00e7ou ontem no Anhembi com a apresenta\u00e7\u00e3o de um manifesto em prol da recria\u00e7\u00e3o da Secretaria do Livro e da Leitura no Minist\u00e9rio da Cultura. A secretaria foi extinta em 2003 pelo Minist\u00e9rio da Cultura.<\/p>\n<p> O manifesto foi entregue durante a cerim\u00f4nia de abertura da Bienal ao ministro interino da Cultura Juca Ferreira por Rosely Boschini, presidente da C\u00e2mara Brasileira do Livro (CBL), que organiza o evento. <\/p>\n<p> Assinado por \u201cprofissionais da escrita, da edi\u00e7\u00e3o e das livrarias\u201c (o n\u00famero de assinaturas n\u00e3o foi informado pela CBL), o manifesto traz elogios \u00e0s medidas do governo federal no setor, como a desonera\u00e7\u00e3o fiscal dos livros feita em 2004, mas salienta que o livro e a leitura perderam \u201ca sua centralidade e visibilidade no centro do poder pol\u00edtico do pa\u00eds\u201c. <\/p>\n<p> Juca Ferreira n\u00e3o comentou o documento. O ministro, por sua vez, mandou um recado para o segmento, ressaltando a import\u00e2ncia de baixar os pre\u00e7os dos livros. <\/p>\n<p> \u201cPromover o acesso \u00e0 leitura \u00e9 parte da infra-estrutura que o pa\u00eds precisa criar para o futuro\u201c, disse Ferreira, que lembrou ainda as homenagens ao centen\u00e1rio de morte de Machado de Assis (1839-1908) que acontecem durante a Bienal. \u201cMachado segue vital \u00e0 cultura brasileira mais de cem anos ap\u00f3s sua morte.\u201c <\/p>\n<p><B> Atividades culturais <\/p>\n<p><\/B> Hoje t\u00eam in\u00edcio as atividades culturais da 20\u00aa Bienal. \u00c0s 17h, no Sal\u00e3o de Id\u00e9ias, as tend\u00eancias da literatura japonesa no Brasil ser\u00e3o discutidas por Akiko Kurita (diretora do Foreign Rights Center do Jap\u00e3o), a tradutora Leiko Gotoda e os editores Angel Bojadsen e Cassiano Elek Machado. <\/p>\n<p> \u00c0s 19h, o mesmo espa\u00e7o abriga o lan\u00e7amento do novo livro do humorista Chico Anysio, \u201c3 Casos de Pol\u00edcia\u201c (editora Escrituras). <\/p>\n<p> No Espa\u00e7o Liter\u00e1rio, \u00e0s 19h30, H\u00e9lio de Seixas Guimar\u00e3es, doutor em Teoria Liter\u00e1ria pela Unicamp e autor de \u201cOs Leitores de Machado de Assis\u201c, fala sobre prosa machadiana.<\/p>\n<p><B> Secretaria do Livro j\u00e1!<\/B> Blog do Galeno &#8211; Galeno Amorim    As entidades do livro no Pa\u00eds entregaram nesta quinta-feira (14\/8), na abertura da Bienal Internacional do Livro de S\u00e3o Paulo, um manifesto ao ministro interino da Cultura, Juca Ferreira, pedindo a recria\u00e7\u00e3o da Secretaria Nacional do Livro e Leitura, desativada no primeiro ano da gest\u00e3o Gil. O documento foi anunciado, sob aplausos da plat\u00e9ia, pela presidente da C\u00e2mara Brasileira do Livro, Rosely Boschini, em seu discurso de inaugura\u00e7\u00e3o.\u00a0<br \/> \u00a0<br \/> Juca, que falou em seguida, n\u00e3o tocou no assunto. Em compensa\u00e7\u00e3o, tocou num tema considerado delicado nas rela\u00e7\u00f5es entre as partes: a redu\u00e7\u00e3o dos pre\u00e7os do livro.\u00a0<br \/> \u00a0<\/p>\n","protected":false},"excerpt":{"rendered":"<p>A 20\u00aa Bienal Internacional do Livro de S\u00e3o Paulo come\u00e7ou ontem no Anhembi com a apresenta\u00e7\u00e3o de um manifesto em prol da recria\u00e7\u00e3o da Secretaria do Livro e da Leitura no Minist\u00e9rio da Cultura. A secretaria foi extinta em 2003 pelo Minist\u00e9rio da Cultura. O manifesto foi entregue durante a cerim\u00f4nia de abertura da Bienal [&hellip;]<\/p>\n","protected":false},"author":1,"featured_media":0,"comment_status":"closed","ping_status":"closed","sticky":false,"template":"","format":"standard","meta":{"footnotes":"","_links_to":"","_links_to_target":""},"categories":[9],"tags":[],"class_list":["post-2290","post","type-post","status-publish","format-standard","hentry","category-noticias-da-imprensa"],"yoast_head":"<!-- This site is optimized with the Yoast SEO plugin v15.1 - https:\/\/yoast.com\/wordpress\/plugins\/seo\/ -->\n<title>Bienal pede volta da Secretaria Nacional do Livro &raquo; Abrelivros<\/title>\n<meta name=\"robots\" content=\"index, follow, max-snippet:-1, max-image-preview:large, max-video-preview:-1\" \/>\n<link rel=\"canonical\" href=\"https:\/\/abrelivros.org.br\/site\/bienal-pede-volta-da-secretaria-nacional-do-livro\/\" \/>\n<meta property=\"og:locale\" content=\"pt_BR\" \/>\n<meta property=\"og:type\" content=\"article\" \/>\n<meta property=\"og:title\" content=\"Bienal pede volta da Secretaria Nacional do Livro &raquo; Abrelivros\" \/>\n<meta property=\"og:description\" content=\"A 20\u00aa Bienal Internacional do Livro de S\u00e3o Paulo come\u00e7ou ontem no Anhembi com a apresenta\u00e7\u00e3o de um manifesto em prol da recria\u00e7\u00e3o da Secretaria do Livro e da Leitura no Minist\u00e9rio da Cultura. A secretaria foi extinta em 2003 pelo Minist\u00e9rio da Cultura. O manifesto foi entregue durante a cerim\u00f4nia de abertura da Bienal [&hellip;]\" \/>\n<meta property=\"og:url\" content=\"https:\/\/abrelivros.org.br\/site\/bienal-pede-volta-da-secretaria-nacional-do-livro\/\" \/>\n<meta property=\"og:site_name\" content=\"Abrelivros\" \/>\n<meta property=\"article:published_time\" content=\"2008-08-15T13:42:00+00:00\" \/>\n<meta name=\"twitter:card\" content=\"summary_large_image\" \/>\n<script type=\"application\/ld+json\" class=\"yoast-schema-graph\">{\"@context\":\"https:\/\/schema.org\",\"@graph\":[{\"@type\":\"WebSite\",\"@id\":\"https:\/\/abrelivros.org.br\/site\/#website\",\"url\":\"https:\/\/abrelivros.org.br\/site\/\",\"name\":\"Abrelivros\",\"description\":\"\",\"potentialAction\":[{\"@type\":\"SearchAction\",\"target\":\"https:\/\/abrelivros.org.br\/site\/?s={search_term_string}\",\"query-input\":\"required name=search_term_string\"}],\"inLanguage\":\"pt-BR\"},{\"@type\":\"WebPage\",\"@id\":\"https:\/\/abrelivros.org.br\/site\/bienal-pede-volta-da-secretaria-nacional-do-livro\/#webpage\",\"url\":\"https:\/\/abrelivros.org.br\/site\/bienal-pede-volta-da-secretaria-nacional-do-livro\/\",\"name\":\"Bienal pede volta da Secretaria Nacional do Livro &raquo; Abrelivros\",\"isPartOf\":{\"@id\":\"https:\/\/abrelivros.org.br\/site\/#website\"},\"datePublished\":\"2008-08-15T13:42:00+00:00\",\"dateModified\":\"2008-08-15T13:42:00+00:00\",\"author\":{\"@id\":\"https:\/\/abrelivros.org.br\/site\/#\/schema\/person\/2b867f13a717bb230f1a3555505f5593\"},\"breadcrumb\":{\"@id\":\"https:\/\/abrelivros.org.br\/site\/bienal-pede-volta-da-secretaria-nacional-do-livro\/#breadcrumb\"},\"inLanguage\":\"pt-BR\",\"potentialAction\":[{\"@type\":\"ReadAction\",\"target\":[\"https:\/\/abrelivros.org.br\/site\/bienal-pede-volta-da-secretaria-nacional-do-livro\/\"]}]},{\"@type\":\"BreadcrumbList\",\"@id\":\"https:\/\/abrelivros.org.br\/site\/bienal-pede-volta-da-secretaria-nacional-do-livro\/#breadcrumb\",\"itemListElement\":[{\"@type\":\"ListItem\",\"position\":1,\"item\":{\"@type\":\"WebPage\",\"@id\":\"https:\/\/abrelivros.org.br\/site\/\",\"url\":\"https:\/\/abrelivros.org.br\/site\/\",\"name\":\"In\\u00edcio\"}},{\"@type\":\"ListItem\",\"position\":2,\"item\":{\"@type\":\"WebPage\",\"@id\":\"https:\/\/abrelivros.org.br\/site\/category\/noticias\/\",\"url\":\"https:\/\/abrelivros.org.br\/site\/category\/noticias\/\",\"name\":\"Not\\u00edcias\"}},{\"@type\":\"ListItem\",\"position\":3,\"item\":{\"@type\":\"WebPage\",\"@id\":\"https:\/\/abrelivros.org.br\/site\/category\/noticias\/noticias-da-imprensa\/\",\"url\":\"https:\/\/abrelivros.org.br\/site\/category\/noticias\/noticias-da-imprensa\/\",\"name\":\"Not\\u00edcias da imprensa\"}},{\"@type\":\"ListItem\",\"position\":4,\"item\":{\"@type\":\"WebPage\",\"@id\":\"https:\/\/abrelivros.org.br\/site\/bienal-pede-volta-da-secretaria-nacional-do-livro\/\",\"url\":\"https:\/\/abrelivros.org.br\/site\/bienal-pede-volta-da-secretaria-nacional-do-livro\/\",\"name\":\"Bienal pede volta da Secretaria Nacional do Livro\"}}]},{\"@type\":\"Person\",\"@id\":\"https:\/\/abrelivros.org.br\/site\/#\/schema\/person\/2b867f13a717bb230f1a3555505f5593\",\"name\":\"\\u00a0\",\"image\":{\"@type\":\"ImageObject\",\"@id\":\"https:\/\/abrelivros.org.br\/site\/#personlogo\",\"inLanguage\":\"pt-BR\",\"url\":\"https:\/\/secure.gravatar.com\/avatar\/e80b7f5231be2fff5040a8023da424898002831c5439420df182ae62676d2a6f?s=96&d=mm&r=g\",\"caption\":\"\\u00a0\"}}]}<\/script>\n<!-- \/ Yoast SEO plugin. -->","_links":{"self":[{"href":"https:\/\/abrelivros.org.br\/site\/wp-json\/wp\/v2\/posts\/2290","targetHints":{"allow":["GET"]}}],"collection":[{"href":"https:\/\/abrelivros.org.br\/site\/wp-json\/wp\/v2\/posts"}],"about":[{"href":"https:\/\/abrelivros.org.br\/site\/wp-json\/wp\/v2\/types\/post"}],"author":[{"embeddable":true,"href":"https:\/\/abrelivros.org.br\/site\/wp-json\/wp\/v2\/users\/1"}],"replies":[{"embeddable":true,"href":"https:\/\/abrelivros.org.br\/site\/wp-json\/wp\/v2\/comments?post=2290"}],"version-history":[{"count":0,"href":"https:\/\/abrelivros.org.br\/site\/wp-json\/wp\/v2\/posts\/2290\/revisions"}],"wp:attachment":[{"href":"https:\/\/abrelivros.org.br\/site\/wp-json\/wp\/v2\/media?parent=2290"}],"wp:term":[{"taxonomy":"category","embeddable":true,"href":"https:\/\/abrelivros.org.br\/site\/wp-json\/wp\/v2\/categories?post=2290"},{"taxonomy":"post_tag","embeddable":true,"href":"https:\/\/abrelivros.org.br\/site\/wp-json\/wp\/v2\/tags?post=2290"}],"curies":[{"name":"wp","href":"https:\/\/api.w.org\/{rel}","templated":true}]}}