{"id":2289,"date":"2008-08-15T15:34:00","date_gmt":"2008-08-15T18:34:00","guid":{"rendered":"https:\/\/abrelivros.org.br\/site\/2008\/08\/15\/missao-espanhola-invade-anhembi\/"},"modified":"2008-08-15T15:34:00","modified_gmt":"2008-08-15T18:34:00","slug":"missao-espanhola-invade-anhembi","status":"publish","type":"post","link":"https:\/\/abrelivros.org.br\/site\/missao-espanhola-invade-anhembi\/","title":{"rendered":"Miss\u00e3o espanhola invade Anhembi"},"content":{"rendered":"<p>N\u00e3o \u00e9 uma delega\u00e7\u00e3o, mas uma verdadeira miss\u00e3o espanhola a que veio prestigiar a 20\u00aa Bienal Internacional do Livro de S\u00e3o Paulo, aberta ontem ao p\u00fablico com as presen\u00e7as do ministro interino da Cultura, Juca Ferreira, do governador do Estado, Jos\u00e9 Serra, e do prefeito de S\u00e3o Paulo, Gilberto Kassab. Pa\u00eds homenageado no evento, a Espanha mandou seu ministro da Cultura, C\u00e9sar Antonio Molina S\u00e1nchez, e um grupo de editores que, acompanhados pelo embaixador espanhol no Brasil, Ricardo Peidr\u00f3, mostraram a que vieram. Molina n\u00e3o escondeu em seu discurso o interesse que as editoras espanholas t\u00eam n\u00e3o s\u00f3 de publicar autores brasileiros como de se associar a empresas brasileiras, atra\u00eddas pelo crescimento do mercado (10% ao ano) e pela possibilidade de expans\u00e3o de neg\u00f3cios de grandes grupos editoriais espanh\u00f3is.\u00a0<br \/> \u00a0<br \/> Segunda feira internacional de livros no mundo, a de S\u00e3o Paulo ainda n\u00e3o tem o prest\u00edgio da Feira de Frankfurt, onde s\u00e3o fechados neg\u00f3cios milion\u00e1rios com autores de best-sellers, mas os espanh\u00f3is, por exemplo, sabem o que pode significar o crescimento de um segmento como o da literatura mediana. Em seu discurso, o ministro da Cultura espanhol, que tamb\u00e9m \u00e9 escritor &#8211; seu mais recente livro \u00e9 El Rumor del Tiempo (2006) -, enfatizou o n\u00famero de edi\u00e7\u00f5es de dois escritores muito populares em seu pa\u00eds, Jorge Amado (85) e Paulo Coelho (169), n\u00e3o esquecendo de mencionar o n\u00famero de livros (1 milh\u00e3o) produzidos por dia no pa\u00eds.\u00a0<br \/> \u00a0<br \/> Esta, portanto, tem de ser uma bienal de n\u00fameros. Deve provar n\u00e3o s\u00f3 aos espanh\u00f3is que o neg\u00f3cio do livro no Brasil \u00e9 lucrativo. Todas as c\u00e2maras de livro importantes da Am\u00e9rica Latina que vieram participar do 7\u00ba Congresso Ibero-Americano de Editores est\u00e3o presentes na Bienal do Livro. A C\u00e2mara Brasileira do Livro (CBL), que organiza a bienal, conseguiu R$ 3,5 milh\u00f5es de patrocinadores e deve atrair 800 mil visitantes, segundo a presidente da CBL, Rosely Boschini. Ela entregou ao ministro da Cultura um manifesto, assinado por escritores, editores e livreiros, solicitando a recria\u00e7\u00e3o da Secretaria Nacional do Livro, extinta em 2003 pelo MinC. Essa secretaria substituiu o Instituto Nacional do Livro, desmontado durante o governo Collor.\u00a0<br \/> \u00a0<br \/> O ministro Juca Ferreira recebeu o manifesto calado, mas n\u00e3o perdeu a oportunidade de criticar os editores pelo alto pre\u00e7o do livro no Brasil, pedindo que eles pratiquem pre\u00e7os \u201ccompat\u00edveis com os padr\u00f5es de consumo dos leitores brasileiros\u201c. O governador Jos\u00e9 Serra lembrou que seu governo gastou R$ 80 milh\u00f5es na compra de livros n\u00e3o-did\u00e1ticos. Sem recursos federais, esclareceu. \u00a0<br \/> \u00a0<\/p>\n","protected":false},"excerpt":{"rendered":"<p>N\u00e3o \u00e9 uma delega\u00e7\u00e3o, mas uma verdadeira miss\u00e3o espanhola a que veio prestigiar a 20\u00aa Bienal Internacional do Livro de S\u00e3o Paulo, aberta ontem ao p\u00fablico com as presen\u00e7as do ministro interino da Cultura, Juca Ferreira, do governador do Estado, Jos\u00e9 Serra, e do prefeito de S\u00e3o Paulo, Gilberto Kassab. Pa\u00eds homenageado no evento, a [&hellip;]<\/p>\n","protected":false},"author":1,"featured_media":0,"comment_status":"closed","ping_status":"closed","sticky":false,"template":"","format":"standard","meta":{"footnotes":"","_links_to":"","_links_to_target":""},"categories":[9],"tags":[],"class_list":["post-2289","post","type-post","status-publish","format-standard","hentry","category-noticias-da-imprensa"],"yoast_head":"<!-- This site is optimized with the Yoast SEO plugin v15.1 - https:\/\/yoast.com\/wordpress\/plugins\/seo\/ -->\n<title>Miss\u00e3o espanhola invade Anhembi &raquo; Abrelivros<\/title>\n<meta name=\"robots\" content=\"index, follow, max-snippet:-1, max-image-preview:large, max-video-preview:-1\" \/>\n<link rel=\"canonical\" href=\"https:\/\/abrelivros.org.br\/site\/missao-espanhola-invade-anhembi\/\" \/>\n<meta property=\"og:locale\" content=\"pt_BR\" \/>\n<meta property=\"og:type\" content=\"article\" \/>\n<meta property=\"og:title\" content=\"Miss\u00e3o espanhola invade Anhembi &raquo; Abrelivros\" \/>\n<meta property=\"og:description\" content=\"N\u00e3o \u00e9 uma delega\u00e7\u00e3o, mas uma verdadeira miss\u00e3o espanhola a que veio prestigiar a 20\u00aa Bienal Internacional do Livro de S\u00e3o Paulo, aberta ontem ao p\u00fablico com as presen\u00e7as do ministro interino da Cultura, Juca Ferreira, do governador do Estado, Jos\u00e9 Serra, e do prefeito de S\u00e3o Paulo, Gilberto Kassab. Pa\u00eds homenageado no evento, a [&hellip;]\" \/>\n<meta property=\"og:url\" content=\"https:\/\/abrelivros.org.br\/site\/missao-espanhola-invade-anhembi\/\" \/>\n<meta property=\"og:site_name\" content=\"Abrelivros\" \/>\n<meta property=\"article:published_time\" content=\"2008-08-15T18:34:00+00:00\" \/>\n<meta name=\"twitter:card\" content=\"summary_large_image\" \/>\n<script type=\"application\/ld+json\" class=\"yoast-schema-graph\">{\"@context\":\"https:\/\/schema.org\",\"@graph\":[{\"@type\":\"WebSite\",\"@id\":\"https:\/\/abrelivros.org.br\/site\/#website\",\"url\":\"https:\/\/abrelivros.org.br\/site\/\",\"name\":\"Abrelivros\",\"description\":\"\",\"potentialAction\":[{\"@type\":\"SearchAction\",\"target\":\"https:\/\/abrelivros.org.br\/site\/?s={search_term_string}\",\"query-input\":\"required name=search_term_string\"}],\"inLanguage\":\"pt-BR\"},{\"@type\":\"WebPage\",\"@id\":\"https:\/\/abrelivros.org.br\/site\/missao-espanhola-invade-anhembi\/#webpage\",\"url\":\"https:\/\/abrelivros.org.br\/site\/missao-espanhola-invade-anhembi\/\",\"name\":\"Miss\\u00e3o espanhola invade Anhembi &raquo; Abrelivros\",\"isPartOf\":{\"@id\":\"https:\/\/abrelivros.org.br\/site\/#website\"},\"datePublished\":\"2008-08-15T18:34:00+00:00\",\"dateModified\":\"2008-08-15T18:34:00+00:00\",\"author\":{\"@id\":\"https:\/\/abrelivros.org.br\/site\/#\/schema\/person\/2b867f13a717bb230f1a3555505f5593\"},\"breadcrumb\":{\"@id\":\"https:\/\/abrelivros.org.br\/site\/missao-espanhola-invade-anhembi\/#breadcrumb\"},\"inLanguage\":\"pt-BR\",\"potentialAction\":[{\"@type\":\"ReadAction\",\"target\":[\"https:\/\/abrelivros.org.br\/site\/missao-espanhola-invade-anhembi\/\"]}]},{\"@type\":\"BreadcrumbList\",\"@id\":\"https:\/\/abrelivros.org.br\/site\/missao-espanhola-invade-anhembi\/#breadcrumb\",\"itemListElement\":[{\"@type\":\"ListItem\",\"position\":1,\"item\":{\"@type\":\"WebPage\",\"@id\":\"https:\/\/abrelivros.org.br\/site\/\",\"url\":\"https:\/\/abrelivros.org.br\/site\/\",\"name\":\"In\\u00edcio\"}},{\"@type\":\"ListItem\",\"position\":2,\"item\":{\"@type\":\"WebPage\",\"@id\":\"https:\/\/abrelivros.org.br\/site\/category\/noticias\/\",\"url\":\"https:\/\/abrelivros.org.br\/site\/category\/noticias\/\",\"name\":\"Not\\u00edcias\"}},{\"@type\":\"ListItem\",\"position\":3,\"item\":{\"@type\":\"WebPage\",\"@id\":\"https:\/\/abrelivros.org.br\/site\/category\/noticias\/noticias-da-imprensa\/\",\"url\":\"https:\/\/abrelivros.org.br\/site\/category\/noticias\/noticias-da-imprensa\/\",\"name\":\"Not\\u00edcias da imprensa\"}},{\"@type\":\"ListItem\",\"position\":4,\"item\":{\"@type\":\"WebPage\",\"@id\":\"https:\/\/abrelivros.org.br\/site\/missao-espanhola-invade-anhembi\/\",\"url\":\"https:\/\/abrelivros.org.br\/site\/missao-espanhola-invade-anhembi\/\",\"name\":\"Miss\\u00e3o espanhola invade Anhembi\"}}]},{\"@type\":\"Person\",\"@id\":\"https:\/\/abrelivros.org.br\/site\/#\/schema\/person\/2b867f13a717bb230f1a3555505f5593\",\"name\":\"\\u00a0\",\"image\":{\"@type\":\"ImageObject\",\"@id\":\"https:\/\/abrelivros.org.br\/site\/#personlogo\",\"inLanguage\":\"pt-BR\",\"url\":\"https:\/\/secure.gravatar.com\/avatar\/e80b7f5231be2fff5040a8023da424898002831c5439420df182ae62676d2a6f?s=96&d=mm&r=g\",\"caption\":\"\\u00a0\"}}]}<\/script>\n<!-- \/ Yoast SEO plugin. -->","_links":{"self":[{"href":"https:\/\/abrelivros.org.br\/site\/wp-json\/wp\/v2\/posts\/2289","targetHints":{"allow":["GET"]}}],"collection":[{"href":"https:\/\/abrelivros.org.br\/site\/wp-json\/wp\/v2\/posts"}],"about":[{"href":"https:\/\/abrelivros.org.br\/site\/wp-json\/wp\/v2\/types\/post"}],"author":[{"embeddable":true,"href":"https:\/\/abrelivros.org.br\/site\/wp-json\/wp\/v2\/users\/1"}],"replies":[{"embeddable":true,"href":"https:\/\/abrelivros.org.br\/site\/wp-json\/wp\/v2\/comments?post=2289"}],"version-history":[{"count":0,"href":"https:\/\/abrelivros.org.br\/site\/wp-json\/wp\/v2\/posts\/2289\/revisions"}],"wp:attachment":[{"href":"https:\/\/abrelivros.org.br\/site\/wp-json\/wp\/v2\/media?parent=2289"}],"wp:term":[{"taxonomy":"category","embeddable":true,"href":"https:\/\/abrelivros.org.br\/site\/wp-json\/wp\/v2\/categories?post=2289"},{"taxonomy":"post_tag","embeddable":true,"href":"https:\/\/abrelivros.org.br\/site\/wp-json\/wp\/v2\/tags?post=2289"}],"curies":[{"name":"wp","href":"https:\/\/api.w.org\/{rel}","templated":true}]}}