{"id":2288,"date":"2008-08-18T10:37:00","date_gmt":"2008-08-18T13:37:00","guid":{"rendered":"https:\/\/abrelivros.org.br\/site\/2008\/08\/18\/alunos-da-rede-publica-receberao-livros-de-ingles-e-espanhol-a-partir-de-2011\/"},"modified":"2008-08-18T10:37:00","modified_gmt":"2008-08-18T13:37:00","slug":"alunos-da-rede-publica-receberao-livros-de-ingles-e-espanhol-a-partir-de-2011","status":"publish","type":"post","link":"https:\/\/abrelivros.org.br\/site\/alunos-da-rede-publica-receberao-livros-de-ingles-e-espanhol-a-partir-de-2011\/","title":{"rendered":"Alunos da rede p\u00fablica receber\u00e3o livros de ingl\u00eas e espanhol a partir de 2011"},"content":{"rendered":"<p>Os alunos dos anos finais do ensino fundamental p\u00fablico passar\u00e3o a receber livros did\u00e1ticos de ingl\u00eas e espanhol a partir de 2011. A informa\u00e7\u00e3o \u00e9 do presidente do Fundo Nacional de Desenvolvimento da Educa\u00e7\u00e3o (FNDE), Daniel Balaban, durante palestra feita na manh\u00e3 desta sexta-feira, 15, na 20\u00aa Bienal Internacional do Livro de S\u00e3o Paulo, no Pavilh\u00e3o de Exposi\u00e7\u00f5es do Anhembi.\u00a0<br \/> \u00a0<br \/> O processo para a sele\u00e7\u00e3o das obras come\u00e7a este ano. At\u00e9 dezembro, o FNDE deve lan\u00e7ar edital para a inscri\u00e7\u00e3o de t\u00edtulos das duas disciplinas para os anos finais do ensino fundamental (5\u00aa \u00e0 8\u00aa s\u00e9rie ou 6\u00ba ao 9\u00ba ano). Depois de inscritas, as obras passar\u00e3o por rigoroso processo de avalia\u00e7\u00e3o quanto \u00e0s especifica\u00e7\u00f5es t\u00e9cnicas e de conte\u00fado. Em seguida, vir\u00e1 a fase da escolha, em que diretores e professores selecionam os livros mais adaptados a seus alunos. Ap\u00f3s a escolha, o FNDE convoca as editoras para negociar o pre\u00e7o das publica\u00e7\u00f5es.\u00a0<br \/> \u00a0<br \/> Refor\u00e7o na biblioteca \u2014 Durante a palestra na bienal, o presidente do FNDE tamb\u00e9m anunciou o aumento dos acervos das bibliotecas escolares. O governo federal vai adquirir obras de refer\u00eancia nas diversas \u00e1reas do conhecimento, como sociologia, filosofia e qu\u00edmica, para as escolas p\u00fablicas de ensino m\u00e9dio.\u00a0<br \/> \u00a0<br \/> Diante de uma plat\u00e9ia formada por editores, livreiros, professores e diretores de escolas, Balaban fez uma longa exposi\u00e7\u00e3o sobre a inser\u00e7\u00e3o dos programas do livro did\u00e1tico no Plano de Desenvolvimento da Educa\u00e7\u00e3o (PDE). Tamb\u00e9m anunciou as principais mudan\u00e7as na operacionaliza\u00e7\u00e3o do Programa Nacional do Livro Did\u00e1tico, para evitar a possibilidade de erros e enganos no momento da escolha das publica\u00e7\u00f5es pela internet. Entre elas, est\u00e1 o aperfei\u00e7oamento do sistema, que tem a finalidade de garantir maior seguran\u00e7a no processo. \u00a0<br \/> \u00a0<br \/> \u00a0<\/p>\n","protected":false},"excerpt":{"rendered":"<p>Os alunos dos anos finais do ensino fundamental p\u00fablico passar\u00e3o a receber livros did\u00e1ticos de ingl\u00eas e espanhol a partir de 2011. A informa\u00e7\u00e3o \u00e9 do presidente do Fundo Nacional de Desenvolvimento da Educa\u00e7\u00e3o (FNDE), Daniel Balaban, durante palestra feita na manh\u00e3 desta sexta-feira, 15, na 20\u00aa Bienal Internacional do Livro de S\u00e3o Paulo, no [&hellip;]<\/p>\n","protected":false},"author":1,"featured_media":0,"comment_status":"closed","ping_status":"closed","sticky":false,"template":"","format":"standard","meta":{"footnotes":"","_links_to":"","_links_to_target":""},"categories":[9],"tags":[],"class_list":["post-2288","post","type-post","status-publish","format-standard","hentry","category-noticias-da-imprensa"],"yoast_head":"<!-- This site is optimized with the Yoast SEO plugin v15.1 - https:\/\/yoast.com\/wordpress\/plugins\/seo\/ -->\n<title>Alunos da rede p\u00fablica receber\u00e3o livros de ingl\u00eas e espanhol a partir de 2011 &raquo; Abrelivros<\/title>\n<meta name=\"robots\" content=\"index, follow, max-snippet:-1, max-image-preview:large, max-video-preview:-1\" \/>\n<link rel=\"canonical\" href=\"https:\/\/abrelivros.org.br\/site\/alunos-da-rede-publica-receberao-livros-de-ingles-e-espanhol-a-partir-de-2011\/\" \/>\n<meta property=\"og:locale\" content=\"pt_BR\" \/>\n<meta property=\"og:type\" content=\"article\" \/>\n<meta property=\"og:title\" content=\"Alunos da rede p\u00fablica receber\u00e3o livros de ingl\u00eas e espanhol a partir de 2011 &raquo; Abrelivros\" \/>\n<meta property=\"og:description\" content=\"Os alunos dos anos finais do ensino fundamental p\u00fablico passar\u00e3o a receber livros did\u00e1ticos de ingl\u00eas e espanhol a partir de 2011. A informa\u00e7\u00e3o \u00e9 do presidente do Fundo Nacional de Desenvolvimento da Educa\u00e7\u00e3o (FNDE), Daniel Balaban, durante palestra feita na manh\u00e3 desta sexta-feira, 15, na 20\u00aa Bienal Internacional do Livro de S\u00e3o Paulo, no [&hellip;]\" \/>\n<meta property=\"og:url\" content=\"https:\/\/abrelivros.org.br\/site\/alunos-da-rede-publica-receberao-livros-de-ingles-e-espanhol-a-partir-de-2011\/\" \/>\n<meta property=\"og:site_name\" content=\"Abrelivros\" \/>\n<meta property=\"article:published_time\" content=\"2008-08-18T13:37:00+00:00\" \/>\n<meta name=\"twitter:card\" content=\"summary_large_image\" \/>\n<script type=\"application\/ld+json\" class=\"yoast-schema-graph\">{\"@context\":\"https:\/\/schema.org\",\"@graph\":[{\"@type\":\"WebSite\",\"@id\":\"https:\/\/abrelivros.org.br\/site\/#website\",\"url\":\"https:\/\/abrelivros.org.br\/site\/\",\"name\":\"Abrelivros\",\"description\":\"\",\"potentialAction\":[{\"@type\":\"SearchAction\",\"target\":\"https:\/\/abrelivros.org.br\/site\/?s={search_term_string}\",\"query-input\":\"required name=search_term_string\"}],\"inLanguage\":\"pt-BR\"},{\"@type\":\"WebPage\",\"@id\":\"https:\/\/abrelivros.org.br\/site\/alunos-da-rede-publica-receberao-livros-de-ingles-e-espanhol-a-partir-de-2011\/#webpage\",\"url\":\"https:\/\/abrelivros.org.br\/site\/alunos-da-rede-publica-receberao-livros-de-ingles-e-espanhol-a-partir-de-2011\/\",\"name\":\"Alunos da rede p\\u00fablica receber\\u00e3o livros de ingl\\u00eas e espanhol a partir de 2011 &raquo; Abrelivros\",\"isPartOf\":{\"@id\":\"https:\/\/abrelivros.org.br\/site\/#website\"},\"datePublished\":\"2008-08-18T13:37:00+00:00\",\"dateModified\":\"2008-08-18T13:37:00+00:00\",\"author\":{\"@id\":\"https:\/\/abrelivros.org.br\/site\/#\/schema\/person\/2b867f13a717bb230f1a3555505f5593\"},\"breadcrumb\":{\"@id\":\"https:\/\/abrelivros.org.br\/site\/alunos-da-rede-publica-receberao-livros-de-ingles-e-espanhol-a-partir-de-2011\/#breadcrumb\"},\"inLanguage\":\"pt-BR\",\"potentialAction\":[{\"@type\":\"ReadAction\",\"target\":[\"https:\/\/abrelivros.org.br\/site\/alunos-da-rede-publica-receberao-livros-de-ingles-e-espanhol-a-partir-de-2011\/\"]}]},{\"@type\":\"BreadcrumbList\",\"@id\":\"https:\/\/abrelivros.org.br\/site\/alunos-da-rede-publica-receberao-livros-de-ingles-e-espanhol-a-partir-de-2011\/#breadcrumb\",\"itemListElement\":[{\"@type\":\"ListItem\",\"position\":1,\"item\":{\"@type\":\"WebPage\",\"@id\":\"https:\/\/abrelivros.org.br\/site\/\",\"url\":\"https:\/\/abrelivros.org.br\/site\/\",\"name\":\"In\\u00edcio\"}},{\"@type\":\"ListItem\",\"position\":2,\"item\":{\"@type\":\"WebPage\",\"@id\":\"https:\/\/abrelivros.org.br\/site\/category\/noticias\/\",\"url\":\"https:\/\/abrelivros.org.br\/site\/category\/noticias\/\",\"name\":\"Not\\u00edcias\"}},{\"@type\":\"ListItem\",\"position\":3,\"item\":{\"@type\":\"WebPage\",\"@id\":\"https:\/\/abrelivros.org.br\/site\/category\/noticias\/noticias-da-imprensa\/\",\"url\":\"https:\/\/abrelivros.org.br\/site\/category\/noticias\/noticias-da-imprensa\/\",\"name\":\"Not\\u00edcias da imprensa\"}},{\"@type\":\"ListItem\",\"position\":4,\"item\":{\"@type\":\"WebPage\",\"@id\":\"https:\/\/abrelivros.org.br\/site\/alunos-da-rede-publica-receberao-livros-de-ingles-e-espanhol-a-partir-de-2011\/\",\"url\":\"https:\/\/abrelivros.org.br\/site\/alunos-da-rede-publica-receberao-livros-de-ingles-e-espanhol-a-partir-de-2011\/\",\"name\":\"Alunos da rede p\\u00fablica receber\\u00e3o livros de ingl\\u00eas e espanhol a partir de 2011\"}}]},{\"@type\":\"Person\",\"@id\":\"https:\/\/abrelivros.org.br\/site\/#\/schema\/person\/2b867f13a717bb230f1a3555505f5593\",\"name\":\"\\u00a0\",\"image\":{\"@type\":\"ImageObject\",\"@id\":\"https:\/\/abrelivros.org.br\/site\/#personlogo\",\"inLanguage\":\"pt-BR\",\"url\":\"https:\/\/secure.gravatar.com\/avatar\/e80b7f5231be2fff5040a8023da424898002831c5439420df182ae62676d2a6f?s=96&d=mm&r=g\",\"caption\":\"\\u00a0\"}}]}<\/script>\n<!-- \/ Yoast SEO plugin. -->","_links":{"self":[{"href":"https:\/\/abrelivros.org.br\/site\/wp-json\/wp\/v2\/posts\/2288","targetHints":{"allow":["GET"]}}],"collection":[{"href":"https:\/\/abrelivros.org.br\/site\/wp-json\/wp\/v2\/posts"}],"about":[{"href":"https:\/\/abrelivros.org.br\/site\/wp-json\/wp\/v2\/types\/post"}],"author":[{"embeddable":true,"href":"https:\/\/abrelivros.org.br\/site\/wp-json\/wp\/v2\/users\/1"}],"replies":[{"embeddable":true,"href":"https:\/\/abrelivros.org.br\/site\/wp-json\/wp\/v2\/comments?post=2288"}],"version-history":[{"count":0,"href":"https:\/\/abrelivros.org.br\/site\/wp-json\/wp\/v2\/posts\/2288\/revisions"}],"wp:attachment":[{"href":"https:\/\/abrelivros.org.br\/site\/wp-json\/wp\/v2\/media?parent=2288"}],"wp:term":[{"taxonomy":"category","embeddable":true,"href":"https:\/\/abrelivros.org.br\/site\/wp-json\/wp\/v2\/categories?post=2288"},{"taxonomy":"post_tag","embeddable":true,"href":"https:\/\/abrelivros.org.br\/site\/wp-json\/wp\/v2\/tags?post=2288"}],"curies":[{"name":"wp","href":"https:\/\/api.w.org\/{rel}","templated":true}]}}