{"id":2287,"date":"2008-08-18T13:55:00","date_gmt":"2008-08-18T16:55:00","guid":{"rendered":"https:\/\/abrelivros.org.br\/site\/2008\/08\/18\/ministro-da-cultura-da-espanha-fecha-a-7a-edicao-do-congresso-ibero-americano-de-editores\/"},"modified":"2008-08-18T13:55:00","modified_gmt":"2008-08-18T16:55:00","slug":"ministro-da-cultura-da-espanha-fecha-a-7a-edicao-do-congresso-ibero-americano-de-editores","status":"publish","type":"post","link":"https:\/\/abrelivros.org.br\/site\/ministro-da-cultura-da-espanha-fecha-a-7a-edicao-do-congresso-ibero-americano-de-editores\/","title":{"rendered":"Ministro da Cultura da Espanha fecha a 7\u00aa edi\u00e7\u00e3o do Congresso Ibero-americano de Editores"},"content":{"rendered":"<p>O ministro da Cultura da Espanha, C\u00e9sar Antonio Molina S\u00e1nchez, encerrou, no dia 13 de agosto, o 7\u00ba Congresso Ibero-americano de Editores. Na ocasi\u00e3o, o ministro destacou a import\u00e2ncia do livro e da leitura no desenvolvimento econ\u00f4mico e social dos pa\u00edses ibero-americanos.\u00a0<br \/> \u00a0<br \/> A cerim\u00f4nia contou ainda com a presen\u00e7a da presidente da C\u00e2mara Brasileira do Livro (CBL), Rosely Boschini, do secret\u00e1rio-executivo do Plano Nacional do Livro e Leitura (PNLL), Jos\u00e9 Castilho Marques Neto, e do presidente do Grupo Ibero-americano de Editores (GIE), Gonzalo Arboleda Pal\u00e1cio, que divulgou para os participantes as conclus\u00f5es e recomenda\u00e7\u00f5es do Congresso.\u00a0<br \/> \u00a0<br \/> O evento, organizado pelo GIE em parceria com a CBL, teve como tema \u201cO livro, a leitura e a constru\u00e7\u00e3o da cidadania\u201d e contou com a participa\u00e7\u00e3o de 180 pessoas, entre autoridades, representantes de institui\u00e7\u00f5es ligadas ao livro e profissionais do mercado editorial. \u00a0<br \/> \u00a0<br \/> Durante os dois dias do evento, os participantes debateram a expans\u00e3o do setor, a rela\u00e7\u00e3o entre educa\u00e7\u00e3o e novas tecnologias, o papel das editoras independentes no mercado e a livre circula\u00e7\u00e3o do livro. Mais informa\u00e7\u00f5es no site <a href=\"http:\/\/www.congressodeeditores.org.br\/\" target=\"_blank\" rel=\"noopener noreferrer\">www.congressodeeditores.org.br<\/a>.   \u00a0<br \/> \u00a0<br \/>  \u00a0<br \/>  \u00a0<br \/> \u00a0<br \/><B> Conclus\u00f5es e recomenda\u00e7\u00f5es do 7\u00ba Congresso Ibero-americano de Editores\u00a0<br \/><\/B> S\u00e3o Paulo \u2013 Brasil\u00a0<br \/> 11 a 13 de agosto de 2008\u00a0<br \/> \u00a0<br \/> \u00a0<br \/><B> Primeira:\u00a0<br \/> \u00a0<br \/><\/B> Tal como aconteceu no 6\u00ba Congresso Ibero-americano de Editores organizado pelo GIE e realizado em Madri no outono de 2006, ou no Congresso Mundial de Editores, conduzido pelo IPA (International Publishers Association), em Seul, Cor\u00e9ia, em 2007, ou ainda no 6\u00ba Congresso de Editores da Espanha, realizado em Sevilha, em junho de 2008, solicitamos aos governos da regi\u00e3o esfor\u00e7os necess\u00e1rios para consolidar um territ\u00f3rio comum Ibero-americano para o livro e para a cultura. Isto exige, entre outras coisas, a imediata remo\u00e7\u00e3o de todas as barreiras legais e de direito (tarif\u00e1rias e n\u00e3o tarif\u00e1rias) que impedem a livre circula\u00e7\u00e3o de livros e de produtos culturais entre os nossos pa\u00edses. \u00c9 por isso que convidamos os governos que ainda n\u00e3o o fizeram a aderir ao Acordo de Floren\u00e7a para a importa\u00e7\u00e3o de produtos de car\u00e1ter educativo, cient\u00edfico e cultural (1950) e ao Protocolo de Nairobi (1976), ambos promovidos pela Unesco.\u00a0<br \/> \u00a0<br \/><B> Segunda:\u00a0<br \/> \u00a0<br \/><\/B> Solicitamos, com respeito e modera\u00e7\u00e3o, ao governo da Venezuela rever ou abolir a regulamenta\u00e7\u00e3o que restringe a livre circula\u00e7\u00e3o de livros. Estes produtos foram declarados n\u00e3o-priorit\u00e1rios para a gera\u00e7\u00e3o de divisas e, ap\u00f3s v\u00e1rios pedidos do Gr\u00eamio de Editores, n\u00e3o recebemos uma resposta aos comunicados enviados para o Minist\u00e9rio da Ind\u00fastria e do Com\u00e9rcio. A legisla\u00e7\u00e3o venezuelana tamb\u00e9m estabelece que, para importar livros, \u00e9 condi\u00e7\u00e3o pr\u00e9via a apresenta\u00e7\u00e3o do atestado de n\u00e3o-produ\u00e7\u00e3o dom\u00e9stica ou produ\u00e7\u00e3o insuficiente. Estas medidas amea\u00e7am mais de 400 pequenas e m\u00e9dias editoras e outras empresas do setor que geram cerca de 35 mil empregos.\u00a0<br \/> \u00a0<br \/><B> Terceira:\u00a0<br \/> \u00a0<br \/><\/B> O 7\u00ba Congresso Ibero-americano de Editores do GIE \u00e9 favor\u00e1vel ao ensino gratuito e de sua prorroga\u00e7\u00e3o tempor\u00e1ria, mas, para a aquisi\u00e7\u00e3o de material did\u00e1tico e livros did\u00e1ticos, uma educa\u00e7\u00e3o gratuita deve ser aplic\u00e1vel aos sistemas que permitam a livre edi\u00e7\u00e3o, a elei\u00e7\u00e3o aut\u00f4noma dos professores, a liberdade acad\u00eamica e o uso gratuito dos livros pelos alunos. Neste sentido, reivindicamos uma pol\u00edtica ativa a favor da ind\u00fastria editorial, elemento fundamental para o progresso e para a qualidade do ensino.\u00a0<br \/> \u00a0<br \/><B> Quarta:\u00a0<br \/> \u00a0<br \/><\/B> O livro e a leitura n\u00e3o tornam a pobreza mais toler\u00e1vel, contudo, contribuem para erradic\u00e1-la na maioria das na\u00e7\u00f5es. A rela\u00e7\u00e3o causal entre livro, leitura e crescimento econ\u00f4mico e social est\u00e1 claramente expressa quando entende-se que o livro e a leitura s\u00e3o um insumo para o crescimento e n\u00e3o, como comumente afirmado, que estes s\u00e3o resultado do crescimento e da conseq\u00fcente melhoria da educa\u00e7\u00e3o e da cultura. Esta id\u00e9ia deve ser usada pelas C\u00e2maras Nacionais do Livro para sensibilizar a sociedade sobre a import\u00e2ncia do livro e da leitura na educa\u00e7\u00e3o dos pa\u00edses.\u00a0<br \/> \u00a0<br \/><B> Quinta:\u00a0<br \/>  \u00a0<br \/><\/B> O Congresso exige das autoridades p\u00fablicas na regi\u00e3o que sejam criadas e implementadas com efic\u00e1cia as leis de propriedade intelectual como a prote\u00e7\u00e3o dos direitos de autor e editor, em conformidade com as normas internacionais da OMPI e da OMC, combatendo, de forma eficaz os atos de pirataria e reprodu\u00e7\u00e3o ilegal, concorrentes desleais dos autores, editores e do pr\u00f3prio Estado, uma vez que trabalham na economia ilegal e est\u00e3o acabando com as editoras locais.\u00a0<br \/> \u00a0<br \/><B> Sexta:\u00a0<br \/> \u00a0<br \/><\/B> Os Estados devem adotar pol\u00edticas ativas em favor da leitura, com investimento em redes de bibliotecas p\u00fablicas, escolares e universit\u00e1rias, bem como em programas de qualifica\u00e7\u00e3o profissional e a disponibiliza\u00e7\u00e3o de recursos permanentes que permitam a melhoria dos fundos bibliogr\u00e1ficos, de acordo com os crit\u00e9rios do IFLA e da UNESCO.\u00a0<br \/> \u00a0<br \/><B> S\u00e9tima:\u00a0<br \/> \u00a0<br \/><\/B> O Estado, a forma de organiza\u00e7\u00e3o do poder pol\u00edtico contempor\u00e2neo, deveria ter uma atitude favor\u00e1vel \u00e0 promo\u00e7\u00e3o da cultura e da educa\u00e7\u00e3o e implementar pol\u00edticas p\u00fablicas que facilitem as atividades privadas da ind\u00fastria e do com\u00e9rcio do livro, em que s\u00e3o essenciais a livre edi\u00e7\u00e3o, a liberdade de express\u00e3o para a qual o Estado deve deixar de ser um estado controlador.\u00a0<br \/> \u00a0<br \/><B> Oitava:\u00a0<br \/> \u00a0<br \/><\/B> Recomenda-se uma melhor divulga\u00e7\u00e3o no \u00e2mbito ibero-americano do que est\u00e1 sendo feito em cada um dos pa\u00edses da regi\u00e3o. Em particular, \u00e9 recomendado \u00e0s Bibliotecas Nacionais criar fundos que representam adequadamente a cria\u00e7\u00e3o cultural de outros pa\u00edses da regi\u00e3o. \u00c9 not\u00e1vel a melhoria na comunica\u00e7\u00e3o que as novas tecnologias permitiram, tais como e-mail, o que favorece enormemente os custos empresariais e velocidade do com\u00e9rcio do livro, mas \u00e9 aconselh\u00e1vel a utiliza\u00e7\u00e3o das Tecnologias da Informa\u00e7\u00e3o para criarmos um panorama bibliogr\u00e1fico ibero-americano dos livros produzidos na regi\u00e3o.\u00a0<br \/> \u00a0<br \/><B> Nona:\u00a0<br \/> \u00a0<br \/><\/B> O Congresso requer das autoridades p\u00fablicas a implementa\u00e7\u00e3o de pol\u00edticas de forma\u00e7\u00e3o profissional e cont\u00ednua para editores, livreiros e distribuidores de livros, permitindo a adapta\u00e7\u00e3o destes profissionais \u00e0s novas \u00e1reas de tecnologia ou \u00e0 atualiza\u00e7\u00e3o tecnol\u00f3gica.\u00a0<br \/> \u00a0<br \/><B> D\u00e9cima:\u00a0<br \/>  \u00a0<br \/><\/B> O Congresso do GIE, por meio dos seus parceiros, compromete-se a realizar atividades em favor da leitura e da sua promo\u00e7\u00e3o e sugere aos governos a realiza\u00e7\u00e3o de campanhas permanentes de incentivo \u00e0 leitura. Para isso, oferecemos nossa coopera\u00e7\u00e3o plena.\u00a0<br \/> \u00a0<br \/><B> D\u00e9cima primeira:\u00a0<br \/> \u00a0<br \/><\/B> O s\u00e9timo Congresso Ibero-americano de Editores tem uma vis\u00e3o clara de esperan\u00e7a para o futuro. O livro (seja qual for o meio que ser\u00e1 apresentado no futuro imediato), bem como o editor, vieram para ficar e t\u00eam voca\u00e7\u00e3o para a eternidade. Mas isso n\u00e3o ser\u00e1 autom\u00e1tico. O livro, como as plantas, necessita da nossa aten\u00e7\u00e3o para manter-se vivo. O livro e os editores continuar\u00e3o com voca\u00e7\u00e3o para a eternidade, e a expans\u00e3o do livro no s\u00e9culo XXI ser\u00e1 uma realidade se o mundo continuar alfabetizando-se; se os editores voltarem sua aten\u00e7\u00e3o sobre o conte\u00fado do livro; e se a forma\u00e7\u00e3o de leitores \u00e9 cont\u00ednua e inteligente. O grande protagonista do livro ser\u00e1 a crian\u00e7a. Qualquer pessoa que n\u00e3o l\u00ea quando ainda \u00e9 crian\u00e7a n\u00e3o ser\u00e1 um leitor quando atingir a idade adulta. Para que a crian\u00e7a leia, temos que oferecer a ela um livro que lhe incentive  a  pensar, que estimule a sua imagina\u00e7\u00e3o e que ela veja no livro um objeto de prazer. Esse \u00e9 o grande desafio para os editores inteligentes, capazes de adivinhar o que o leitor, grande ou pequeno, vai exigir do livro no s\u00e9culo XXI.\u00a0<br \/> \u00a0<br \/> \u00a0<\/p>\n<p><\/p>\n","protected":false},"excerpt":{"rendered":"<p>O ministro da Cultura da Espanha, C\u00e9sar Antonio Molina S\u00e1nchez, encerrou, no dia 13 de agosto, o 7\u00ba Congresso Ibero-americano de Editores. Na ocasi\u00e3o, o ministro destacou a import\u00e2ncia do livro e da leitura no desenvolvimento econ\u00f4mico e social dos pa\u00edses ibero-americanos.\u00a0 \u00a0 A cerim\u00f4nia contou ainda com a presen\u00e7a da presidente da C\u00e2mara Brasileira [&hellip;]<\/p>\n","protected":false},"author":1,"featured_media":0,"comment_status":"closed","ping_status":"closed","sticky":false,"template":"","format":"standard","meta":{"footnotes":"","_links_to":"","_links_to_target":""},"categories":[9],"tags":[],"class_list":["post-2287","post","type-post","status-publish","format-standard","hentry","category-noticias-da-imprensa"],"yoast_head":"<!-- This site is optimized with the Yoast SEO plugin v15.1 - https:\/\/yoast.com\/wordpress\/plugins\/seo\/ -->\n<title>Ministro da Cultura da Espanha fecha a 7\u00aa edi\u00e7\u00e3o do Congresso Ibero-americano de Editores &raquo; Abrelivros<\/title>\n<meta name=\"robots\" content=\"index, follow, max-snippet:-1, max-image-preview:large, max-video-preview:-1\" \/>\n<link rel=\"canonical\" href=\"https:\/\/abrelivros.org.br\/site\/ministro-da-cultura-da-espanha-fecha-a-7a-edicao-do-congresso-ibero-americano-de-editores\/\" \/>\n<meta property=\"og:locale\" content=\"pt_BR\" \/>\n<meta property=\"og:type\" content=\"article\" \/>\n<meta property=\"og:title\" content=\"Ministro da Cultura da Espanha fecha a 7\u00aa edi\u00e7\u00e3o do Congresso Ibero-americano de Editores &raquo; Abrelivros\" \/>\n<meta property=\"og:description\" content=\"O ministro da Cultura da Espanha, C\u00e9sar Antonio Molina S\u00e1nchez, encerrou, no dia 13 de agosto, o 7\u00ba Congresso Ibero-americano de Editores. Na ocasi\u00e3o, o ministro destacou a import\u00e2ncia do livro e da leitura no desenvolvimento econ\u00f4mico e social dos pa\u00edses ibero-americanos.\u00a0 \u00a0 A cerim\u00f4nia contou ainda com a presen\u00e7a da presidente da C\u00e2mara Brasileira [&hellip;]\" \/>\n<meta property=\"og:url\" content=\"https:\/\/abrelivros.org.br\/site\/ministro-da-cultura-da-espanha-fecha-a-7a-edicao-do-congresso-ibero-americano-de-editores\/\" \/>\n<meta property=\"og:site_name\" content=\"Abrelivros\" \/>\n<meta property=\"article:published_time\" content=\"2008-08-18T16:55:00+00:00\" \/>\n<meta name=\"twitter:card\" content=\"summary_large_image\" \/>\n<script type=\"application\/ld+json\" class=\"yoast-schema-graph\">{\"@context\":\"https:\/\/schema.org\",\"@graph\":[{\"@type\":\"WebSite\",\"@id\":\"https:\/\/abrelivros.org.br\/site\/#website\",\"url\":\"https:\/\/abrelivros.org.br\/site\/\",\"name\":\"Abrelivros\",\"description\":\"\",\"potentialAction\":[{\"@type\":\"SearchAction\",\"target\":\"https:\/\/abrelivros.org.br\/site\/?s={search_term_string}\",\"query-input\":\"required name=search_term_string\"}],\"inLanguage\":\"pt-BR\"},{\"@type\":\"WebPage\",\"@id\":\"https:\/\/abrelivros.org.br\/site\/ministro-da-cultura-da-espanha-fecha-a-7a-edicao-do-congresso-ibero-americano-de-editores\/#webpage\",\"url\":\"https:\/\/abrelivros.org.br\/site\/ministro-da-cultura-da-espanha-fecha-a-7a-edicao-do-congresso-ibero-americano-de-editores\/\",\"name\":\"Ministro da Cultura da Espanha fecha a 7\\u00aa edi\\u00e7\\u00e3o do Congresso Ibero-americano de Editores &raquo; Abrelivros\",\"isPartOf\":{\"@id\":\"https:\/\/abrelivros.org.br\/site\/#website\"},\"datePublished\":\"2008-08-18T16:55:00+00:00\",\"dateModified\":\"2008-08-18T16:55:00+00:00\",\"author\":{\"@id\":\"https:\/\/abrelivros.org.br\/site\/#\/schema\/person\/2b867f13a717bb230f1a3555505f5593\"},\"breadcrumb\":{\"@id\":\"https:\/\/abrelivros.org.br\/site\/ministro-da-cultura-da-espanha-fecha-a-7a-edicao-do-congresso-ibero-americano-de-editores\/#breadcrumb\"},\"inLanguage\":\"pt-BR\",\"potentialAction\":[{\"@type\":\"ReadAction\",\"target\":[\"https:\/\/abrelivros.org.br\/site\/ministro-da-cultura-da-espanha-fecha-a-7a-edicao-do-congresso-ibero-americano-de-editores\/\"]}]},{\"@type\":\"BreadcrumbList\",\"@id\":\"https:\/\/abrelivros.org.br\/site\/ministro-da-cultura-da-espanha-fecha-a-7a-edicao-do-congresso-ibero-americano-de-editores\/#breadcrumb\",\"itemListElement\":[{\"@type\":\"ListItem\",\"position\":1,\"item\":{\"@type\":\"WebPage\",\"@id\":\"https:\/\/abrelivros.org.br\/site\/\",\"url\":\"https:\/\/abrelivros.org.br\/site\/\",\"name\":\"In\\u00edcio\"}},{\"@type\":\"ListItem\",\"position\":2,\"item\":{\"@type\":\"WebPage\",\"@id\":\"https:\/\/abrelivros.org.br\/site\/category\/noticias\/\",\"url\":\"https:\/\/abrelivros.org.br\/site\/category\/noticias\/\",\"name\":\"Not\\u00edcias\"}},{\"@type\":\"ListItem\",\"position\":3,\"item\":{\"@type\":\"WebPage\",\"@id\":\"https:\/\/abrelivros.org.br\/site\/category\/noticias\/noticias-da-imprensa\/\",\"url\":\"https:\/\/abrelivros.org.br\/site\/category\/noticias\/noticias-da-imprensa\/\",\"name\":\"Not\\u00edcias da imprensa\"}},{\"@type\":\"ListItem\",\"position\":4,\"item\":{\"@type\":\"WebPage\",\"@id\":\"https:\/\/abrelivros.org.br\/site\/ministro-da-cultura-da-espanha-fecha-a-7a-edicao-do-congresso-ibero-americano-de-editores\/\",\"url\":\"https:\/\/abrelivros.org.br\/site\/ministro-da-cultura-da-espanha-fecha-a-7a-edicao-do-congresso-ibero-americano-de-editores\/\",\"name\":\"Ministro da Cultura da Espanha fecha a 7\\u00aa edi\\u00e7\\u00e3o do Congresso Ibero-americano de Editores\"}}]},{\"@type\":\"Person\",\"@id\":\"https:\/\/abrelivros.org.br\/site\/#\/schema\/person\/2b867f13a717bb230f1a3555505f5593\",\"name\":\"\\u00a0\",\"image\":{\"@type\":\"ImageObject\",\"@id\":\"https:\/\/abrelivros.org.br\/site\/#personlogo\",\"inLanguage\":\"pt-BR\",\"url\":\"https:\/\/secure.gravatar.com\/avatar\/e80b7f5231be2fff5040a8023da424898002831c5439420df182ae62676d2a6f?s=96&d=mm&r=g\",\"caption\":\"\\u00a0\"}}]}<\/script>\n<!-- \/ Yoast SEO plugin. -->","_links":{"self":[{"href":"https:\/\/abrelivros.org.br\/site\/wp-json\/wp\/v2\/posts\/2287","targetHints":{"allow":["GET"]}}],"collection":[{"href":"https:\/\/abrelivros.org.br\/site\/wp-json\/wp\/v2\/posts"}],"about":[{"href":"https:\/\/abrelivros.org.br\/site\/wp-json\/wp\/v2\/types\/post"}],"author":[{"embeddable":true,"href":"https:\/\/abrelivros.org.br\/site\/wp-json\/wp\/v2\/users\/1"}],"replies":[{"embeddable":true,"href":"https:\/\/abrelivros.org.br\/site\/wp-json\/wp\/v2\/comments?post=2287"}],"version-history":[{"count":0,"href":"https:\/\/abrelivros.org.br\/site\/wp-json\/wp\/v2\/posts\/2287\/revisions"}],"wp:attachment":[{"href":"https:\/\/abrelivros.org.br\/site\/wp-json\/wp\/v2\/media?parent=2287"}],"wp:term":[{"taxonomy":"category","embeddable":true,"href":"https:\/\/abrelivros.org.br\/site\/wp-json\/wp\/v2\/categories?post=2287"},{"taxonomy":"post_tag","embeddable":true,"href":"https:\/\/abrelivros.org.br\/site\/wp-json\/wp\/v2\/tags?post=2287"}],"curies":[{"name":"wp","href":"https:\/\/api.w.org\/{rel}","templated":true}]}}